{"id":15892,"date":"2026-09-01T07:30:00","date_gmt":"2026-09-01T10:30:00","guid":{"rendered":"https:\/\/maisoeste.com.br\/?p=15892"},"modified":"2026-09-01T08:35:18","modified_gmt":"2026-09-01T11:35:18","slug":"uniao-zito-e-cinthya-inaugura-comite-de-campanha-em-sao-desiderio","status":"publish","type":"post","link":"https:\/\/maisoeste.com.br\/?p=15892","title":{"rendered":"Uni\u00e3o Zito e Cinthya inaugura Comit\u00ea de Campanha em S\u00e3o Desid\u00e9rio"},"content":{"rendered":"\n<p class=\"wp-block-paragraph\">O candidato a deputado federal Zito Barbosa 4456 (Uni\u00e3o) esteve neste s\u00e1bado (29) em S\u00e3o Desid\u00e9rio, onde cumpriu uma intensa agenda pol\u00edtica ao lado de lideran\u00e7as regionais e refor\u00e7ou seu compromisso com o desenvolvimento do Oeste da Bahia. A programa\u00e7\u00e3o come\u00e7ou com uma caminhada pela feira livre e pelo com\u00e9rcio local e culminou com a inaugura\u00e7\u00e3o do Comit\u00ea de Campanha na cidade.<\/p>\n\n\n\n<p class=\"wp-block-paragraph\">Zito esteve acompanhado do coordenador pol\u00edtico do grupo Marab\u00e1, Jader Borges, que representou a candidata a deputada estadual Cinthya Marab\u00e1 22000 (PL); dos vereadores de S\u00e3o Desid\u00e9rio Z\u00e9 Barbosa e Borges; dos vereadores de Barreiras Valdimiro Jos\u00e9 e Dic\u00edola Baqueiro; do vice-prefeito de Barreiras, T\u00falio Viana; dos ex-prefeitos de S\u00e3o Desid\u00e9rio Demir Barbosa e Arnon Lessa; e do ex-deputado estadual Herbert Barbosa.<\/p>\n\n\n\n<p class=\"wp-block-paragraph\">Durante a inaugura\u00e7\u00e3o, Jader Borges destacou a import\u00e2ncia da transforma\u00e7\u00e3o administrativa promovida por Zito em S\u00e3o Desid\u00e9rio e sua influ\u00eancia no desenvolvimento regional. \u201cFoi aqui onde tudo come\u00e7ou, Zito. A transforma\u00e7\u00e3o que voc\u00ea realizou em S\u00e3o Desid\u00e9rio credenciou voc\u00ea a ir para Barreiras e transformar aquela cidade. Seu trabalho em S\u00e3o Desid\u00e9rio e Barreiras inspirou o Oeste e foi inspirado no seu trabalho que atualmente n\u00f3s seguimos transformando Lu\u00eds Eduardo Magalh\u00e3es\u201d, afirmou.<\/p>\n\n\n\n<p class=\"wp-block-paragraph\">Jader tamb\u00e9m conclamou a popula\u00e7\u00e3o do Oeste a escolher representantes comprometidos com a regi\u00e3o. \u201cEssa escolha tem nome: Cinthya Marab\u00e1 22000, deputada estadual, e Zito Barbosa 4456, deputado federal\u201d, pontuou.<\/p>\n\n\n\n<p class=\"wp-block-paragraph\">Emocionado, Zito Barbosa falou sobre sua rela\u00e7\u00e3o com S\u00e3o Desid\u00e9rio e relembrou o per\u00edodo em que esteve \u00e0 frente da administra\u00e7\u00e3o municipal. O candidato destacou o protagonismo atual do munic\u00edpio no agroneg\u00f3cio nacional, que recentemente assumiu a lideran\u00e7a brasileira na produ\u00e7\u00e3o de soja, com 2.092.944 toneladas produzidas, superando Sorriso (MT).<\/p>\n\n\n\n<p class=\"wp-block-paragraph\">\u201cN\u00e3o tem como n\u00e3o se emocionar neste palanque. S\u00e3o Desid\u00e9rio \u00e9 hoje uma pot\u00eancia do agroneg\u00f3cio nacional. E trago no meu cora\u00e7\u00e3o a felicidade de ter constru\u00eddo as bases dessa e de outras conquistas\u201d, afirmou Zito.<\/p>\n\n\n\n<p class=\"wp-block-paragraph\">Para o candidato, entretanto, as conquistas econ\u00f4micas representam apenas parte do legado constru\u00eddo no munic\u00edpio. Ele ressaltou como principal marca de sua gest\u00e3o o cuidado com as pessoas, tanto na sede quanto na zona rural, por meio de investimentos em estradas, habita\u00e7\u00e3o popular, eletrifica\u00e7\u00e3o, urbaniza\u00e7\u00e3o de povoados, sa\u00fade, educa\u00e7\u00e3o e assist\u00eancia social.<\/p>\n\n\n\n<p class=\"wp-block-paragraph\">Segundo Zito, \u00e9 essa experi\u00eancia administrativa que pretende levar para Bras\u00edlia, colocando seu mandato a servi\u00e7o do Oeste e atuando como uma voz forte em defesa das demandas da regi\u00e3o. Ele tamb\u00e9m destacou que a parceria com Cinthya Marab\u00e1 representa uma uni\u00e3o hist\u00f3rica entre Barreiras e Lu\u00eds Eduardo Magalh\u00e3es e poder\u00e1 servir de inspira\u00e7\u00e3o para o fortalecimento de todo o Oeste baiano.<\/p>\n\n\n\n<p class=\"wp-block-paragraph\">O novo comit\u00ea ser\u00e1 um ponto de encontro para a mobiliza\u00e7\u00e3o da campanha e para as pessoas que acreditam no desenvolvimento de S\u00e3o Desid\u00e9rio e do Oeste da Bahia, fortalecendo a caminhada de Zito Barbosa 4456 e Cinthya Marab\u00e1 22000.<\/p>\n\n\n\n<p class=\"wp-block-paragraph\"><strong><em>Assessoria Zito Barbosa<\/em><\/strong><\/p>\n","protected":false},"excerpt":{"rendered":"<p>O candidato a deputado federal Zito Barbosa 4456 (Uni\u00e3o) esteve neste s\u00e1bado (29) em S\u00e3o Desid\u00e9rio, onde cumpriu uma intensa agenda pol\u00edtica ao lado de lideran\u00e7as regionais e refor\u00e7ou seu compromisso com o desenvolvimento do Oeste da Bahia. A programa\u00e7\u00e3o come\u00e7ou com uma caminhada pela feira livre e pelo com\u00e9rcio local e culminou com a [&hellip;]<\/p>\n","protected":false},"author":1,"featured_media":15893,"comment_status":"open","ping_status":"closed","sticky":false,"template":"","format":"standard","meta":{"site-sidebar-layout":"default","site-content-layout":"","ast-site-content-layout":"default","site-content-style":"default","site-sidebar-style":"default","ast-global-header-display":"","ast-banner-title-visibility":"","ast-main-header-display":"","ast-hfb-above-header-display":"","ast-hfb-below-header-display":"","ast-hfb-mobile-header-display":"","site-post-title":"","ast-breadcrumbs-content":"","ast-featured-img":"","footer-sml-layout":"","theme-transparent-header-meta":"","adv-header-id-meta":"","stick-header-meta":"","header-above-stick-meta":"","header-main-stick-meta":"","header-below-stick-meta":"","astra-migrate-meta-layouts":"set","ast-page-background-enabled":"default","ast-page-background-meta":{"desktop":{"background-color":"var(--ast-global-color-4)","background-image":"","background-repeat":"repeat","background-position":"center center","background-size":"auto","background-attachment":"scroll","background-type":"","background-media":"","overlay-type":"","overlay-color":"","overlay-opacity":"","overlay-gradient":""},"tablet":{"background-color":"","background-image":"","background-repeat":"repeat","background-position":"center center","background-size":"auto","background-attachment":"scroll","background-type":"","background-media":"","overlay-type":"","overlay-color":"","overlay-opacity":"","overlay-gradient":""},"mobile":{"background-color":"","background-image":"","background-repeat":"repeat","background-position":"center center","background-size":"auto","background-attachment":"scroll","background-type":"","background-media":"","overlay-type":"","overlay-color":"","overlay-opacity":"","overlay-gradient":""}},"ast-content-background-meta":{"desktop":{"background-color":"var(--ast-global-color-5)","background-image":"","background-repeat":"repeat","background-position":"center center","background-size":"auto","background-attachment":"scroll","background-type":"","background-media":"","overlay-type":"","overlay-color":"","overlay-opacity":"","overlay-gradient":""},"tablet":{"background-color":"var(--ast-global-color-5)","background-image":"","background-repeat":"repeat","background-position":"center center","background-size":"auto","background-attachment":"scroll","background-type":"","background-media":"","overlay-type":"","overlay-color":"","overlay-opacity":"","overlay-gradient":""},"mobile":{"background-color":"var(--ast-global-color-5)","background-image":"","background-repeat":"repeat","background-position":"center center","background-size":"auto","background-attachment":"scroll","background-type":"","background-media":"","overlay-type":"","overlay-color":"","overlay-opacity":"","overlay-gradient":""}},"footnotes":""},"categories":[1],"tags":[],"class_list":["post-15892","post","type-post","status-publish","format-standard","has-post-thumbnail","hentry","category-sem-categoria"],"_links":{"self":[{"href":"https:\/\/maisoeste.com.br\/index.php?rest_route=\/wp\/v2\/posts\/15892","targetHints":{"allow":["GET"]}}],"collection":[{"href":"https:\/\/maisoeste.com.br\/index.php?rest_route=\/wp\/v2\/posts"}],"about":[{"href":"https:\/\/maisoeste.com.br\/index.php?rest_route=\/wp\/v2\/types\/post"}],"author":[{"embeddable":true,"href":"https:\/\/maisoeste.com.br\/index.php?rest_route=\/wp\/v2\/users\/1"}],"replies":[{"embeddable":true,"href":"https:\/\/maisoeste.com.br\/index.php?rest_route=%2Fwp%2Fv2%2Fcomments&post=15892"}],"version-history":[{"count":1,"href":"https:\/\/maisoeste.com.br\/index.php?rest_route=\/wp\/v2\/posts\/15892\/revisions"}],"predecessor-version":[{"id":15894,"href":"https:\/\/maisoeste.com.br\/index.php?rest_route=\/wp\/v2\/posts\/15892\/revisions\/15894"}],"wp:featuredmedia":[{"embeddable":true,"href":"https:\/\/maisoeste.com.br\/index.php?rest_route=\/wp\/v2\/media\/15893"}],"wp:attachment":[{"href":"https:\/\/maisoeste.com.br\/index.php?rest_route=%2Fwp%2Fv2%2Fmedia&parent=15892"}],"wp:term":[{"taxonomy":"category","embeddable":true,"href":"https:\/\/maisoeste.com.br\/index.php?rest_route=%2Fwp%2Fv2%2Fcategories&post=15892"},{"taxonomy":"post_tag","embeddable":true,"href":"https:\/\/maisoeste.com.br\/index.php?rest_route=%2Fwp%2Fv2%2Ftags&post=15892"}],"curies":[{"name":"wp","href":"https:\/\/api.w.org\/{rel}","templated":true}]}}