{"id":15908,"date":"2026-09-02T07:20:00","date_gmt":"2026-09-02T10:20:00","guid":{"rendered":"https:\/\/maisoeste.com.br\/?p=15908"},"modified":"2026-09-02T07:20:02","modified_gmt":"2026-09-02T10:20:02","slug":"semana-da-patria-e-aberta-em-barreiras-com-hasteamento-das-bandeiras-e-programacao-especial","status":"publish","type":"post","link":"https:\/\/maisoeste.com.br\/?p=15908","title":{"rendered":"Semana da P\u00e1tria \u00e9 aberta em Barreiras com hasteamento das bandeiras e programa\u00e7\u00e3o especial"},"content":{"rendered":"\n<p class=\"wp-block-paragraph\">Teve in\u00edcio nesta ter\u00e7a-feira (1\u00ba) a Semana P\u00e1tria em Barreiras, marcando a abertura das comemora\u00e7\u00f5es da Semana da P\u00e1tria no munic\u00edpio. A solenidade aconteceu na Pra\u00e7a Castro Alves e reuniu o secret\u00e1rio municipal de Educa\u00e7\u00e3o, Jeferson Barbosa, demais secret\u00e1rios municipais, autoridades civis e militares, estudantes, profissionais da educa\u00e7\u00e3o e a popula\u00e7\u00e3o.<\/p>\n\n\n\n<p class=\"wp-block-paragraph\">A cerim\u00f4nia foi marcada pelo tradicional hasteamento das bandeiras. O prefeito Otoniel Teixeira realizou o hasteamento da Bandeira de Barreiras; o tenente-coronel Warley Luiz da Silva, do 4\u00ba BEC, a Bandeira do Brasil; e o subcomandante do Comando de Policiamento da Regi\u00e3o Oeste (CPR-O), Jean F\u00e1bio Wartman hasteou a Bandeira da Bahia. O momento foi acompanhado pela execu\u00e7\u00e3o do Hino Nacional Brasileiro pela Banda Municipal 26 de Maio.<\/p>\n\n\n\n<p class=\"wp-block-paragraph\">Neste ano, a Semana C\u00edvica tem como tema \u201cP\u00e1tria: espa\u00e7o de diversidade, direitos e pertencimento\u201d, proposta que busca fortalecer entre os estudantes a compreens\u00e3o sobre cidadania, respeito \u00e0s diferen\u00e7as, direitos e o sentimento de pertencimento \u00e0 comunidade e ao pa\u00eds. Durante toda a semana, a Pra\u00e7a Castro Alves ser\u00e1 palco de apresenta\u00e7\u00f5es realizadas pelas escolas municipais e equipes da Secretaria Municipal de Educa\u00e7\u00e3o. Diariamente, haver\u00e1 solenidades de hasteamento das bandeiras, \u00e0s 8h, e arriamento, \u00e0s 16h, acompanhadas de apresenta\u00e7\u00f5es culturais e c\u00edvicas.<\/p>\n\n\n\n<p class=\"wp-block-paragraph\">Um dos momentos especiais da abertura foi a apresenta\u00e7\u00e3o das estudantes Helo\u00edsa Fernandes e Isabela dos Santos, do 4\u00ba ano da Escola Municipal Alcyvandro Ligouri da Luz, que interpretaram o Hino Nacional Brasileiro utilizando flautas, emocionando o p\u00fablico presente. Para o prefeito Otoniel Teixeira, a Semana da P\u00e1tria representa um per\u00edodo de valoriza\u00e7\u00e3o dos princ\u00edpios que devem ser trabalhados continuamente na forma\u00e7\u00e3o dos estudantes.<\/p>\n\n\n\n<p class=\"wp-block-paragraph\">\u201cA Semana da P\u00e1tria \u00e9 um momento de celebrar o nosso pa\u00eds, mas tamb\u00e9m de refletir sobre cidadania, respeito, diversidade, direitos e pertencimento. Esse \u00e9 um trabalho que nossas escolas desenvolvem ao longo de todo o ano e que ganha ainda mais visibilidade neste per\u00edodo. Toda essa prepara\u00e7\u00e3o culmina no dia 7 de setembro, quando teremos o nosso tradicional desfile c\u00edvico, reunindo estudantes, institui\u00e7\u00f5es, for\u00e7as de seguran\u00e7a e toda a comunidade em uma grande homenagem \u00e0 Independ\u00eancia do Brasil\u201d, destacou o prefeito.<\/p>\n\n\n\n<p class=\"wp-block-paragraph\"><strong>Desfiles nos bairros e programa\u00e7\u00e3o at\u00e9 7 de setembro<\/strong><\/p>\n\n\n\n<p class=\"wp-block-paragraph\">A programa\u00e7\u00e3o da Semana C\u00edvica tamb\u00e9m se estende para os bairros de Barreiras. At\u00e9 sexta-feira (4), ser\u00e3o realizados desfiles de bairros, com a participa\u00e7\u00e3o das escolas em suas pr\u00f3prias localidades, aproximando as atividades c\u00edvicas das comunidades e ampliando a participa\u00e7\u00e3o dos estudantes.<\/p>\n\n\n\n<p class=\"wp-block-paragraph\">O encerramento da programa\u00e7\u00e3o ser\u00e1 na segunda-feira (7), feriado da Independ\u00eancia do Brasil, com o tradicional Desfile C\u00edvico-Militar, que ter\u00e1 in\u00edcio \u00e0s 7h, na Avenida Dr. Cl\u00e9riston Andrade. Ao todo, mais de 1.400 alunos participar\u00e3o do desfile, representando 14 escolas, acompanhadas por suas respectivas fanfarras.<\/p>\n\n\n\n<p class=\"wp-block-paragraph\">A cerim\u00f4nia de abertura contar\u00e1 com a apresenta\u00e7\u00e3o da Banda Municipal 26 de Maio e a revista \u00e0 tropa. Na sequ\u00eancia, o p\u00fablico poder\u00e1 acompanhar o desfile de institui\u00e7\u00f5es e \u00f3rg\u00e3os, entre eles a Guarda Civil Municipal, Cootrans, Corpo de Bombeiros, Pol\u00edcia Militar, 4\u00ba BEC, Bombeiro Civil, SAMU, col\u00e9gios e outros segmentos da sociedade.<\/p>\n\n\n\n<p class=\"wp-block-paragraph\"><strong>Dircom<\/strong><\/p>\n","protected":false},"excerpt":{"rendered":"<p>Teve in\u00edcio nesta ter\u00e7a-feira (1\u00ba) a Semana P\u00e1tria em Barreiras, marcando a abertura das comemora\u00e7\u00f5es da Semana da P\u00e1tria no munic\u00edpio. A solenidade aconteceu na Pra\u00e7a Castro Alves e reuniu o secret\u00e1rio municipal de Educa\u00e7\u00e3o, Jeferson Barbosa, demais secret\u00e1rios municipais, autoridades civis e militares, estudantes, profissionais da educa\u00e7\u00e3o e a popula\u00e7\u00e3o. A cerim\u00f4nia foi marcada [&hellip;]<\/p>\n","protected":false},"author":1,"featured_media":15909,"comment_status":"open","ping_status":"closed","sticky":false,"template":"","format":"standard","meta":{"site-sidebar-layout":"default","site-content-layout":"","ast-site-content-layout":"default","site-content-style":"default","site-sidebar-style":"default","ast-global-header-display":"","ast-banner-title-visibility":"","ast-main-header-display":"","ast-hfb-above-header-display":"","ast-hfb-below-header-display":"","ast-hfb-mobile-header-display":"","site-post-title":"","ast-breadcrumbs-content":"","ast-featured-img":"","footer-sml-layout":"","theme-transparent-header-meta":"","adv-header-id-meta":"","stick-header-meta":"","header-above-stick-meta":"","header-main-stick-meta":"","header-below-stick-meta":"","astra-migrate-meta-layouts":"set","ast-page-background-enabled":"default","ast-page-background-meta":{"desktop":{"background-color":"var(--ast-global-color-4)","background-image":"","background-repeat":"repeat","background-position":"center center","background-size":"auto","background-attachment":"scroll","background-type":"","background-media":"","overlay-type":"","overlay-color":"","overlay-opacity":"","overlay-gradient":""},"tablet":{"background-color":"","background-image":"","background-repeat":"repeat","background-position":"center center","background-size":"auto","background-attachment":"scroll","background-type":"","background-media":"","overlay-type":"","overlay-color":"","overlay-opacity":"","overlay-gradient":""},"mobile":{"background-color":"","background-image":"","background-repeat":"repeat","background-position":"center center","background-size":"auto","background-attachment":"scroll","background-type":"","background-media":"","overlay-type":"","overlay-color":"","overlay-opacity":"","overlay-gradient":""}},"ast-content-background-meta":{"desktop":{"background-color":"var(--ast-global-color-5)","background-image":"","background-repeat":"repeat","background-position":"center center","background-size":"auto","background-attachment":"scroll","background-type":"","background-media":"","overlay-type":"","overlay-color":"","overlay-opacity":"","overlay-gradient":""},"tablet":{"background-color":"var(--ast-global-color-5)","background-image":"","background-repeat":"repeat","background-position":"center center","background-size":"auto","background-attachment":"scroll","background-type":"","background-media":"","overlay-type":"","overlay-color":"","overlay-opacity":"","overlay-gradient":""},"mobile":{"background-color":"var(--ast-global-color-5)","background-image":"","background-repeat":"repeat","background-position":"center center","background-size":"auto","background-attachment":"scroll","background-type":"","background-media":"","overlay-type":"","overlay-color":"","overlay-opacity":"","overlay-gradient":""}},"footnotes":""},"categories":[45],"tags":[],"class_list":["post-15908","post","type-post","status-publish","format-standard","has-post-thumbnail","hentry","category-esportes"],"_links":{"self":[{"href":"https:\/\/maisoeste.com.br\/index.php?rest_route=\/wp\/v2\/posts\/15908","targetHints":{"allow":["GET"]}}],"collection":[{"href":"https:\/\/maisoeste.com.br\/index.php?rest_route=\/wp\/v2\/posts"}],"about":[{"href":"https:\/\/maisoeste.com.br\/index.php?rest_route=\/wp\/v2\/types\/post"}],"author":[{"embeddable":true,"href":"https:\/\/maisoeste.com.br\/index.php?rest_route=\/wp\/v2\/users\/1"}],"replies":[{"embeddable":true,"href":"https:\/\/maisoeste.com.br\/index.php?rest_route=%2Fwp%2Fv2%2Fcomments&post=15908"}],"version-history":[{"count":1,"href":"https:\/\/maisoeste.com.br\/index.php?rest_route=\/wp\/v2\/posts\/15908\/revisions"}],"predecessor-version":[{"id":15910,"href":"https:\/\/maisoeste.com.br\/index.php?rest_route=\/wp\/v2\/posts\/15908\/revisions\/15910"}],"wp:featuredmedia":[{"embeddable":true,"href":"https:\/\/maisoeste.com.br\/index.php?rest_route=\/wp\/v2\/media\/15909"}],"wp:attachment":[{"href":"https:\/\/maisoeste.com.br\/index.php?rest_route=%2Fwp%2Fv2%2Fmedia&parent=15908"}],"wp:term":[{"taxonomy":"category","embeddable":true,"href":"https:\/\/maisoeste.com.br\/index.php?rest_route=%2Fwp%2Fv2%2Fcategories&post=15908"},{"taxonomy":"post_tag","embeddable":true,"href":"https:\/\/maisoeste.com.br\/index.php?rest_route=%2Fwp%2Fv2%2Ftags&post=15908"}],"curies":[{"name":"wp","href":"https:\/\/api.w.org\/{rel}","templated":true}]}}