{"id":15917,"date":"2026-09-02T07:42:24","date_gmt":"2026-09-02T10:42:24","guid":{"rendered":"https:\/\/maisoeste.com.br\/?p=15917"},"modified":"2026-09-02T07:42:25","modified_gmt":"2026-09-02T10:42:25","slug":"ana-vitoria-carvalho-de-itabuna-e-eleita-miss-bahia-2026","status":"publish","type":"post","link":"https:\/\/maisoeste.com.br\/?p=15917","title":{"rendered":"Ana Vit\u00f3ria Carvalho, de Itabuna, \u00e9 eleita Miss Bahia 2026"},"content":{"rendered":"\n<p class=\"wp-block-paragraph\">A modelo, estudante de Direito e ativista social\u00a0<strong>Ana Vit\u00f3ria Carvalho<\/strong>, de\u00a0Itabuna, no sul da Bahia, foi eleita<strong>\u00a0Miss Bahia 2026.\u00a0<\/strong>A final do concurso aconteceu no Teatro Cidade do Saber, em Cama\u00e7ari, na Regi\u00e3o Metropolitana de Salvador, na segunda-feira (31).<\/p>\n\n\n\n<p class=\"wp-block-paragraph\">Ana Vit\u00f3ria ganhou destaque na competi\u00e7\u00e3o tamb\u00e9m pela atua\u00e7\u00e3o em pautas sociais e pela defesa da representatividade da mulher negra.<\/p>\n\n\n\n<p class=\"wp-block-paragraph\">A modelo utiliza a visibilidade proporcionada pelos concursos de beleza para abordar quest\u00f5es relacionadas \u00e0 inclus\u00e3o e \u00e0 valoriza\u00e7\u00e3o da popula\u00e7\u00e3o negra.<\/p>\n\n\n\n<p class=\"wp-block-paragraph\">A aproxima\u00e7\u00e3o com o universo dos concursos come\u00e7ou com o incentivo de Elisandra Curvelo, da Cia de Eventos. Foi ela quem identificou em Ana Vit\u00f3ria caracter\u00edsticas que poderiam se destacar nas competi\u00e7\u00f5es, al\u00e9m do interesse da jovem por a\u00e7\u00f5es de car\u00e1ter social.<\/p>\n\n\n\n<p class=\"wp-block-paragraph\">Agora, com o t\u00edtulo estadual, Ana Vit\u00f3ria vai representar a Bahia no Miss Brasil. A competi\u00e7\u00e3o nacional est\u00e1 prevista para acontecer em janeiro de 2027, em Curitiba, no Paran\u00e1.<\/p>\n\n\n\n<p class=\"wp-block-paragraph\">Fonte\/\/G1<\/p>\n","protected":false},"excerpt":{"rendered":"<p>A modelo, estudante de Direito e ativista social\u00a0Ana Vit\u00f3ria Carvalho, de\u00a0Itabuna, no sul da Bahia, foi eleita\u00a0Miss Bahia 2026.\u00a0A final do concurso aconteceu no Teatro Cidade do Saber, em Cama\u00e7ari, na Regi\u00e3o Metropolitana de Salvador, na segunda-feira (31). Ana Vit\u00f3ria ganhou destaque na competi\u00e7\u00e3o tamb\u00e9m pela atua\u00e7\u00e3o em pautas sociais e pela defesa da representatividade [&hellip;]<\/p>\n","protected":false},"author":1,"featured_media":15918,"comment_status":"open","ping_status":"closed","sticky":false,"template":"","format":"standard","meta":{"site-sidebar-layout":"default","site-content-layout":"","ast-site-content-layout":"default","site-content-style":"default","site-sidebar-style":"default","ast-global-header-display":"","ast-banner-title-visibility":"","ast-main-header-display":"","ast-hfb-above-header-display":"","ast-hfb-below-header-display":"","ast-hfb-mobile-header-display":"","site-post-title":"","ast-breadcrumbs-content":"","ast-featured-img":"","footer-sml-layout":"","theme-transparent-header-meta":"","adv-header-id-meta":"","stick-header-meta":"","header-above-stick-meta":"","header-main-stick-meta":"","header-below-stick-meta":"","astra-migrate-meta-layouts":"set","ast-page-background-enabled":"default","ast-page-background-meta":{"desktop":{"background-color":"var(--ast-global-color-4)","background-image":"","background-repeat":"repeat","background-position":"center center","background-size":"auto","background-attachment":"scroll","background-type":"","background-media":"","overlay-type":"","overlay-color":"","overlay-opacity":"","overlay-gradient":""},"tablet":{"background-color":"","background-image":"","background-repeat":"repeat","background-position":"center center","background-size":"auto","background-attachment":"scroll","background-type":"","background-media":"","overlay-type":"","overlay-color":"","overlay-opacity":"","overlay-gradient":""},"mobile":{"background-color":"","background-image":"","background-repeat":"repeat","background-position":"center center","background-size":"auto","background-attachment":"scroll","background-type":"","background-media":"","overlay-type":"","overlay-color":"","overlay-opacity":"","overlay-gradient":""}},"ast-content-background-meta":{"desktop":{"background-color":"var(--ast-global-color-5)","background-image":"","background-repeat":"repeat","background-position":"center center","background-size":"auto","background-attachment":"scroll","background-type":"","background-media":"","overlay-type":"","overlay-color":"","overlay-opacity":"","overlay-gradient":""},"tablet":{"background-color":"var(--ast-global-color-5)","background-image":"","background-repeat":"repeat","background-position":"center center","background-size":"auto","background-attachment":"scroll","background-type":"","background-media":"","overlay-type":"","overlay-color":"","overlay-opacity":"","overlay-gradient":""},"mobile":{"background-color":"var(--ast-global-color-5)","background-image":"","background-repeat":"repeat","background-position":"center center","background-size":"auto","background-attachment":"scroll","background-type":"","background-media":"","overlay-type":"","overlay-color":"","overlay-opacity":"","overlay-gradient":""}},"footnotes":""},"categories":[85],"tags":[],"class_list":["post-15917","post","type-post","status-publish","format-standard","has-post-thumbnail","hentry","category-cultura"],"_links":{"self":[{"href":"https:\/\/maisoeste.com.br\/index.php?rest_route=\/wp\/v2\/posts\/15917","targetHints":{"allow":["GET"]}}],"collection":[{"href":"https:\/\/maisoeste.com.br\/index.php?rest_route=\/wp\/v2\/posts"}],"about":[{"href":"https:\/\/maisoeste.com.br\/index.php?rest_route=\/wp\/v2\/types\/post"}],"author":[{"embeddable":true,"href":"https:\/\/maisoeste.com.br\/index.php?rest_route=\/wp\/v2\/users\/1"}],"replies":[{"embeddable":true,"href":"https:\/\/maisoeste.com.br\/index.php?rest_route=%2Fwp%2Fv2%2Fcomments&post=15917"}],"version-history":[{"count":1,"href":"https:\/\/maisoeste.com.br\/index.php?rest_route=\/wp\/v2\/posts\/15917\/revisions"}],"predecessor-version":[{"id":15919,"href":"https:\/\/maisoeste.com.br\/index.php?rest_route=\/wp\/v2\/posts\/15917\/revisions\/15919"}],"wp:featuredmedia":[{"embeddable":true,"href":"https:\/\/maisoeste.com.br\/index.php?rest_route=\/wp\/v2\/media\/15918"}],"wp:attachment":[{"href":"https:\/\/maisoeste.com.br\/index.php?rest_route=%2Fwp%2Fv2%2Fmedia&parent=15917"}],"wp:term":[{"taxonomy":"category","embeddable":true,"href":"https:\/\/maisoeste.com.br\/index.php?rest_route=%2Fwp%2Fv2%2Fcategories&post=15917"},{"taxonomy":"post_tag","embeddable":true,"href":"https:\/\/maisoeste.com.br\/index.php?rest_route=%2Fwp%2Fv2%2Ftags&post=15917"}],"curies":[{"name":"wp","href":"https:\/\/api.w.org\/{rel}","templated":true}]}}