{"id":15923,"date":"2026-09-02T07:53:38","date_gmt":"2026-09-02T10:53:38","guid":{"rendered":"https:\/\/maisoeste.com.br\/?p=15923"},"modified":"2026-09-02T10:28:41","modified_gmt":"2026-09-02T13:28:41","slug":"acm-neto-defende-industrializacao-e-melhorias-na-infraestrutura-do-oeste-da-bahia","status":"publish","type":"post","link":"https:\/\/maisoeste.com.br\/?p=15923","title":{"rendered":"ACM Neto defende industrializa\u00e7\u00e3o e melhorias na infraestrutura do Oeste da Bahia"},"content":{"rendered":"\n<p class=\"wp-block-paragraph\">A Alian\u00e7a do Agro do Oeste da Bahia promoveu, nesta ter\u00e7a-feira, 1\u00ba de setembro, na sede COOPERFARM em Lu\u00eds Eduardo Magalh\u00e3es, uma edi\u00e7\u00e3o do Di\u00e1logos pelo Oeste, a fim de apresentar ao candidato ao Governo da Bahia, ACM Neto (UB), as principais demandas e prioridades da regi\u00e3o.<\/p>\n\n\n\n<p class=\"wp-block-paragraph\">ACM Neto teve a oportunidade de conhecer a agenda constru\u00edda pelas entidades do setor produtivo e apresentar suas propostas para o Oeste da Bahia. \u201cN\u00f3s temos no Oeste da Bahia uma das maiores fronteiras agr\u00edcolas do Brasil e precisa ser mais estimulada como parte do governo e n\u00e3o tenho d\u00favidas que isso ir\u00e1 estimular mais empregos e mais renda para a regi\u00e3o\u201d, disse ACM Neto.<\/p>\n\n\n\n<p class=\"wp-block-paragraph\">Ao final do encontro foi entregue a Neto o documento Desenvolvendo o Futuro do Oeste \u2013 Desafios Estruturantes para a Competitividade Regional (2027\u20132030 ), que consolida as principais demandas e propostas do setor para o pr\u00f3ximo ciclo de governo, com foco no crescimento econ\u00f4mico e na amplia\u00e7\u00e3o da competitividade da regi\u00e3o Oeste da Bahia.<\/p>\n\n\n\n<p class=\"wp-block-paragraph\">\u201cO crescimento vem com a infraestrutura, com a melhoria das estradas e amplia\u00e7\u00e3o da rede de energia da regi\u00e3o. E acima de tudo pensar no processo de industrializa\u00e7\u00e3o do Oeste e n\u00e3o ficar apenas na produ\u00e7\u00e3o prim\u00e1ria, que \u00e9 muito importante, mas tamb\u00e9m trazer para c\u00e1 a agroind\u00fastria\u201d, concluiu o candidato ao governo da Bahia, ACM Neto.<\/p>\n\n\n\n<p class=\"wp-block-paragraph\">A Alian\u00e7a do Agro do Oeste da Bahia \u00e9 formada por entidades ligadas \u00e0 agricultura, pecu\u00e1ria, cooperativismo, m\u00e1quinas e implementos, pesquisa e agroind\u00fastria, a articula\u00e7\u00e3o \u00e9 formada para construir uma agenda comum diante de desafios como infraestrutura e log\u00edstica, energia, seguran\u00e7a jur\u00eddica, recursos h\u00eddricos, pesquisa, cr\u00e9dito, inova\u00e7\u00e3o e industrializa\u00e7\u00e3o.<\/p>\n\n\n\n<p class=\"wp-block-paragraph\"><strong>Participam da Alian\u00e7a do Agro<\/strong><\/p>\n\n\n\n<p class=\"wp-block-paragraph\">Associa\u00e7\u00e3o Baiana de Pecu\u00e1ria (Acrioeste); Associa\u00e7\u00e3o Baiana dos Produtores de Algod\u00e3o (Abapa); Associa\u00e7\u00e3o dos Produtores de Sementes dos Estados do Matopiba (Aprosem); Associa\u00e7\u00e3o Brasileira dos Produtores de Soja \u2013 Regional Bahia (Aprosoja-BA); Associa\u00e7\u00e3o de Agricultores e Irrigantes da Bahia (Aiba); Associa\u00e7\u00e3o dos Produtores Rurais da Chapada do Rio Pratud\u00e3o (Aprup); Associa\u00e7\u00e3o dos Revendedores e Representantes de M\u00e1quinas, Equipamentos e Implementos Agr\u00edcolas do Oeste da Bahia (Assomiba); Cooperativa Agropecu\u00e1ria do Oeste da Bahia (Cooproeste); Cooperativa de Produtores Rurais (Cooperfarms); Federa\u00e7\u00e3o da Agricultura e Pecu\u00e1ria do Estado da Bahia (Faeb); Funda\u00e7\u00e3o Bahia (Funda\u00e7\u00e3o BA); Sindicato dos Produtores Rurais de Barreiras (SPRB) e o Sindicato dos Produtores Rurais de Lu\u00eds Eduardo Magalh\u00e3es (SPRLEM).<\/p>\n","protected":false},"excerpt":{"rendered":"<p>A Alian\u00e7a do Agro do Oeste da Bahia promoveu, nesta ter\u00e7a-feira, 1\u00ba de setembro, na sede COOPERFARM em Lu\u00eds Eduardo Magalh\u00e3es, uma edi\u00e7\u00e3o do Di\u00e1logos pelo Oeste, a fim de apresentar ao candidato ao Governo da Bahia, ACM Neto (UB), as principais demandas e prioridades da regi\u00e3o. ACM Neto teve a oportunidade de conhecer a [&hellip;]<\/p>\n","protected":false},"author":1,"featured_media":15939,"comment_status":"open","ping_status":"closed","sticky":false,"template":"","format":"standard","meta":{"site-sidebar-layout":"default","site-content-layout":"","ast-site-content-layout":"default","site-content-style":"default","site-sidebar-style":"default","ast-global-header-display":"","ast-banner-title-visibility":"","ast-main-header-display":"","ast-hfb-above-header-display":"","ast-hfb-below-header-display":"","ast-hfb-mobile-header-display":"","site-post-title":"","ast-breadcrumbs-content":"","ast-featured-img":"","footer-sml-layout":"","theme-transparent-header-meta":"","adv-header-id-meta":"","stick-header-meta":"","header-above-stick-meta":"","header-main-stick-meta":"","header-below-stick-meta":"","astra-migrate-meta-layouts":"set","ast-page-background-enabled":"default","ast-page-background-meta":{"desktop":{"background-color":"var(--ast-global-color-4)","background-image":"","background-repeat":"repeat","background-position":"center center","background-size":"auto","background-attachment":"scroll","background-type":"","background-media":"","overlay-type":"","overlay-color":"","overlay-opacity":"","overlay-gradient":""},"tablet":{"background-color":"","background-image":"","background-repeat":"repeat","background-position":"center center","background-size":"auto","background-attachment":"scroll","background-type":"","background-media":"","overlay-type":"","overlay-color":"","overlay-opacity":"","overlay-gradient":""},"mobile":{"background-color":"","background-image":"","background-repeat":"repeat","background-position":"center center","background-size":"auto","background-attachment":"scroll","background-type":"","background-media":"","overlay-type":"","overlay-color":"","overlay-opacity":"","overlay-gradient":""}},"ast-content-background-meta":{"desktop":{"background-color":"var(--ast-global-color-5)","background-image":"","background-repeat":"repeat","background-position":"center center","background-size":"auto","background-attachment":"scroll","background-type":"","background-media":"","overlay-type":"","overlay-color":"","overlay-opacity":"","overlay-gradient":""},"tablet":{"background-color":"var(--ast-global-color-5)","background-image":"","background-repeat":"repeat","background-position":"center center","background-size":"auto","background-attachment":"scroll","background-type":"","background-media":"","overlay-type":"","overlay-color":"","overlay-opacity":"","overlay-gradient":""},"mobile":{"background-color":"var(--ast-global-color-5)","background-image":"","background-repeat":"repeat","background-position":"center center","background-size":"auto","background-attachment":"scroll","background-type":"","background-media":"","overlay-type":"","overlay-color":"","overlay-opacity":"","overlay-gradient":""}},"footnotes":""},"categories":[84],"tags":[],"class_list":["post-15923","post","type-post","status-publish","format-standard","has-post-thumbnail","hentry","category-politica"],"_links":{"self":[{"href":"https:\/\/maisoeste.com.br\/index.php?rest_route=\/wp\/v2\/posts\/15923","targetHints":{"allow":["GET"]}}],"collection":[{"href":"https:\/\/maisoeste.com.br\/index.php?rest_route=\/wp\/v2\/posts"}],"about":[{"href":"https:\/\/maisoeste.com.br\/index.php?rest_route=\/wp\/v2\/types\/post"}],"author":[{"embeddable":true,"href":"https:\/\/maisoeste.com.br\/index.php?rest_route=\/wp\/v2\/users\/1"}],"replies":[{"embeddable":true,"href":"https:\/\/maisoeste.com.br\/index.php?rest_route=%2Fwp%2Fv2%2Fcomments&post=15923"}],"version-history":[{"count":2,"href":"https:\/\/maisoeste.com.br\/index.php?rest_route=\/wp\/v2\/posts\/15923\/revisions"}],"predecessor-version":[{"id":15938,"href":"https:\/\/maisoeste.com.br\/index.php?rest_route=\/wp\/v2\/posts\/15923\/revisions\/15938"}],"wp:featuredmedia":[{"embeddable":true,"href":"https:\/\/maisoeste.com.br\/index.php?rest_route=\/wp\/v2\/media\/15939"}],"wp:attachment":[{"href":"https:\/\/maisoeste.com.br\/index.php?rest_route=%2Fwp%2Fv2%2Fmedia&parent=15923"}],"wp:term":[{"taxonomy":"category","embeddable":true,"href":"https:\/\/maisoeste.com.br\/index.php?rest_route=%2Fwp%2Fv2%2Fcategories&post=15923"},{"taxonomy":"post_tag","embeddable":true,"href":"https:\/\/maisoeste.com.br\/index.php?rest_route=%2Fwp%2Fv2%2Ftags&post=15923"}],"curies":[{"name":"wp","href":"https:\/\/api.w.org\/{rel}","templated":true}]}}