{"id":15926,"date":"2026-09-02T07:30:00","date_gmt":"2026-09-02T10:30:00","guid":{"rendered":"https:\/\/maisoeste.com.br\/?p=15926"},"modified":"2026-09-02T08:19:39","modified_gmt":"2026-09-02T11:19:39","slug":"jeronimo-rodrigues-defende-ampliacao-de-barragens-para-enfrentar-periodos-de-seca","status":"publish","type":"post","link":"https:\/\/maisoeste.com.br\/?p=15926","title":{"rendered":"Jer\u00f4nimo Rodrigues defende amplia\u00e7\u00e3o de barragens para enfrentar per\u00edodos de seca"},"content":{"rendered":"\n<p class=\"wp-block-paragraph\">O candidato \u00e0 reelei\u00e7\u00e3o ao governo da Bahia,\u00a0Jer\u00f4nimo Rodrigues\u00a0(PT), defendeu nesta ter\u00e7a-feira (1\u00ba ) a amplia\u00e7\u00e3o da capacidade de armazenamento de \u00e1gua no estado durante encontro na sede da Uni\u00e3o dos Munic\u00edpios da Bahia (UPB), em\u00a0Salvador.<\/p>\n\n\n\n<p class=\"wp-block-paragraph\">Segundo o petista, a proposta faz parte de seu programa de governo e prev\u00ea investimentos em diferentes formas de reserva\u00e7\u00e3o de \u00e1gua. &#8220;Eu escrevi no meu programa de governo a amplia\u00e7\u00e3o da capacidade de reservamento de \u00e1gua. Ent\u00e3o, reservar \u00e1gua com mais barragens, com mais barraginhas, com tanques e com barreiro, \u00e9 importante para que, no per\u00edodo de falta de chuva ou seca, a gente possa ter \u00e1gua para os animais&#8221;, afirmou em entrevista \u00e0 TV Bahia.<\/p>\n\n\n\n<p class=\"wp-block-paragraph\">Ap\u00f3s a agenda na UPB, Jer\u00f4nimo participou de reuni\u00f5es com institui\u00e7\u00f5es. \u00c0 tarde, gravou programas para o hor\u00e1rio eleitoral e, \u00e0 noite, concedeu entrevista a um programa de televis\u00e3o.<\/p>\n\n\n\n<p class=\"wp-block-paragraph\">Fonte\/\/g1<\/p>\n","protected":false},"excerpt":{"rendered":"<p>O candidato \u00e0 reelei\u00e7\u00e3o ao governo da Bahia,\u00a0Jer\u00f4nimo Rodrigues\u00a0(PT), defendeu nesta ter\u00e7a-feira (1\u00ba ) a amplia\u00e7\u00e3o da capacidade de armazenamento de \u00e1gua no estado durante encontro na sede da Uni\u00e3o dos Munic\u00edpios da Bahia (UPB), em\u00a0Salvador. Segundo o petista, a proposta faz parte de seu programa de governo e prev\u00ea investimentos em diferentes formas de [&hellip;]<\/p>\n","protected":false},"author":1,"featured_media":0,"comment_status":"open","ping_status":"closed","sticky":false,"template":"","format":"standard","meta":{"site-sidebar-layout":"default","site-content-layout":"","ast-site-content-layout":"default","site-content-style":"default","site-sidebar-style":"default","ast-global-header-display":"","ast-banner-title-visibility":"","ast-main-header-display":"","ast-hfb-above-header-display":"","ast-hfb-below-header-display":"","ast-hfb-mobile-header-display":"","site-post-title":"","ast-breadcrumbs-content":"","ast-featured-img":"","footer-sml-layout":"","theme-transparent-header-meta":"","adv-header-id-meta":"","stick-header-meta":"","header-above-stick-meta":"","header-main-stick-meta":"","header-below-stick-meta":"","astra-migrate-meta-layouts":"set","ast-page-background-enabled":"default","ast-page-background-meta":{"desktop":{"background-color":"var(--ast-global-color-4)","background-image":"","background-repeat":"repeat","background-position":"center center","background-size":"auto","background-attachment":"scroll","background-type":"","background-media":"","overlay-type":"","overlay-color":"","overlay-opacity":"","overlay-gradient":""},"tablet":{"background-color":"","background-image":"","background-repeat":"repeat","background-position":"center center","background-size":"auto","background-attachment":"scroll","background-type":"","background-media":"","overlay-type":"","overlay-color":"","overlay-opacity":"","overlay-gradient":""},"mobile":{"background-color":"","background-image":"","background-repeat":"repeat","background-position":"center center","background-size":"auto","background-attachment":"scroll","background-type":"","background-media":"","overlay-type":"","overlay-color":"","overlay-opacity":"","overlay-gradient":""}},"ast-content-background-meta":{"desktop":{"background-color":"var(--ast-global-color-5)","background-image":"","background-repeat":"repeat","background-position":"center center","background-size":"auto","background-attachment":"scroll","background-type":"","background-media":"","overlay-type":"","overlay-color":"","overlay-opacity":"","overlay-gradient":""},"tablet":{"background-color":"var(--ast-global-color-5)","background-image":"","background-repeat":"repeat","background-position":"center center","background-size":"auto","background-attachment":"scroll","background-type":"","background-media":"","overlay-type":"","overlay-color":"","overlay-opacity":"","overlay-gradient":""},"mobile":{"background-color":"var(--ast-global-color-5)","background-image":"","background-repeat":"repeat","background-position":"center center","background-size":"auto","background-attachment":"scroll","background-type":"","background-media":"","overlay-type":"","overlay-color":"","overlay-opacity":"","overlay-gradient":""}},"footnotes":""},"categories":[84],"tags":[],"class_list":["post-15926","post","type-post","status-publish","format-standard","hentry","category-politica"],"_links":{"self":[{"href":"https:\/\/maisoeste.com.br\/index.php?rest_route=\/wp\/v2\/posts\/15926","targetHints":{"allow":["GET"]}}],"collection":[{"href":"https:\/\/maisoeste.com.br\/index.php?rest_route=\/wp\/v2\/posts"}],"about":[{"href":"https:\/\/maisoeste.com.br\/index.php?rest_route=\/wp\/v2\/types\/post"}],"author":[{"embeddable":true,"href":"https:\/\/maisoeste.com.br\/index.php?rest_route=\/wp\/v2\/users\/1"}],"replies":[{"embeddable":true,"href":"https:\/\/maisoeste.com.br\/index.php?rest_route=%2Fwp%2Fv2%2Fcomments&post=15926"}],"version-history":[{"count":1,"href":"https:\/\/maisoeste.com.br\/index.php?rest_route=\/wp\/v2\/posts\/15926\/revisions"}],"predecessor-version":[{"id":15927,"href":"https:\/\/maisoeste.com.br\/index.php?rest_route=\/wp\/v2\/posts\/15926\/revisions\/15927"}],"wp:attachment":[{"href":"https:\/\/maisoeste.com.br\/index.php?rest_route=%2Fwp%2Fv2%2Fmedia&parent=15926"}],"wp:term":[{"taxonomy":"category","embeddable":true,"href":"https:\/\/maisoeste.com.br\/index.php?rest_route=%2Fwp%2Fv2%2Fcategories&post=15926"},{"taxonomy":"post_tag","embeddable":true,"href":"https:\/\/maisoeste.com.br\/index.php?rest_route=%2Fwp%2Fv2%2Ftags&post=15926"}],"curies":[{"name":"wp","href":"https:\/\/api.w.org\/{rel}","templated":true}]}}