{"id":15928,"date":"2026-09-02T08:24:35","date_gmt":"2026-09-02T11:24:35","guid":{"rendered":"https:\/\/maisoeste.com.br\/?p=15928"},"modified":"2026-09-02T08:24:36","modified_gmt":"2026-09-02T11:24:36","slug":"oeste-corpo-de-advogado-encontrado-morto-nao-tinha-marcas-de-tiros-facadas-ou-fraturas","status":"publish","type":"post","link":"https:\/\/maisoeste.com.br\/?p=15928","title":{"rendered":"Oeste: Corpo de advogado encontrado morto n\u00e3o tinha marcas de tiros, facadas ou fraturas"},"content":{"rendered":"\n<p class=\"wp-block-paragraph\">Nesta ter\u00e7a-feira (01), a Pol\u00edcia Civil divulgou informa\u00e7\u00f5es sobre o caso do advogado encontrado morto em Xique-Xique, no oeste da Bahia. De acordo com as informa\u00e7\u00f5es, o corpo de\u00a0<strong>Gabriel da Silva Alves<\/strong> n\u00e3o tinha marcas de pancadas, fraturas ou vest\u00edgios de ferimentos causados por arma de fogo ou arma branca. <\/p>\n\n\n\n<p class=\"wp-block-paragraph\">O advogado\u00a0desapareceu\u00a0em 22 de agosto, ap\u00f3s sair de uma\u00a0confraterniza\u00e7\u00e3o de amigos. O corpo foi encontrado cerca e uma semana depois, em uma \u00e1rea de vegeta\u00e7\u00e3o da cidade.<\/p>\n\n\n\n<p class=\"wp-block-paragraph\">O delegado respons\u00e1vel pelo caso, Diego Delmondes, informou que ainda n\u00e3o \u00e9 poss\u00edvel informar o que causou a morte do advogado e por isso exames complementares foram solicitados ao Departamento de Pol\u00edcia T\u00e9cnica (DPT).<\/p>\n\n\n\n<p class=\"wp-block-paragraph\">Na segunda-feira (31),\u00a0duas pessoas foram presas suspeitas de participa\u00e7\u00e3o na morte do advogado.\u00a0A pol\u00edcia n\u00e3o deu detalhes sobre as pris\u00f5es e informou que detalhes n\u00e3o ser\u00e3o revelados para n\u00e3o atrapalhar as investiga\u00e7\u00f5es.<\/p>\n","protected":false},"excerpt":{"rendered":"<p>Nesta ter\u00e7a-feira (01), a Pol\u00edcia Civil divulgou informa\u00e7\u00f5es sobre o caso do advogado encontrado morto em Xique-Xique, no oeste da Bahia. De acordo com as informa\u00e7\u00f5es, o corpo de\u00a0Gabriel da Silva Alves n\u00e3o tinha marcas de pancadas, fraturas ou vest\u00edgios de ferimentos causados por arma de fogo ou arma branca. O advogado\u00a0desapareceu\u00a0em 22 de agosto, [&hellip;]<\/p>\n","protected":false},"author":1,"featured_media":15782,"comment_status":"open","ping_status":"closed","sticky":false,"template":"","format":"standard","meta":{"site-sidebar-layout":"default","site-content-layout":"","ast-site-content-layout":"default","site-content-style":"default","site-sidebar-style":"default","ast-global-header-display":"","ast-banner-title-visibility":"","ast-main-header-display":"","ast-hfb-above-header-display":"","ast-hfb-below-header-display":"","ast-hfb-mobile-header-display":"","site-post-title":"","ast-breadcrumbs-content":"","ast-featured-img":"","footer-sml-layout":"","theme-transparent-header-meta":"","adv-header-id-meta":"","stick-header-meta":"","header-above-stick-meta":"","header-main-stick-meta":"","header-below-stick-meta":"","astra-migrate-meta-layouts":"set","ast-page-background-enabled":"default","ast-page-background-meta":{"desktop":{"background-color":"var(--ast-global-color-4)","background-image":"","background-repeat":"repeat","background-position":"center center","background-size":"auto","background-attachment":"scroll","background-type":"","background-media":"","overlay-type":"","overlay-color":"","overlay-opacity":"","overlay-gradient":""},"tablet":{"background-color":"","background-image":"","background-repeat":"repeat","background-position":"center center","background-size":"auto","background-attachment":"scroll","background-type":"","background-media":"","overlay-type":"","overlay-color":"","overlay-opacity":"","overlay-gradient":""},"mobile":{"background-color":"","background-image":"","background-repeat":"repeat","background-position":"center center","background-size":"auto","background-attachment":"scroll","background-type":"","background-media":"","overlay-type":"","overlay-color":"","overlay-opacity":"","overlay-gradient":""}},"ast-content-background-meta":{"desktop":{"background-color":"var(--ast-global-color-5)","background-image":"","background-repeat":"repeat","background-position":"center center","background-size":"auto","background-attachment":"scroll","background-type":"","background-media":"","overlay-type":"","overlay-color":"","overlay-opacity":"","overlay-gradient":""},"tablet":{"background-color":"var(--ast-global-color-5)","background-image":"","background-repeat":"repeat","background-position":"center center","background-size":"auto","background-attachment":"scroll","background-type":"","background-media":"","overlay-type":"","overlay-color":"","overlay-opacity":"","overlay-gradient":""},"mobile":{"background-color":"var(--ast-global-color-5)","background-image":"","background-repeat":"repeat","background-position":"center center","background-size":"auto","background-attachment":"scroll","background-type":"","background-media":"","overlay-type":"","overlay-color":"","overlay-opacity":"","overlay-gradient":""}},"footnotes":""},"categories":[17],"tags":[],"class_list":["post-15928","post","type-post","status-publish","format-standard","has-post-thumbnail","hentry","category-mundo"],"_links":{"self":[{"href":"https:\/\/maisoeste.com.br\/index.php?rest_route=\/wp\/v2\/posts\/15928","targetHints":{"allow":["GET"]}}],"collection":[{"href":"https:\/\/maisoeste.com.br\/index.php?rest_route=\/wp\/v2\/posts"}],"about":[{"href":"https:\/\/maisoeste.com.br\/index.php?rest_route=\/wp\/v2\/types\/post"}],"author":[{"embeddable":true,"href":"https:\/\/maisoeste.com.br\/index.php?rest_route=\/wp\/v2\/users\/1"}],"replies":[{"embeddable":true,"href":"https:\/\/maisoeste.com.br\/index.php?rest_route=%2Fwp%2Fv2%2Fcomments&post=15928"}],"version-history":[{"count":1,"href":"https:\/\/maisoeste.com.br\/index.php?rest_route=\/wp\/v2\/posts\/15928\/revisions"}],"predecessor-version":[{"id":15929,"href":"https:\/\/maisoeste.com.br\/index.php?rest_route=\/wp\/v2\/posts\/15928\/revisions\/15929"}],"wp:featuredmedia":[{"embeddable":true,"href":"https:\/\/maisoeste.com.br\/index.php?rest_route=\/wp\/v2\/media\/15782"}],"wp:attachment":[{"href":"https:\/\/maisoeste.com.br\/index.php?rest_route=%2Fwp%2Fv2%2Fmedia&parent=15928"}],"wp:term":[{"taxonomy":"category","embeddable":true,"href":"https:\/\/maisoeste.com.br\/index.php?rest_route=%2Fwp%2Fv2%2Fcategories&post=15928"},{"taxonomy":"post_tag","embeddable":true,"href":"https:\/\/maisoeste.com.br\/index.php?rest_route=%2Fwp%2Fv2%2Ftags&post=15928"}],"curies":[{"name":"wp","href":"https:\/\/api.w.org\/{rel}","templated":true}]}}