{"id":15930,"date":"2026-09-02T07:00:00","date_gmt":"2026-09-02T10:00:00","guid":{"rendered":"https:\/\/maisoeste.com.br\/?p=15930"},"modified":"2026-09-02T08:26:13","modified_gmt":"2026-09-02T11:26:13","slug":"prefeito-ze-raul-inaugura-comite-de-toinho-com-grande-mobilizacao-em-santana","status":"publish","type":"post","link":"https:\/\/maisoeste.com.br\/?p=15930","title":{"rendered":"Prefeito Z\u00e9 Raul inaugura comit\u00ea de Toinho com grande mobiliza\u00e7\u00e3o em Santana"},"content":{"rendered":"\n<p class=\"wp-block-paragraph\">O prefeito de Santana, <strong>Z\u00e9 Raul<\/strong>, inaugurou o comit\u00ea de campanha em apoio \u00e0 reelei\u00e7\u00e3o do deputado estadual <strong>Antonio Henrique Jr. (Toinho)<\/strong>, do PV. O ato reuniu apoiadores e moradores do munic\u00edpio e marcou mais uma etapa da mobiliza\u00e7\u00e3o pol\u00edtica liderada pelo prefeito em torno da candidatura do parlamentar.<\/p>\n\n\n\n<p class=\"wp-block-paragraph\"><strong>Z\u00e9 Raul destaca apoio a Toinho em Santana<\/strong><\/p>\n\n\n\n<p class=\"wp-block-paragraph\">Durante a inaugura\u00e7\u00e3o, Z\u00e9 Raul destacou a presen\u00e7a da popula\u00e7\u00e3o e afirmou que o encontro representou mais do que a abertura de um espa\u00e7o f\u00edsico para a campanha. Em sua manifesta\u00e7\u00e3o, o prefeito ressaltou a rela\u00e7\u00e3o constru\u00edda com os moradores e a parceria pol\u00edtica mantida com Toinho.<\/p>\n\n\n\n<p class=\"wp-block-paragraph\"><em>\u201cQue noite especial, Santana! Ver tanta gente chegando, nos abra\u00e7ando e demonstrando confian\u00e7a nessa caminhada enche o nosso cora\u00e7\u00e3o de alegria e, principalmente, de gratid\u00e3o. Esse comit\u00ea nasce de portas abertas, como sempre fizemos: perto das pessoas, ouvindo cada palavra e recebendo cada gesto de carinho. Aqui tem amizade, confian\u00e7a e gente que acredita que podemos continuar fazendo muito mais por Santana\u201d<\/em>, afirmou Z\u00e9 Raul.<\/p>\n\n\n\n<p class=\"wp-block-paragraph\">O prefeito tamb\u00e9m refor\u00e7ou seu apoio \u00e0 reelei\u00e7\u00e3o do deputado e relacionou a escolha \u00e0 parceria mantida com o munic\u00edpio.<\/p>\n\n\n\n<p class=\"wp-block-paragraph\"><em>\u201cTenho muito orgulho de caminhar ao lado de Toinho, um deputado que conhece Santana, que nos recebe, nos escuta e trabalha pelas demandas da nossa gente. Pol\u00edtica se faz com presen\u00e7a, compromisso e resultado. Por isso, vamos colocar o cora\u00e7\u00e3o nessa caminhada, conversar com cada fam\u00edlia e mostrar por que acreditamos nessa parceria. Toinho pode contar comigo e com o nosso grupo. Vamos juntos at\u00e9 as urnas\u201d<\/em>, declarou.<\/p>\n\n\n\n<p class=\"wp-block-paragraph\"><strong>Toinho cita investimentos durante ato com Z\u00e9 Raul<\/strong><\/p>\n\n\n\n<p class=\"wp-block-paragraph\">Recebido pelos apoiadores durante o evento, Toinho agradeceu a mobiliza\u00e7\u00e3o comandada por Z\u00e9 Raul e falou sobre sua atua\u00e7\u00e3o parlamentar no Oeste da Bahia. Segundo o deputado, indica\u00e7\u00f5es e emendas relacionadas ao seu trabalho j\u00e1 viabilizaram mais de <strong>R$ 500 milh\u00f5es em obras e investimentos na regi\u00e3o<\/strong>.<\/p>\n\n\n\n<p class=\"wp-block-paragraph\"><em>\u201cEu chego a Santana e encontro esse carinho, esses abra\u00e7os e tanta gente acreditando no nosso trabalho. Isso emociona, mas tamb\u00e9m aumenta a nossa responsabilidade. Cada voto que recebemos precisa voltar para a popula\u00e7\u00e3o em trabalho, obras e oportunidades. J\u00e1 conseguimos trazer mais de R$ 500 milh\u00f5es em investimentos importantes para o Oeste da Bahia, e quero continuar fazendo ainda mais. \u00c9 assim que eu acredito na pol\u00edtica: olhando nos olhos das pessoas, honrando a confian\u00e7a recebida e transformando o voto em trabalho\u201d<\/em>, declarou Toinho.<\/p>\n\n\n\n<p class=\"wp-block-paragraph\">A inaugura\u00e7\u00e3o do comit\u00ea passa a servir como ponto de apoio \u00e0s atividades da campanha de Toinho em Santana. Candidato \u00e0 reelei\u00e7\u00e3o pelo PV, o deputado busca renovar o mandato tendo o Oeste da Bahia como uma das principais regi\u00f5es de sua atua\u00e7\u00e3o pol\u00edtica.<\/p>\n\n\n\n<p class=\"wp-block-paragraph\"><strong>Foto:<\/strong> Ascom Toinho<\/p>\n","protected":false},"excerpt":{"rendered":"<p>O prefeito de Santana, Z\u00e9 Raul, inaugurou o comit\u00ea de campanha em apoio \u00e0 reelei\u00e7\u00e3o do deputado estadual Antonio Henrique Jr. (Toinho), do PV. O ato reuniu apoiadores e moradores do munic\u00edpio e marcou mais uma etapa da mobiliza\u00e7\u00e3o pol\u00edtica liderada pelo prefeito em torno da candidatura do parlamentar. Z\u00e9 Raul destaca apoio a Toinho [&hellip;]<\/p>\n","protected":false},"author":1,"featured_media":15931,"comment_status":"open","ping_status":"closed","sticky":false,"template":"","format":"standard","meta":{"site-sidebar-layout":"default","site-content-layout":"","ast-site-content-layout":"default","site-content-style":"default","site-sidebar-style":"default","ast-global-header-display":"","ast-banner-title-visibility":"","ast-main-header-display":"","ast-hfb-above-header-display":"","ast-hfb-below-header-display":"","ast-hfb-mobile-header-display":"","site-post-title":"","ast-breadcrumbs-content":"","ast-featured-img":"","footer-sml-layout":"","theme-transparent-header-meta":"","adv-header-id-meta":"","stick-header-meta":"","header-above-stick-meta":"","header-main-stick-meta":"","header-below-stick-meta":"","astra-migrate-meta-layouts":"set","ast-page-background-enabled":"default","ast-page-background-meta":{"desktop":{"background-color":"var(--ast-global-color-4)","background-image":"","background-repeat":"repeat","background-position":"center center","background-size":"auto","background-attachment":"scroll","background-type":"","background-media":"","overlay-type":"","overlay-color":"","overlay-opacity":"","overlay-gradient":""},"tablet":{"background-color":"","background-image":"","background-repeat":"repeat","background-position":"center center","background-size":"auto","background-attachment":"scroll","background-type":"","background-media":"","overlay-type":"","overlay-color":"","overlay-opacity":"","overlay-gradient":""},"mobile":{"background-color":"","background-image":"","background-repeat":"repeat","background-position":"center center","background-size":"auto","background-attachment":"scroll","background-type":"","background-media":"","overlay-type":"","overlay-color":"","overlay-opacity":"","overlay-gradient":""}},"ast-content-background-meta":{"desktop":{"background-color":"var(--ast-global-color-5)","background-image":"","background-repeat":"repeat","background-position":"center center","background-size":"auto","background-attachment":"scroll","background-type":"","background-media":"","overlay-type":"","overlay-color":"","overlay-opacity":"","overlay-gradient":""},"tablet":{"background-color":"var(--ast-global-color-5)","background-image":"","background-repeat":"repeat","background-position":"center center","background-size":"auto","background-attachment":"scroll","background-type":"","background-media":"","overlay-type":"","overlay-color":"","overlay-opacity":"","overlay-gradient":""},"mobile":{"background-color":"var(--ast-global-color-5)","background-image":"","background-repeat":"repeat","background-position":"center center","background-size":"auto","background-attachment":"scroll","background-type":"","background-media":"","overlay-type":"","overlay-color":"","overlay-opacity":"","overlay-gradient":""}},"footnotes":""},"categories":[84],"tags":[],"class_list":["post-15930","post","type-post","status-publish","format-standard","has-post-thumbnail","hentry","category-politica"],"_links":{"self":[{"href":"https:\/\/maisoeste.com.br\/index.php?rest_route=\/wp\/v2\/posts\/15930","targetHints":{"allow":["GET"]}}],"collection":[{"href":"https:\/\/maisoeste.com.br\/index.php?rest_route=\/wp\/v2\/posts"}],"about":[{"href":"https:\/\/maisoeste.com.br\/index.php?rest_route=\/wp\/v2\/types\/post"}],"author":[{"embeddable":true,"href":"https:\/\/maisoeste.com.br\/index.php?rest_route=\/wp\/v2\/users\/1"}],"replies":[{"embeddable":true,"href":"https:\/\/maisoeste.com.br\/index.php?rest_route=%2Fwp%2Fv2%2Fcomments&post=15930"}],"version-history":[{"count":1,"href":"https:\/\/maisoeste.com.br\/index.php?rest_route=\/wp\/v2\/posts\/15930\/revisions"}],"predecessor-version":[{"id":15932,"href":"https:\/\/maisoeste.com.br\/index.php?rest_route=\/wp\/v2\/posts\/15930\/revisions\/15932"}],"wp:featuredmedia":[{"embeddable":true,"href":"https:\/\/maisoeste.com.br\/index.php?rest_route=\/wp\/v2\/media\/15931"}],"wp:attachment":[{"href":"https:\/\/maisoeste.com.br\/index.php?rest_route=%2Fwp%2Fv2%2Fmedia&parent=15930"}],"wp:term":[{"taxonomy":"category","embeddable":true,"href":"https:\/\/maisoeste.com.br\/index.php?rest_route=%2Fwp%2Fv2%2Fcategories&post=15930"},{"taxonomy":"post_tag","embeddable":true,"href":"https:\/\/maisoeste.com.br\/index.php?rest_route=%2Fwp%2Fv2%2Ftags&post=15930"}],"curies":[{"name":"wp","href":"https:\/\/api.w.org\/{rel}","templated":true}]}}