{"id":15933,"date":"2026-09-02T07:24:57","date_gmt":"2026-09-02T10:24:57","guid":{"rendered":"https:\/\/maisoeste.com.br\/?p=15933"},"modified":"2026-09-02T10:25:24","modified_gmt":"2026-09-02T13:25:24","slug":"carreata-com-acm-neto-e-cinthya-maraba-reune-centenas-de-carros-em-lem","status":"publish","type":"post","link":"https:\/\/maisoeste.com.br\/?p=15933","title":{"rendered":"Carreata com ACM Neto e Cinthya Marab\u00e1 re\u00fane centenas de carros em LEM"},"content":{"rendered":"\n<p class=\"wp-block-paragraph\">Em plena ter\u00e7a-feira a campanha a deputada estadual de Cinthya Marab\u00e1 (PL) mobilizou centenas de carros numa grande carreata, para receber a chapa majorit\u00e1ria ao governo do Estado em Lu\u00eds Eduardo Magalh\u00e3es, a convite do prefeito Junior Marab\u00e1 (PP).<\/p>\n\n\n\n<p class=\"wp-block-paragraph\">\u201cAp\u00f3s uma caminhada em Barreiras, que reuniu mais cinco mil pessoas numa quarta-feira, agora essa carreata gigante\u201d, disse o prefeito Marab\u00e1. A concentra\u00e7\u00e3o da carreata aconteceu no bairro Santa Cruz e percorreu as principais avenidas da cidade. \u201cExpectativas superadas nesse evento. Tivemos com certeza mais de mil ve\u00edculos acompanhando o nosso pr\u00f3ximo governador da Bahia\u201d, concluiu o prefeito.<\/p>\n\n\n\n<p class=\"wp-block-paragraph\">A maior carreata da hist\u00f3ria de Lu\u00eds Eduardo Magalh\u00e3es contou com as presen\u00e7as do candidato a governador ACM Neto (UB), e seu vice na chapa Z\u00e9 Coc\u00e1 (PP), os candidatos ao senado Jo\u00e3o Roma (PL) e \u00c2ngelo Coronel (Republicanos), dos candidatos a deputado federal Ditinho AviVip (UB) e Zito Barbosa (UB).<\/p>\n\n\n\n<p class=\"wp-block-paragraph\"><\/p>\n","protected":false},"excerpt":{"rendered":"<p>Em plena ter\u00e7a-feira a campanha a deputada estadual de Cinthya Marab\u00e1 (PL) mobilizou centenas de carros numa grande carreata, para receber a chapa majorit\u00e1ria ao governo do Estado em Lu\u00eds Eduardo Magalh\u00e3es, a convite do prefeito Junior Marab\u00e1 (PP). \u201cAp\u00f3s uma caminhada em Barreiras, que reuniu mais cinco mil pessoas numa quarta-feira, agora essa carreata [&hellip;]<\/p>\n","protected":false},"author":1,"featured_media":15935,"comment_status":"open","ping_status":"closed","sticky":false,"template":"","format":"standard","meta":{"site-sidebar-layout":"default","site-content-layout":"","ast-site-content-layout":"default","site-content-style":"default","site-sidebar-style":"default","ast-global-header-display":"","ast-banner-title-visibility":"","ast-main-header-display":"","ast-hfb-above-header-display":"","ast-hfb-below-header-display":"","ast-hfb-mobile-header-display":"","site-post-title":"","ast-breadcrumbs-content":"","ast-featured-img":"","footer-sml-layout":"","theme-transparent-header-meta":"","adv-header-id-meta":"","stick-header-meta":"","header-above-stick-meta":"","header-main-stick-meta":"","header-below-stick-meta":"","astra-migrate-meta-layouts":"set","ast-page-background-enabled":"default","ast-page-background-meta":{"desktop":{"background-color":"var(--ast-global-color-4)","background-image":"","background-repeat":"repeat","background-position":"center center","background-size":"auto","background-attachment":"scroll","background-type":"","background-media":"","overlay-type":"","overlay-color":"","overlay-opacity":"","overlay-gradient":""},"tablet":{"background-color":"","background-image":"","background-repeat":"repeat","background-position":"center center","background-size":"auto","background-attachment":"scroll","background-type":"","background-media":"","overlay-type":"","overlay-color":"","overlay-opacity":"","overlay-gradient":""},"mobile":{"background-color":"","background-image":"","background-repeat":"repeat","background-position":"center center","background-size":"auto","background-attachment":"scroll","background-type":"","background-media":"","overlay-type":"","overlay-color":"","overlay-opacity":"","overlay-gradient":""}},"ast-content-background-meta":{"desktop":{"background-color":"var(--ast-global-color-5)","background-image":"","background-repeat":"repeat","background-position":"center center","background-size":"auto","background-attachment":"scroll","background-type":"","background-media":"","overlay-type":"","overlay-color":"","overlay-opacity":"","overlay-gradient":""},"tablet":{"background-color":"var(--ast-global-color-5)","background-image":"","background-repeat":"repeat","background-position":"center center","background-size":"auto","background-attachment":"scroll","background-type":"","background-media":"","overlay-type":"","overlay-color":"","overlay-opacity":"","overlay-gradient":""},"mobile":{"background-color":"var(--ast-global-color-5)","background-image":"","background-repeat":"repeat","background-position":"center center","background-size":"auto","background-attachment":"scroll","background-type":"","background-media":"","overlay-type":"","overlay-color":"","overlay-opacity":"","overlay-gradient":""}},"footnotes":""},"categories":[1],"tags":[],"class_list":["post-15933","post","type-post","status-publish","format-standard","has-post-thumbnail","hentry","category-sem-categoria"],"_links":{"self":[{"href":"https:\/\/maisoeste.com.br\/index.php?rest_route=\/wp\/v2\/posts\/15933","targetHints":{"allow":["GET"]}}],"collection":[{"href":"https:\/\/maisoeste.com.br\/index.php?rest_route=\/wp\/v2\/posts"}],"about":[{"href":"https:\/\/maisoeste.com.br\/index.php?rest_route=\/wp\/v2\/types\/post"}],"author":[{"embeddable":true,"href":"https:\/\/maisoeste.com.br\/index.php?rest_route=\/wp\/v2\/users\/1"}],"replies":[{"embeddable":true,"href":"https:\/\/maisoeste.com.br\/index.php?rest_route=%2Fwp%2Fv2%2Fcomments&post=15933"}],"version-history":[{"count":1,"href":"https:\/\/maisoeste.com.br\/index.php?rest_route=\/wp\/v2\/posts\/15933\/revisions"}],"predecessor-version":[{"id":15936,"href":"https:\/\/maisoeste.com.br\/index.php?rest_route=\/wp\/v2\/posts\/15933\/revisions\/15936"}],"wp:featuredmedia":[{"embeddable":true,"href":"https:\/\/maisoeste.com.br\/index.php?rest_route=\/wp\/v2\/media\/15935"}],"wp:attachment":[{"href":"https:\/\/maisoeste.com.br\/index.php?rest_route=%2Fwp%2Fv2%2Fmedia&parent=15933"}],"wp:term":[{"taxonomy":"category","embeddable":true,"href":"https:\/\/maisoeste.com.br\/index.php?rest_route=%2Fwp%2Fv2%2Fcategories&post=15933"},{"taxonomy":"post_tag","embeddable":true,"href":"https:\/\/maisoeste.com.br\/index.php?rest_route=%2Fwp%2Fv2%2Ftags&post=15933"}],"curies":[{"name":"wp","href":"https:\/\/api.w.org\/{rel}","templated":true}]}}