{"id":15957,"date":"2026-09-03T06:47:53","date_gmt":"2026-09-03T09:47:53","guid":{"rendered":"https:\/\/maisoeste.com.br\/?p=15957"},"modified":"2026-09-03T06:47:55","modified_gmt":"2026-09-03T09:47:55","slug":"prefeitura-de-barreiras-e-trt-5-alinham-realizacao-de-acao-de-justica-itinerante-no-municipio","status":"publish","type":"post","link":"https:\/\/maisoeste.com.br\/?p=15957","title":{"rendered":"Prefeitura de Barreiras e TRT-5 alinham realiza\u00e7\u00e3o de a\u00e7\u00e3o de Justi\u00e7a Itinerante no munic\u00edpio"},"content":{"rendered":"\n<p class=\"wp-block-paragraph\">O prefeito de Barreiras, Otoniel Teixeira, recebeu nesta ter\u00e7a-feira (2), representantes do Tribunal Regional do Trabalho da 5\u00aa Regi\u00e3o (TRT-5) para uma reuni\u00e3o institucional de alinhamento da a\u00e7\u00e3o de Justi\u00e7a Itinerante, que ser\u00e1 realizada no munic\u00edpio nos dias 24 e 25 de novembro. Participaram o juiz Marcos Fava, vice-coordenador da Comiss\u00e3o Regional de Justi\u00e7a Itinerante e Inclus\u00e3o Digital do TRT-5 e a diretora de atendimento, Nilma Cunha Nogueira, al\u00e9m da secret\u00e1ria de Assist\u00eancia Social e Trabalho, Ivanete Gomes, equipes do Ceproeste e da secretaria.<\/p>\n\n\n\n<p class=\"wp-block-paragraph\">A programa\u00e7\u00e3o ter\u00e1 dois momentos. No dia 24 de novembro, ser\u00e3o realizadas atividades como semin\u00e1rio, rodas de conversa e atendimento \u00e0 popula\u00e7\u00e3o, com a oferta integrada de servi\u00e7os por diferentes \u00f3rg\u00e3os parceiros. J\u00e1 no dia 25, a programa\u00e7\u00e3o ser\u00e1 voltada a uma audi\u00eancia p\u00fablica com empregados e empregadores, abordando temas relacionados ao cumprimento das normas trabalhistas, preven\u00e7\u00e3o de acidentes de trabalho e boas pr\u00e1ticas nas rela\u00e7\u00f5es profissionais.&nbsp;A reuni\u00e3o desta ter\u00e7a-feira integrou a etapa preparat\u00f3ria para a a\u00e7\u00e3o, permitindo \u00e0s institui\u00e7\u00f5es parceiras conhecerem a proposta do TRT-5, alinhar a participa\u00e7\u00e3o de cada \u00f3rg\u00e3o e definir as provid\u00eancias necess\u00e1rias para a realiza\u00e7\u00e3o do evento em Barreiras.<\/p>\n\n\n\n<p class=\"wp-block-paragraph\">Durante a reuni\u00e3o, o prefeito Otoniel destacou a import\u00e2ncia da iniciativa para um munic\u00edpio que vive forte expans\u00e3o econ\u00f4mica e recebe trabalhadores de diferentes regi\u00f5es em busca de oportunidades. \u201cBarreiras tem recebido muitos investimentos e, consequentemente, muitos trabalhadores que chegam de outras regi\u00f5es em busca de emprego. Na constru\u00e7\u00e3o civil, por exemplo, dados da Caixa Econ\u00f4mica Federal mostram a for\u00e7a do munic\u00edpio na contrata\u00e7\u00e3o de recursos para esse setor. Tamb\u00e9m recebemos trabalhadores para as atividades agr\u00edcolas. Por isso, discutir condi\u00e7\u00f5es adequadas de trabalho, preven\u00e7\u00e3o de acidentes e orienta\u00e7\u00e3o tanto para empregados quanto para empregadores \u00e9 fundamental\u201d, destacou.<\/p>\n\n\n\n<p class=\"wp-block-paragraph\">Otoniel tamb\u00e9m ressaltou que a Prefeitura ser\u00e1 parceira da iniciativa, mobilizando as \u00e1reas de Assist\u00eancia Social e Sa\u00fade, entre outras estruturas municipais, para garantir o apoio necess\u00e1rio \u00e0 realiza\u00e7\u00e3o das atividades.<\/p>\n\n\n\n<p class=\"wp-block-paragraph\">Para o vice-coordenador da Comiss\u00e3o Regional de Justi\u00e7a Itinerante e Inclus\u00e3o Digital, juiz Marcos Fava, a a\u00e7\u00e3o tamb\u00e9m representa uma oportunidade de aproximar as institui\u00e7\u00f5es da realidade local e ampliar o di\u00e1logo com trabalhadores e empregadores. Ele destacou ainda que a informalidade, especialmente na constru\u00e7\u00e3o civil, pode fazer com que parte dos acidentes de trabalho n\u00e3o apare\u00e7a nas estat\u00edsticas oficiais, sobretudo em situa\u00e7\u00f5es envolvendo trabalhadores terceirizados.<\/p>\n\n\n\n<p class=\"wp-block-paragraph\"><strong>Dircom<\/strong><\/p>\n","protected":false},"excerpt":{"rendered":"<p>O prefeito de Barreiras, Otoniel Teixeira, recebeu nesta ter\u00e7a-feira (2), representantes do Tribunal Regional do Trabalho da 5\u00aa Regi\u00e3o (TRT-5) para uma reuni\u00e3o institucional de alinhamento da a\u00e7\u00e3o de Justi\u00e7a Itinerante, que ser\u00e1 realizada no munic\u00edpio nos dias 24 e 25 de novembro. Participaram o juiz Marcos Fava, vice-coordenador da Comiss\u00e3o Regional de Justi\u00e7a Itinerante [&hellip;]<\/p>\n","protected":false},"author":1,"featured_media":15958,"comment_status":"open","ping_status":"closed","sticky":false,"template":"","format":"standard","meta":{"site-sidebar-layout":"default","site-content-layout":"","ast-site-content-layout":"default","site-content-style":"default","site-sidebar-style":"default","ast-global-header-display":"","ast-banner-title-visibility":"","ast-main-header-display":"","ast-hfb-above-header-display":"","ast-hfb-below-header-display":"","ast-hfb-mobile-header-display":"","site-post-title":"","ast-breadcrumbs-content":"","ast-featured-img":"","footer-sml-layout":"","theme-transparent-header-meta":"","adv-header-id-meta":"","stick-header-meta":"","header-above-stick-meta":"","header-main-stick-meta":"","header-below-stick-meta":"","astra-migrate-meta-layouts":"set","ast-page-background-enabled":"default","ast-page-background-meta":{"desktop":{"background-color":"var(--ast-global-color-4)","background-image":"","background-repeat":"repeat","background-position":"center center","background-size":"auto","background-attachment":"scroll","background-type":"","background-media":"","overlay-type":"","overlay-color":"","overlay-opacity":"","overlay-gradient":""},"tablet":{"background-color":"","background-image":"","background-repeat":"repeat","background-position":"center center","background-size":"auto","background-attachment":"scroll","background-type":"","background-media":"","overlay-type":"","overlay-color":"","overlay-opacity":"","overlay-gradient":""},"mobile":{"background-color":"","background-image":"","background-repeat":"repeat","background-position":"center center","background-size":"auto","background-attachment":"scroll","background-type":"","background-media":"","overlay-type":"","overlay-color":"","overlay-opacity":"","overlay-gradient":""}},"ast-content-background-meta":{"desktop":{"background-color":"var(--ast-global-color-5)","background-image":"","background-repeat":"repeat","background-position":"center center","background-size":"auto","background-attachment":"scroll","background-type":"","background-media":"","overlay-type":"","overlay-color":"","overlay-opacity":"","overlay-gradient":""},"tablet":{"background-color":"var(--ast-global-color-5)","background-image":"","background-repeat":"repeat","background-position":"center center","background-size":"auto","background-attachment":"scroll","background-type":"","background-media":"","overlay-type":"","overlay-color":"","overlay-opacity":"","overlay-gradient":""},"mobile":{"background-color":"var(--ast-global-color-5)","background-image":"","background-repeat":"repeat","background-position":"center center","background-size":"auto","background-attachment":"scroll","background-type":"","background-media":"","overlay-type":"","overlay-color":"","overlay-opacity":"","overlay-gradient":""}},"footnotes":""},"categories":[45],"tags":[],"class_list":["post-15957","post","type-post","status-publish","format-standard","has-post-thumbnail","hentry","category-esportes"],"_links":{"self":[{"href":"https:\/\/maisoeste.com.br\/index.php?rest_route=\/wp\/v2\/posts\/15957","targetHints":{"allow":["GET"]}}],"collection":[{"href":"https:\/\/maisoeste.com.br\/index.php?rest_route=\/wp\/v2\/posts"}],"about":[{"href":"https:\/\/maisoeste.com.br\/index.php?rest_route=\/wp\/v2\/types\/post"}],"author":[{"embeddable":true,"href":"https:\/\/maisoeste.com.br\/index.php?rest_route=\/wp\/v2\/users\/1"}],"replies":[{"embeddable":true,"href":"https:\/\/maisoeste.com.br\/index.php?rest_route=%2Fwp%2Fv2%2Fcomments&post=15957"}],"version-history":[{"count":1,"href":"https:\/\/maisoeste.com.br\/index.php?rest_route=\/wp\/v2\/posts\/15957\/revisions"}],"predecessor-version":[{"id":15959,"href":"https:\/\/maisoeste.com.br\/index.php?rest_route=\/wp\/v2\/posts\/15957\/revisions\/15959"}],"wp:featuredmedia":[{"embeddable":true,"href":"https:\/\/maisoeste.com.br\/index.php?rest_route=\/wp\/v2\/media\/15958"}],"wp:attachment":[{"href":"https:\/\/maisoeste.com.br\/index.php?rest_route=%2Fwp%2Fv2%2Fmedia&parent=15957"}],"wp:term":[{"taxonomy":"category","embeddable":true,"href":"https:\/\/maisoeste.com.br\/index.php?rest_route=%2Fwp%2Fv2%2Fcategories&post=15957"},{"taxonomy":"post_tag","embeddable":true,"href":"https:\/\/maisoeste.com.br\/index.php?rest_route=%2Fwp%2Fv2%2Ftags&post=15957"}],"curies":[{"name":"wp","href":"https:\/\/api.w.org\/{rel}","templated":true}]}}