{"id":15966,"date":"2026-09-03T06:58:36","date_gmt":"2026-09-03T09:58:36","guid":{"rendered":"https:\/\/maisoeste.com.br\/?p=15966"},"modified":"2026-09-03T06:58:39","modified_gmt":"2026-09-03T09:58:39","slug":"acm-neto-destaca-planos-para-melhorar-transporte-publico-durante-caminhada-em-salvador","status":"publish","type":"post","link":"https:\/\/maisoeste.com.br\/?p=15966","title":{"rendered":"ACM Neto destaca planos para melhorar transporte p\u00fablico durante caminhada em Salvador"},"content":{"rendered":"\n<p class=\"wp-block-paragraph\">O candidato a governador da Bahia,\u00a0ACM Neto\u00a0(Uni\u00e3o Brasil), destacou seus planos para melhorar a qualidade do transporte p\u00fablico na Bahia durante novo ato de campanha em\u00a0Salvador. O pol\u00edtico realizou uma caminhada no bairro Fazenda Grande do Retiro, na manh\u00e3 desta quarta-feira (2).<\/p>\n\n\n\n<p class=\"wp-block-paragraph\">&#8220;N\u00f3s precisamos melhorar a parceria do governo do estado com as prefeituras para melhorar a qualidade do transporte p\u00fablico. [&#8230;] O compromisso que eu tenho para o pr\u00f3ximo ano \u00e9: as prefeituras que n\u00e3o aumentarem a passagem do \u00f4nibus v\u00e3o ter a garantia da isen\u00e7\u00e3o do ICMS do combust\u00edvel do transporte p\u00fablico&#8221;, declarou.<\/p>\n\n\n\n<p class=\"wp-block-paragraph\">O candidato afirmou que a medida tem o objetivo de garantir a renova\u00e7\u00e3o das frotas e o melhoramento geral do transporte p\u00fablico no estado. ACM Neto voltou a falar dos projetos que idealizou para o melhoramento do acesso \u00e0 sa\u00fade no estado.<\/p>\n\n\n\n<p class=\"wp-block-paragraph\">Al\u00e9m do projeto &#8220;PIX Sa\u00fade&#8221;, que prop\u00f5e a compra de vagas hospitalares na rede privada para pacientes na fila de atendimento do Sistema \u00danico de Sa\u00fade (SUS), ele destacou que pretende ampliar hospitais em cidades do interior.<a href=\"https:\/\/globoplay.globo.com\/categorias\/lollapalooza\/?origemId=1779&amp;utm_source=g1&amp;utm_medium=tapume&amp;utm_campaign=aq-org_g1_conteudo_up_perf_banner_web_tier2_live_lolla-24&amp;utm_content=banner&amp;utm_term=tapume-g1-assista\"><\/a><\/p>\n\n\n\n<p class=\"wp-block-paragraph\">Desta vez, ACM Neto estava acompanhado do prefeito de Salvador, Bruno Reis (Uni\u00e3o Brasil), da vice-prefeita da capital, Ana Paula Matos, bem como dos postulantes ao Senado,\u00a0Jo\u00e3o Roma\u00a0(PL) e Angelo Coronel (Republicanos).<\/p>\n\n\n\n<p class=\"wp-block-paragraph\">Ap\u00f3s a caminhada, pela tarde, o ex-prefeito da capital baiana participou de uma reuni\u00e3o com lideran\u00e7as pol\u00edticas de diferentes regi\u00f5es do estado e com a coordena\u00e7\u00e3o de campanha.<\/p>\n\n\n\n<p class=\"wp-block-paragraph\">\u00c0 noite, o candidato participa de uma reuni\u00e3o com lideran\u00e7as em Paulo Afonso. Por volta das 19h, ainda na cidade, ACM Neto participar\u00e1 de uma caminhada e da inaugura\u00e7\u00e3o de um comit\u00ea do munic\u00edpio.<\/p>\n\n\n\n<p class=\"wp-block-paragraph\">Fonte\/\/G1<\/p>\n","protected":false},"excerpt":{"rendered":"<p>O candidato a governador da Bahia,\u00a0ACM Neto\u00a0(Uni\u00e3o Brasil), destacou seus planos para melhorar a qualidade do transporte p\u00fablico na Bahia durante novo ato de campanha em\u00a0Salvador. O pol\u00edtico realizou uma caminhada no bairro Fazenda Grande do Retiro, na manh\u00e3 desta quarta-feira (2). &#8220;N\u00f3s precisamos melhorar a parceria do governo do estado com as prefeituras para [&hellip;]<\/p>\n","protected":false},"author":1,"featured_media":15967,"comment_status":"open","ping_status":"closed","sticky":false,"template":"","format":"standard","meta":{"site-sidebar-layout":"default","site-content-layout":"","ast-site-content-layout":"default","site-content-style":"default","site-sidebar-style":"default","ast-global-header-display":"","ast-banner-title-visibility":"","ast-main-header-display":"","ast-hfb-above-header-display":"","ast-hfb-below-header-display":"","ast-hfb-mobile-header-display":"","site-post-title":"","ast-breadcrumbs-content":"","ast-featured-img":"","footer-sml-layout":"","theme-transparent-header-meta":"","adv-header-id-meta":"","stick-header-meta":"","header-above-stick-meta":"","header-main-stick-meta":"","header-below-stick-meta":"","astra-migrate-meta-layouts":"set","ast-page-background-enabled":"default","ast-page-background-meta":{"desktop":{"background-color":"var(--ast-global-color-4)","background-image":"","background-repeat":"repeat","background-position":"center center","background-size":"auto","background-attachment":"scroll","background-type":"","background-media":"","overlay-type":"","overlay-color":"","overlay-opacity":"","overlay-gradient":""},"tablet":{"background-color":"","background-image":"","background-repeat":"repeat","background-position":"center center","background-size":"auto","background-attachment":"scroll","background-type":"","background-media":"","overlay-type":"","overlay-color":"","overlay-opacity":"","overlay-gradient":""},"mobile":{"background-color":"","background-image":"","background-repeat":"repeat","background-position":"center center","background-size":"auto","background-attachment":"scroll","background-type":"","background-media":"","overlay-type":"","overlay-color":"","overlay-opacity":"","overlay-gradient":""}},"ast-content-background-meta":{"desktop":{"background-color":"var(--ast-global-color-5)","background-image":"","background-repeat":"repeat","background-position":"center center","background-size":"auto","background-attachment":"scroll","background-type":"","background-media":"","overlay-type":"","overlay-color":"","overlay-opacity":"","overlay-gradient":""},"tablet":{"background-color":"var(--ast-global-color-5)","background-image":"","background-repeat":"repeat","background-position":"center center","background-size":"auto","background-attachment":"scroll","background-type":"","background-media":"","overlay-type":"","overlay-color":"","overlay-opacity":"","overlay-gradient":""},"mobile":{"background-color":"var(--ast-global-color-5)","background-image":"","background-repeat":"repeat","background-position":"center center","background-size":"auto","background-attachment":"scroll","background-type":"","background-media":"","overlay-type":"","overlay-color":"","overlay-opacity":"","overlay-gradient":""}},"footnotes":""},"categories":[84],"tags":[],"class_list":["post-15966","post","type-post","status-publish","format-standard","has-post-thumbnail","hentry","category-politica"],"_links":{"self":[{"href":"https:\/\/maisoeste.com.br\/index.php?rest_route=\/wp\/v2\/posts\/15966","targetHints":{"allow":["GET"]}}],"collection":[{"href":"https:\/\/maisoeste.com.br\/index.php?rest_route=\/wp\/v2\/posts"}],"about":[{"href":"https:\/\/maisoeste.com.br\/index.php?rest_route=\/wp\/v2\/types\/post"}],"author":[{"embeddable":true,"href":"https:\/\/maisoeste.com.br\/index.php?rest_route=\/wp\/v2\/users\/1"}],"replies":[{"embeddable":true,"href":"https:\/\/maisoeste.com.br\/index.php?rest_route=%2Fwp%2Fv2%2Fcomments&post=15966"}],"version-history":[{"count":1,"href":"https:\/\/maisoeste.com.br\/index.php?rest_route=\/wp\/v2\/posts\/15966\/revisions"}],"predecessor-version":[{"id":15968,"href":"https:\/\/maisoeste.com.br\/index.php?rest_route=\/wp\/v2\/posts\/15966\/revisions\/15968"}],"wp:featuredmedia":[{"embeddable":true,"href":"https:\/\/maisoeste.com.br\/index.php?rest_route=\/wp\/v2\/media\/15967"}],"wp:attachment":[{"href":"https:\/\/maisoeste.com.br\/index.php?rest_route=%2Fwp%2Fv2%2Fmedia&parent=15966"}],"wp:term":[{"taxonomy":"category","embeddable":true,"href":"https:\/\/maisoeste.com.br\/index.php?rest_route=%2Fwp%2Fv2%2Fcategories&post=15966"},{"taxonomy":"post_tag","embeddable":true,"href":"https:\/\/maisoeste.com.br\/index.php?rest_route=%2Fwp%2Fv2%2Ftags&post=15966"}],"curies":[{"name":"wp","href":"https:\/\/api.w.org\/{rel}","templated":true}]}}