{"id":15969,"date":"2026-09-03T07:01:15","date_gmt":"2026-09-03T10:01:15","guid":{"rendered":"https:\/\/maisoeste.com.br\/?p=15969"},"modified":"2026-09-03T07:01:16","modified_gmt":"2026-09-03T10:01:16","slug":"ue-suspende-importacoes-de-carnes-do-brasil-nesta-quinta-feira","status":"publish","type":"post","link":"https:\/\/maisoeste.com.br\/?p=15969","title":{"rendered":"UE suspende importa\u00e7\u00f5es de carnes do Brasil nesta quinta-feira"},"content":{"rendered":"\n<p class=\"wp-block-paragraph\">Come\u00e7a nesta quinta-feira (3)\u00a0<strong>o embargo da\u00a0<\/strong>Uni\u00e3o Europeia<strong>\u00a0a produtos de origem animal do Brasil.<\/strong>\u00a0Com a medida, o pa\u00eds fica impedido de exportar carne bovina, su\u00edna, frango, mel, pescados e ovos para as 27 na\u00e7\u00f5es do bloco.<\/p>\n\n\n\n<p class=\"wp-block-paragraph\">A decis\u00e3o pode ser revertida, a depender das negocia\u00e7\u00f5es entre a UE e o governo brasileiro. Nesta semana, por exemplo,&nbsp;o bloco realiza no Brasil uma auditoria nas cadeias de produ\u00e7\u00e3o de frango e mel, que deve ser conclu\u00edda at\u00e9 sexta-feira (4).&nbsp;O resultado, por\u00e9m, ainda ser\u00e1 analisado pela UE, processo que deve levar cerca de dois meses.<\/p>\n\n\n\n<p class=\"wp-block-paragraph\"><em>A UE anunciou a medida em maio, ap\u00f3s\u00a0excluir o Brasil da lista de pa\u00edses que cumprem as suas regras sobre o uso de antimicrobianos\u00a0na pecu\u00e1ria. Essas subst\u00e2ncias s\u00e3o usadas para tratar infec\u00e7\u00f5es em animais, mas o bloco pro\u00edbe seu uso para estimular o crescimento. Tamb\u00e9m pro\u00edbe o uso, em animais, de antimicrobianos reservados ao tratamento de seres humanos.<\/em><\/p>\n\n\n\n<p class=\"wp-block-paragraph\">A medida n\u00e3o foi motivada por irregularidades encontradas na carne brasileira, mas pela avalia\u00e7\u00e3o da Uni\u00e3o Europeia de que o controle feito pelo Brasil sobre o uso dessas subst\u00e2ncias \u00e9 insuficiente.<\/p>\n\n\n\n<p class=\"wp-block-paragraph\">As carnes bovina e de frango s\u00e3o os produtos mais afetados, pois est\u00e3o entre os itens de origem animal mais exportados pelo Brasil para a UE. Ainda assim, representam uma parcela pequena do valor total exportado pelo pa\u00eds.<\/p>\n\n\n\n<p class=\"wp-block-paragraph\">Representantes do agro brasileiro viram na medida um\u00a0ato protecionista, uma vez que a decis\u00e3o foi anunciada dias ap\u00f3s a entrada em vigor do\u00a0acordo de livre com\u00e9rcio entre a UE e o Mercosul.<\/p>\n\n\n\n<p class=\"wp-block-paragraph\">O tratado foi alvo de forte resist\u00eancia de agricultores europeus, que temem a concorr\u00eancia de produtos sul-americanos mais baratos, sobretudo do Brasil, principal exportador agr\u00edcola do Mercosul para a Uni\u00e3o Europeia.<\/p>\n\n\n\n<p class=\"wp-block-paragraph\">Os demais pa\u00edses do bloco \u2014 Argentina, Paraguai e Uruguai \u2014 seguem autorizados a exportar para os europeus.<\/p>\n\n\n\n<h2 class=\"wp-block-heading\">Como foram as negocia\u00e7\u00f5es e o que o Brasil prop\u00f4s<\/h2>\n\n\n\n<p class=\"wp-block-paragraph\">O governo brasileiro negocia com a UE desde o an\u00fancio da decis\u00e3o. Em abril, o\u00a0Minist\u00e9rio da Agricultura\u00a0publicou uma portaria proibindo o uso de alguns antimicrobianos, como avoparcina, virginiamicina e bacitracina. No m\u00eas seguinte, o\u00a0governo brasileiro prop\u00f4s \u00e0 UE um per\u00edodo de transi\u00e7\u00e3o, mas o bloco recusou a proposta.<\/p>\n\n\n\n<p class=\"wp-block-paragraph\">Em junho, o governo anunciou um\u00a0novo protocolo de controle sobre uso de antimicrobianos na pecu\u00e1ria. As regras preveem o rastreamento do animal desde o nascimento at\u00e9 o abate para comprovar que essas subst\u00e2ncias n\u00e3o foram utilizadas.<\/p>\n\n\n\n<p class=\"wp-block-paragraph\">Segundo a Associa\u00e7\u00e3o Brasileira das Ind\u00fastrias Exportadoras de Carnes (Abiec), 100% das empresas associadas e habilitadas para exportar para a Uni\u00e3o Europeia j\u00e1 adeririam a este protocolo. A UE, contudo, ainda n\u00e3o reverteu a sua decis\u00e3o.<\/p>\n\n\n\n<p class=\"wp-block-paragraph\">O novo protocolo foi desenvolvido pela Abiec em parceria com a Associa\u00e7\u00e3o Brasileira das Certificadoras por Auditoria e Rastreabilidade (ABCAR) e a Confedera\u00e7\u00e3o da Agricultura e Pecu\u00e1ria do Brasil (CNA).<\/p>\n\n\n\n<p class=\"wp-block-paragraph\"><strong>Mesmo que a UE voltasse atr\u00e1s, o Brasil ainda levaria pelo menos dois anos para retomar as exporta\u00e7\u00f5es de carne bovina para o bloco.<\/strong>&nbsp;Isso porque um animal que comece hoje a seguir os novos protocolos sobre antimicrobianos levar\u00e1 de 24 a 36 meses para estar pronto para o abate dentro das novas regras.<\/p>\n\n\n\n<p class=\"wp-block-paragraph\">No caso do frango, o ciclo \u00e9 mais curto: s\u00e3o cerca de 45 dias entre o nascimento e o abate.<\/p>\n\n\n\n<p class=\"wp-block-paragraph\">Em julho, o presidente da Associa\u00e7\u00e3o Brasileira de Prote\u00edna Animal (ABPA), Ricardo Santin, afirmou que\u00a0o setor sempre manteve separada a produ\u00e7\u00e3o de frango destinada \u00e0 UE\u00a0daquela enviada a outros mercados.<\/p>\n\n\n\n<p class=\"wp-block-paragraph\">Segundo ele, a principal mudan\u00e7a \u00e9 o aumento das fiscaliza\u00e7\u00f5es em f\u00e1bricas de ra\u00e7\u00e3o, granjas e frigor\u00edficos, j\u00e1 previstas no Plano Nacional de Controle de Res\u00edduos e Contaminantes (PNCRC).<\/p>\n\n\n\n<p class=\"wp-block-paragraph\">\u201cVamos continuar fazendo o que sempre fizemos, n\u00e3o usamos promotores de crescimento para a Uni\u00e3o Europeia nem antibi\u00f3ticos de uso humano. Empresas do Brasil n\u00e3o est\u00e3o fazendo nada diferente do que sempre fizeram. Sempre segregamos&#8221;, destacou Santin.<\/p>\n\n\n\n<p class=\"wp-block-paragraph\">Para os produtores de carne bovina que j\u00e1 exportam para a UE, as mudan\u00e7as tamb\u00e9m n\u00e3o devem exigir grandes adapta\u00e7\u00f5es.<\/p>\n\n\n\n<p class=\"wp-block-paragraph\">Em entrevista ao<strong>\u00a0g1<\/strong>\u00a0em julho, o pecuarista Andr\u00e9 Bartocci, de Mato Grosso do Sul, afirmou que n\u00e3o usa antimicrobianos em seu rebanho h\u00e1 anos. Ele exporta pela Cota Hilton, modalidade de exporta\u00e7\u00e3o de carnes nobres com tarifa reduzida que pro\u00edbe o uso dessas subst\u00e2ncias durante toda a vida do animal.<\/p>\n\n\n\n<p class=\"wp-block-paragraph\">&#8220;Quem faz cota Hilton n\u00e3o usa antimicrobiano h\u00e1 muito tempo. Mas a maioria da carne que vai para a Europa n\u00e3o \u00e9 Hilton, \u00e9 lista Trace, uma categoria em que o produtor s\u00f3 precisa comprovar que n\u00e3o usou antimicrobiano nos \u00faltimos 100 dias de vida do animal. Agora vai mudar, todo o ciclo vai precisar de comprova\u00e7\u00e3o&#8221;, disse Bartocci.<\/p>\n\n\n\n<p class=\"wp-block-paragraph\">Fonte\/\/G1<\/p>\n","protected":false},"excerpt":{"rendered":"<p>Come\u00e7a nesta quinta-feira (3)\u00a0o embargo da\u00a0Uni\u00e3o Europeia\u00a0a produtos de origem animal do Brasil.\u00a0Com a medida, o pa\u00eds fica impedido de exportar carne bovina, su\u00edna, frango, mel, pescados e ovos para as 27 na\u00e7\u00f5es do bloco. A decis\u00e3o pode ser revertida, a depender das negocia\u00e7\u00f5es entre a UE e o governo brasileiro. Nesta semana, por exemplo,&nbsp;o [&hellip;]<\/p>\n","protected":false},"author":1,"featured_media":15970,"comment_status":"open","ping_status":"closed","sticky":false,"template":"","format":"standard","meta":{"site-sidebar-layout":"default","site-content-layout":"","ast-site-content-layout":"default","site-content-style":"default","site-sidebar-style":"default","ast-global-header-display":"","ast-banner-title-visibility":"","ast-main-header-display":"","ast-hfb-above-header-display":"","ast-hfb-below-header-display":"","ast-hfb-mobile-header-display":"","site-post-title":"","ast-breadcrumbs-content":"","ast-featured-img":"","footer-sml-layout":"","theme-transparent-header-meta":"","adv-header-id-meta":"","stick-header-meta":"","header-above-stick-meta":"","header-main-stick-meta":"","header-below-stick-meta":"","astra-migrate-meta-layouts":"set","ast-page-background-enabled":"default","ast-page-background-meta":{"desktop":{"background-color":"var(--ast-global-color-4)","background-image":"","background-repeat":"repeat","background-position":"center center","background-size":"auto","background-attachment":"scroll","background-type":"","background-media":"","overlay-type":"","overlay-color":"","overlay-opacity":"","overlay-gradient":""},"tablet":{"background-color":"","background-image":"","background-repeat":"repeat","background-position":"center center","background-size":"auto","background-attachment":"scroll","background-type":"","background-media":"","overlay-type":"","overlay-color":"","overlay-opacity":"","overlay-gradient":""},"mobile":{"background-color":"","background-image":"","background-repeat":"repeat","background-position":"center center","background-size":"auto","background-attachment":"scroll","background-type":"","background-media":"","overlay-type":"","overlay-color":"","overlay-opacity":"","overlay-gradient":""}},"ast-content-background-meta":{"desktop":{"background-color":"var(--ast-global-color-5)","background-image":"","background-repeat":"repeat","background-position":"center center","background-size":"auto","background-attachment":"scroll","background-type":"","background-media":"","overlay-type":"","overlay-color":"","overlay-opacity":"","overlay-gradient":""},"tablet":{"background-color":"var(--ast-global-color-5)","background-image":"","background-repeat":"repeat","background-position":"center center","background-size":"auto","background-attachment":"scroll","background-type":"","background-media":"","overlay-type":"","overlay-color":"","overlay-opacity":"","overlay-gradient":""},"mobile":{"background-color":"var(--ast-global-color-5)","background-image":"","background-repeat":"repeat","background-position":"center center","background-size":"auto","background-attachment":"scroll","background-type":"","background-media":"","overlay-type":"","overlay-color":"","overlay-opacity":"","overlay-gradient":""}},"footnotes":""},"categories":[4],"tags":[],"class_list":["post-15969","post","type-post","status-publish","format-standard","has-post-thumbnail","hentry","category-brasil"],"_links":{"self":[{"href":"https:\/\/maisoeste.com.br\/index.php?rest_route=\/wp\/v2\/posts\/15969","targetHints":{"allow":["GET"]}}],"collection":[{"href":"https:\/\/maisoeste.com.br\/index.php?rest_route=\/wp\/v2\/posts"}],"about":[{"href":"https:\/\/maisoeste.com.br\/index.php?rest_route=\/wp\/v2\/types\/post"}],"author":[{"embeddable":true,"href":"https:\/\/maisoeste.com.br\/index.php?rest_route=\/wp\/v2\/users\/1"}],"replies":[{"embeddable":true,"href":"https:\/\/maisoeste.com.br\/index.php?rest_route=%2Fwp%2Fv2%2Fcomments&post=15969"}],"version-history":[{"count":1,"href":"https:\/\/maisoeste.com.br\/index.php?rest_route=\/wp\/v2\/posts\/15969\/revisions"}],"predecessor-version":[{"id":15971,"href":"https:\/\/maisoeste.com.br\/index.php?rest_route=\/wp\/v2\/posts\/15969\/revisions\/15971"}],"wp:featuredmedia":[{"embeddable":true,"href":"https:\/\/maisoeste.com.br\/index.php?rest_route=\/wp\/v2\/media\/15970"}],"wp:attachment":[{"href":"https:\/\/maisoeste.com.br\/index.php?rest_route=%2Fwp%2Fv2%2Fmedia&parent=15969"}],"wp:term":[{"taxonomy":"category","embeddable":true,"href":"https:\/\/maisoeste.com.br\/index.php?rest_route=%2Fwp%2Fv2%2Fcategories&post=15969"},{"taxonomy":"post_tag","embeddable":true,"href":"https:\/\/maisoeste.com.br\/index.php?rest_route=%2Fwp%2Fv2%2Ftags&post=15969"}],"curies":[{"name":"wp","href":"https:\/\/api.w.org\/{rel}","templated":true}]}}