{"id":15973,"date":"2026-09-03T06:30:00","date_gmt":"2026-09-03T09:30:00","guid":{"rendered":"https:\/\/maisoeste.com.br\/?p=15973"},"modified":"2026-09-03T07:24:36","modified_gmt":"2026-09-03T10:24:36","slug":"jeronimo-rodrigues-destaca-investimentos-em-educacao-esporte-e-cultura-em-salvador","status":"publish","type":"post","link":"https:\/\/maisoeste.com.br\/?p=15973","title":{"rendered":"Jer\u00f4nimo Rodrigues destaca investimentos em educa\u00e7\u00e3o, esporte e cultura em Salvador"},"content":{"rendered":"\n<p class=\"wp-block-paragraph\">O candidato \u00e0 reelei\u00e7\u00e3o ao governo da Bahia,\u00a0Jer\u00f4nimo Rodrigues\u00a0(PT), participou nesta quarta-feira (2) de uma caminhada pelas ruas do Nordeste de Amaralina, em\u00a0Salvador. Durante a agenda, o petista destacou propostas para as \u00e1reas de educa\u00e7\u00e3o, esporte, lazer e cultura na regi\u00e3o.<\/p>\n\n\n\n<p class=\"wp-block-paragraph\">&#8221;N\u00f3s temos escolas pr\u00f3ximas aqui com o mesmo padr\u00e3o de qualidade. A continuidade do investimento nos espa\u00e7os de lazer, como o Centro Social Urbano e as quadras de esporte, tamb\u00e9m \u00e9 importante. Esse bairro \u00e9 muito importante por conta da cultura, e eu espero que os chamados becos da cultura possam ser fortalecidos aqui no Nordeste de Amaralina&#8221;, afirmou em entrevista \u00e0 TV Bahia<\/p>\n\n\n\n<p class=\"wp-block-paragraph\">Pela manh\u00e3, Jer\u00f4nimo concedeu entrevista a uma emissora de r\u00e1dio na capital baiana e participou de reuni\u00f5es e compromissos pol\u00edticos.<\/p>\n\n\n\n<p class=\"wp-block-paragraph\">Ap\u00f3s a caminhada, que ocorreu no per\u00edodo da tarde, o candidato teve encontro com movimentos sociais e sindicais no comit\u00ea do partido, no bairro do Rio Vermelho, em Salvador.<\/p>\n\n\n\n<p class=\"wp-block-paragraph\">Fonte\/\/G1<\/p>\n","protected":false},"excerpt":{"rendered":"<p>O candidato \u00e0 reelei\u00e7\u00e3o ao governo da Bahia,\u00a0Jer\u00f4nimo Rodrigues\u00a0(PT), participou nesta quarta-feira (2) de uma caminhada pelas ruas do Nordeste de Amaralina, em\u00a0Salvador. Durante a agenda, o petista destacou propostas para as \u00e1reas de educa\u00e7\u00e3o, esporte, lazer e cultura na regi\u00e3o. &#8221;N\u00f3s temos escolas pr\u00f3ximas aqui com o mesmo padr\u00e3o de qualidade. A continuidade do [&hellip;]<\/p>\n","protected":false},"author":1,"featured_media":15974,"comment_status":"open","ping_status":"closed","sticky":false,"template":"","format":"standard","meta":{"site-sidebar-layout":"default","site-content-layout":"","ast-site-content-layout":"default","site-content-style":"default","site-sidebar-style":"default","ast-global-header-display":"","ast-banner-title-visibility":"","ast-main-header-display":"","ast-hfb-above-header-display":"","ast-hfb-below-header-display":"","ast-hfb-mobile-header-display":"","site-post-title":"","ast-breadcrumbs-content":"","ast-featured-img":"","footer-sml-layout":"","theme-transparent-header-meta":"","adv-header-id-meta":"","stick-header-meta":"","header-above-stick-meta":"","header-main-stick-meta":"","header-below-stick-meta":"","astra-migrate-meta-layouts":"set","ast-page-background-enabled":"default","ast-page-background-meta":{"desktop":{"background-color":"var(--ast-global-color-4)","background-image":"","background-repeat":"repeat","background-position":"center center","background-size":"auto","background-attachment":"scroll","background-type":"","background-media":"","overlay-type":"","overlay-color":"","overlay-opacity":"","overlay-gradient":""},"tablet":{"background-color":"","background-image":"","background-repeat":"repeat","background-position":"center center","background-size":"auto","background-attachment":"scroll","background-type":"","background-media":"","overlay-type":"","overlay-color":"","overlay-opacity":"","overlay-gradient":""},"mobile":{"background-color":"","background-image":"","background-repeat":"repeat","background-position":"center center","background-size":"auto","background-attachment":"scroll","background-type":"","background-media":"","overlay-type":"","overlay-color":"","overlay-opacity":"","overlay-gradient":""}},"ast-content-background-meta":{"desktop":{"background-color":"var(--ast-global-color-5)","background-image":"","background-repeat":"repeat","background-position":"center center","background-size":"auto","background-attachment":"scroll","background-type":"","background-media":"","overlay-type":"","overlay-color":"","overlay-opacity":"","overlay-gradient":""},"tablet":{"background-color":"var(--ast-global-color-5)","background-image":"","background-repeat":"repeat","background-position":"center center","background-size":"auto","background-attachment":"scroll","background-type":"","background-media":"","overlay-type":"","overlay-color":"","overlay-opacity":"","overlay-gradient":""},"mobile":{"background-color":"var(--ast-global-color-5)","background-image":"","background-repeat":"repeat","background-position":"center center","background-size":"auto","background-attachment":"scroll","background-type":"","background-media":"","overlay-type":"","overlay-color":"","overlay-opacity":"","overlay-gradient":""}},"footnotes":""},"categories":[84],"tags":[],"class_list":["post-15973","post","type-post","status-publish","format-standard","has-post-thumbnail","hentry","category-politica"],"_links":{"self":[{"href":"https:\/\/maisoeste.com.br\/index.php?rest_route=\/wp\/v2\/posts\/15973","targetHints":{"allow":["GET"]}}],"collection":[{"href":"https:\/\/maisoeste.com.br\/index.php?rest_route=\/wp\/v2\/posts"}],"about":[{"href":"https:\/\/maisoeste.com.br\/index.php?rest_route=\/wp\/v2\/types\/post"}],"author":[{"embeddable":true,"href":"https:\/\/maisoeste.com.br\/index.php?rest_route=\/wp\/v2\/users\/1"}],"replies":[{"embeddable":true,"href":"https:\/\/maisoeste.com.br\/index.php?rest_route=%2Fwp%2Fv2%2Fcomments&post=15973"}],"version-history":[{"count":1,"href":"https:\/\/maisoeste.com.br\/index.php?rest_route=\/wp\/v2\/posts\/15973\/revisions"}],"predecessor-version":[{"id":15975,"href":"https:\/\/maisoeste.com.br\/index.php?rest_route=\/wp\/v2\/posts\/15973\/revisions\/15975"}],"wp:featuredmedia":[{"embeddable":true,"href":"https:\/\/maisoeste.com.br\/index.php?rest_route=\/wp\/v2\/media\/15974"}],"wp:attachment":[{"href":"https:\/\/maisoeste.com.br\/index.php?rest_route=%2Fwp%2Fv2%2Fmedia&parent=15973"}],"wp:term":[{"taxonomy":"category","embeddable":true,"href":"https:\/\/maisoeste.com.br\/index.php?rest_route=%2Fwp%2Fv2%2Fcategories&post=15973"},{"taxonomy":"post_tag","embeddable":true,"href":"https:\/\/maisoeste.com.br\/index.php?rest_route=%2Fwp%2Fv2%2Ftags&post=15973"}],"curies":[{"name":"wp","href":"https:\/\/api.w.org\/{rel}","templated":true}]}}