{"id":15993,"date":"2026-09-03T12:59:12","date_gmt":"2026-09-03T15:59:12","guid":{"rendered":"https:\/\/maisoeste.com.br\/?p=15993"},"modified":"2026-09-03T12:59:13","modified_gmt":"2026-09-03T15:59:13","slug":"cinthya-maraba-cumpre-agenda-empresarial-com-ditinho-avivip-em-luis-eduardo-magalhaes","status":"publish","type":"post","link":"https:\/\/maisoeste.com.br\/?p=15993","title":{"rendered":"Cinthya Marab\u00e1 cumpre agenda empresarial com Ditinho AviVip em Lu\u00eds Eduardo Magalh\u00e3es"},"content":{"rendered":"\n<p class=\"wp-block-paragraph\">A quarta-feira de campanha da candidata a deputada estadual Cinthya Marab\u00e1 (PL) e do candidato a deputado federal Ditinho Avivip foi marcada por reuni\u00f5es empresariais que est\u00e3o apoiando essa dobradinha eleitoral.<\/p>\n\n\n\n<p class=\"wp-block-paragraph\"><strong>Encontro no Grupo Santo Ant\u00f4nio<\/strong><\/p>\n\n\n\n<p class=\"wp-block-paragraph\">Com o intuito de manter um di\u00e1logo direto com diferentes grupos e segmentos, Cinthya Marab\u00e1 e Ditinho Avivip estiveram com os respons\u00e1veis pela rede do Grupo Santo Ant\u00f4nio, em mais uma agenda voltada \u00e0 apresenta\u00e7\u00e3o das candidaturas.<\/p>\n\n\n\n<p class=\"wp-block-paragraph\">O encontro serviu para que os candidatos apresentassem suas hist\u00f3rias, explicassem as raz\u00f5es que os levaram \u00e0 disputa eleitoral e, principalmente, escutassem as pessoas que acompanham o processo pol\u00edtico.<\/p>\n\n\n\n<p class=\"wp-block-paragraph\">Cinthya falou sobre a sua experi\u00eancia durante atua\u00e7\u00e3o como secret\u00e1ria de Cidadania, colocando como ponto de partida para sua decis\u00e3o de entrar na disputa por uma cadeira na Assembleia Legislativa da Bahia. \u201cFoi durante o per\u00edodo em que estive \u00e0 frente da pasta que me despertou ainda mais o prop\u00f3sito de cuidar das pessoas\u201d.<\/p>\n\n\n\n<p class=\"wp-block-paragraph\">Ditinho Avivip tamb\u00e9m apresentou aos participantes sua trajet\u00f3ria pessoal e pol\u00edtica, marcada por desafios e supera\u00e7\u00f5es. \u201c\u00c9 muito importante que as pessoas conhe\u00e7am quem pretende ocupar um cargo p\u00fablico, para entenderem as responsabilidades dessa pessoa. Tenho uma hist\u00f3ria de trabalho e entrega social. Vendi laranja na feira e hoje gero emprego para mais de mil e quinhentas fam\u00edlias\u201d.<\/p>\n\n\n\n<p class=\"wp-block-paragraph\"><strong>A\u00e7os Uai recebeu candidatos<\/strong><\/p>\n\n\n\n<p class=\"wp-block-paragraph\">A A\u00e7os Uai tamb\u00e9m fez parte da agenda de di\u00e1logo com lideran\u00e7as e apoiadores das candidaturas de Cinthya Marab\u00e1 para deputada estadual e Ditinho Avivip para deputado federal, que visa aproximar os candidatos com empres\u00e1rios e com a popula\u00e7\u00e3o. A candidata a deputada estadual destacou sua rela\u00e7\u00e3o com o Oeste Baiano e a decis\u00e3o de disputar uma vaga na casa legislativa baiana. Cinthya tem defendido a import\u00e2ncia de ampliar a representa\u00e7\u00e3o pol\u00edtica da regi\u00e3o. \u201cTemos que para Salvador as demandas deste Oeste que n\u00f3s conhecemos. Este Oeste que est\u00e1 em constante crescimento e vem se apresentando com toda a sua for\u00e7a para o Brasi\u201d, disse a futura deputada estadual.<\/p>\n\n\n\n<p class=\"wp-block-paragraph\">Ditinho Avivip tamb\u00e9m apresentou aos presentes sua hist\u00f3ria de vida e supera\u00e7\u00e3o, refor\u00e7ando a import\u00e2ncia de o eleitor conhecer a trajet\u00f3ria dos candidatos antes de decidir seu voto. \u201cA pol\u00edtica precisa ser compreendida como uma ferramenta capaz de transformar a realidade e contribuir diretamente para a melhoria da vida de quem mais precisa\u201d, disse Ditinho.<\/p>\n\n\n\n<p class=\"wp-block-paragraph\">As agendas empresariais refor\u00e7aram o movimento de aproxima\u00e7\u00e3o das candidaturas com diferentes grupos, em uma caminhada marcada pelo di\u00e1logo direto e pela busca de apoio para a representa\u00e7\u00e3o do Oeste Baiano na Assembleia Legislativa e na C\u00e2mara dos Deputados.<\/p>\n","protected":false},"excerpt":{"rendered":"<p>A quarta-feira de campanha da candidata a deputada estadual Cinthya Marab\u00e1 (PL) e do candidato a deputado federal Ditinho Avivip foi marcada por reuni\u00f5es empresariais que est\u00e3o apoiando essa dobradinha eleitoral. Encontro no Grupo Santo Ant\u00f4nio Com o intuito de manter um di\u00e1logo direto com diferentes grupos e segmentos, Cinthya Marab\u00e1 e Ditinho Avivip estiveram [&hellip;]<\/p>\n","protected":false},"author":1,"featured_media":15994,"comment_status":"open","ping_status":"closed","sticky":false,"template":"","format":"standard","meta":{"site-sidebar-layout":"default","site-content-layout":"","ast-site-content-layout":"default","site-content-style":"default","site-sidebar-style":"default","ast-global-header-display":"","ast-banner-title-visibility":"","ast-main-header-display":"","ast-hfb-above-header-display":"","ast-hfb-below-header-display":"","ast-hfb-mobile-header-display":"","site-post-title":"","ast-breadcrumbs-content":"","ast-featured-img":"","footer-sml-layout":"","theme-transparent-header-meta":"","adv-header-id-meta":"","stick-header-meta":"","header-above-stick-meta":"","header-main-stick-meta":"","header-below-stick-meta":"","astra-migrate-meta-layouts":"set","ast-page-background-enabled":"default","ast-page-background-meta":{"desktop":{"background-color":"var(--ast-global-color-4)","background-image":"","background-repeat":"repeat","background-position":"center center","background-size":"auto","background-attachment":"scroll","background-type":"","background-media":"","overlay-type":"","overlay-color":"","overlay-opacity":"","overlay-gradient":""},"tablet":{"background-color":"","background-image":"","background-repeat":"repeat","background-position":"center center","background-size":"auto","background-attachment":"scroll","background-type":"","background-media":"","overlay-type":"","overlay-color":"","overlay-opacity":"","overlay-gradient":""},"mobile":{"background-color":"","background-image":"","background-repeat":"repeat","background-position":"center center","background-size":"auto","background-attachment":"scroll","background-type":"","background-media":"","overlay-type":"","overlay-color":"","overlay-opacity":"","overlay-gradient":""}},"ast-content-background-meta":{"desktop":{"background-color":"var(--ast-global-color-5)","background-image":"","background-repeat":"repeat","background-position":"center center","background-size":"auto","background-attachment":"scroll","background-type":"","background-media":"","overlay-type":"","overlay-color":"","overlay-opacity":"","overlay-gradient":""},"tablet":{"background-color":"var(--ast-global-color-5)","background-image":"","background-repeat":"repeat","background-position":"center center","background-size":"auto","background-attachment":"scroll","background-type":"","background-media":"","overlay-type":"","overlay-color":"","overlay-opacity":"","overlay-gradient":""},"mobile":{"background-color":"var(--ast-global-color-5)","background-image":"","background-repeat":"repeat","background-position":"center center","background-size":"auto","background-attachment":"scroll","background-type":"","background-media":"","overlay-type":"","overlay-color":"","overlay-opacity":"","overlay-gradient":""}},"footnotes":""},"categories":[84],"tags":[],"class_list":["post-15993","post","type-post","status-publish","format-standard","has-post-thumbnail","hentry","category-politica"],"_links":{"self":[{"href":"https:\/\/maisoeste.com.br\/index.php?rest_route=\/wp\/v2\/posts\/15993","targetHints":{"allow":["GET"]}}],"collection":[{"href":"https:\/\/maisoeste.com.br\/index.php?rest_route=\/wp\/v2\/posts"}],"about":[{"href":"https:\/\/maisoeste.com.br\/index.php?rest_route=\/wp\/v2\/types\/post"}],"author":[{"embeddable":true,"href":"https:\/\/maisoeste.com.br\/index.php?rest_route=\/wp\/v2\/users\/1"}],"replies":[{"embeddable":true,"href":"https:\/\/maisoeste.com.br\/index.php?rest_route=%2Fwp%2Fv2%2Fcomments&post=15993"}],"version-history":[{"count":1,"href":"https:\/\/maisoeste.com.br\/index.php?rest_route=\/wp\/v2\/posts\/15993\/revisions"}],"predecessor-version":[{"id":15995,"href":"https:\/\/maisoeste.com.br\/index.php?rest_route=\/wp\/v2\/posts\/15993\/revisions\/15995"}],"wp:featuredmedia":[{"embeddable":true,"href":"https:\/\/maisoeste.com.br\/index.php?rest_route=\/wp\/v2\/media\/15994"}],"wp:attachment":[{"href":"https:\/\/maisoeste.com.br\/index.php?rest_route=%2Fwp%2Fv2%2Fmedia&parent=15993"}],"wp:term":[{"taxonomy":"category","embeddable":true,"href":"https:\/\/maisoeste.com.br\/index.php?rest_route=%2Fwp%2Fv2%2Fcategories&post=15993"},{"taxonomy":"post_tag","embeddable":true,"href":"https:\/\/maisoeste.com.br\/index.php?rest_route=%2Fwp%2Fv2%2Ftags&post=15993"}],"curies":[{"name":"wp","href":"https:\/\/api.w.org\/{rel}","templated":true}]}}