{"id":15996,"date":"2026-09-04T07:07:51","date_gmt":"2026-09-04T10:07:51","guid":{"rendered":"https:\/\/maisoeste.com.br\/?p=15996"},"modified":"2026-09-04T07:07:54","modified_gmt":"2026-09-04T10:07:54","slug":"setembro-amarelo-amplia-acoes-de-cuidado-com-a-saude-mental-em-barreiras","status":"publish","type":"post","link":"https:\/\/maisoeste.com.br\/?p=15996","title":{"rendered":"Setembro Amarelo amplia a\u00e7\u00f5es de cuidado com a sa\u00fade mental em Barreiras\u00a0"},"content":{"rendered":"\n<p class=\"wp-block-paragraph\">A Secretaria Municipal de Sa\u00fade de Barreiras iniciou, nesta quinta-feira (3), a programa\u00e7\u00e3o do Setembro Amarelo 2026, m\u00eas dedicado \u00e0 conscientiza\u00e7\u00e3o sobre a preven\u00e7\u00e3o do suic\u00eddio e \u00e0 valoriza\u00e7\u00e3o da vida. Com o tema \u201cEscutar \u00e9 estar presente\u201d, as a\u00e7\u00f5es s\u00e3o desenvolvidas pelo Centro de Aten\u00e7\u00e3o Psicossocial (CAPS) e pela Coordena\u00e7\u00e3o da Sa\u00fade Mental, levando informa\u00e7\u00e3o, acolhimento e servi\u00e7os especializados para diferentes bairros e comunidades do munic\u00edpio.<\/p>\n\n\n\n<p class=\"wp-block-paragraph\">A abertura aconteceu na comunidade do Barroc\u00e3o de Baixo, na Unidade de Sa\u00fade da Fam\u00edlia Gerson de Freitas Lima, com a realiza\u00e7\u00e3o do projeto CAPS Itinerante \u2013 Amplia\u00e7\u00e3o do Acesso \u00e0 Sa\u00fade Mental. A iniciativa oferece atendimento psiqui\u00e1trico, acolhimento, musicoterapia, sala de espera e rodas de conversa, aproximando os servi\u00e7os de sa\u00fade mental dos moradores que residem fora do centro urbano.<\/p>\n\n\n\n<p class=\"wp-block-paragraph\">A proposta do munic\u00edpio \u00e9 fortalecer a rede de aten\u00e7\u00e3o psicossocial e ampliar o acesso da popula\u00e7\u00e3o, criando momentos cont\u00ednuos de escuta, orienta\u00e7\u00e3o e suporte emocional. As atividades buscam, ainda, combater os estigmas em torno do tema e incentivar a busca por ajuda especializada. As atividades do Setembro Amarelo continuam durante todo o m\u00eas, combinando atendimentos descentralizados nas Unidades de Sa\u00fade da Fam\u00edlia, f\u00f3runs educativos em institui\u00e7\u00f5es de ensino e pr\u00e1ticas integrativas ao ar livre.<\/p>\n\n\n\n<p class=\"wp-block-paragraph\">A coordenadora da Sa\u00fade Mental, Denny Samper, acompanhou as atividades de abertura e destacou a import\u00e2ncia de descentralizar o atendimento. \u201cO Setembro Amarelo nos convida a olhar para o outro com mais aten\u00e7\u00e3o e, principalmente, a escutar. Estar presente muitas vezes come\u00e7a com uma escuta acolhedora, sem julgamentos. Hoje, aqui no Barroc\u00e3o de Baixo, estamos aproximando os servi\u00e7os da comunidade e mostrando que a Sa\u00fade Mental est\u00e1 presente e dispon\u00edvel para acolher quem precisa\u201d, destacou.&nbsp;<\/p>\n\n\n\n<p class=\"wp-block-paragraph\"><strong>Programa\u00e7\u00e3o segue ao longo do m\u00eas<\/strong><strong><\/strong><\/p>\n\n\n\n<p class=\"wp-block-paragraph\">O CAPS Itinerante nas Comunidadeslevar\u00e1 atendimento psiqui\u00e1trico, acolhimento, musicoterapia, sala de espera e rodas de conversa para as zonas rurais e bairros, sempre \u00e0s quintas-feiras, a partir das 07h30 e ser\u00e1 realizado nas Unidades da Fam\u00edlia&nbsp;Adolfina Ara\u00fajo (Mucambo), Claro Xavier (Bezerro) e Bara\u00fana (Bara\u00fana).<\/p>\n\n\n\n<p class=\"wp-block-paragraph\">J\u00e1 as Pr\u00e1ticas Integrativas no Parque ser\u00e3o aos s\u00e1bados a partir das 7h no Parque Natural Engenheiro Geraldo Rocha, que receber\u00e1 o projeto PIC\u2019S Sa\u00fade Mental e Cl\u00ednica Sa\u00fade Vida, oferecendo gratuitamente atividades de Tai Chi Chi Kung, medita\u00e7\u00e3o, zumba e aconselhamento psicol\u00f3gico nos dias 5, 12, 19 e 26 de setembro.<\/p>\n\n\n\n<p class=\"wp-block-paragraph\">Os encontros educativos acontecer\u00e3o na pr\u00f3xima quinta-feira (10), \u00e0s 16h com a &nbsp;Atividade \u201cSa\u00fade Mental em Rede\u201d, no audit\u00f3rio da Universidade Federal do Oeste da Bahia (UFOB), com palestra sobre o funcionamento da Rede de Aten\u00e7\u00e3o Psicossocial (RAPS) e apresenta\u00e7\u00e3o do fluxograma municipal de atendimento. Na ter\u00e7a-feira (15), ter\u00e1 a Roda de Conversa: Aten\u00e7\u00e3o e Cuidados sobre Sa\u00fade Mental, no Centro Juvenil, reunindo m\u00fasica, din\u00e2micas e momentos de di\u00e1logo sobre a RAPS, \u00e0s 19h.<\/p>\n\n\n\n<p class=\"wp-block-paragraph\"><strong>Dircom<\/strong><\/p>\n","protected":false},"excerpt":{"rendered":"<p>A Secretaria Municipal de Sa\u00fade de Barreiras iniciou, nesta quinta-feira (3), a programa\u00e7\u00e3o do Setembro Amarelo 2026, m\u00eas dedicado \u00e0 conscientiza\u00e7\u00e3o sobre a preven\u00e7\u00e3o do suic\u00eddio e \u00e0 valoriza\u00e7\u00e3o da vida. Com o tema \u201cEscutar \u00e9 estar presente\u201d, as a\u00e7\u00f5es s\u00e3o desenvolvidas pelo Centro de Aten\u00e7\u00e3o Psicossocial (CAPS) e pela Coordena\u00e7\u00e3o da Sa\u00fade Mental, levando [&hellip;]<\/p>\n","protected":false},"author":1,"featured_media":15997,"comment_status":"open","ping_status":"closed","sticky":false,"template":"","format":"standard","meta":{"site-sidebar-layout":"default","site-content-layout":"","ast-site-content-layout":"default","site-content-style":"default","site-sidebar-style":"default","ast-global-header-display":"","ast-banner-title-visibility":"","ast-main-header-display":"","ast-hfb-above-header-display":"","ast-hfb-below-header-display":"","ast-hfb-mobile-header-display":"","site-post-title":"","ast-breadcrumbs-content":"","ast-featured-img":"","footer-sml-layout":"","theme-transparent-header-meta":"","adv-header-id-meta":"","stick-header-meta":"","header-above-stick-meta":"","header-main-stick-meta":"","header-below-stick-meta":"","astra-migrate-meta-layouts":"set","ast-page-background-enabled":"default","ast-page-background-meta":{"desktop":{"background-color":"var(--ast-global-color-4)","background-image":"","background-repeat":"repeat","background-position":"center center","background-size":"auto","background-attachment":"scroll","background-type":"","background-media":"","overlay-type":"","overlay-color":"","overlay-opacity":"","overlay-gradient":""},"tablet":{"background-color":"","background-image":"","background-repeat":"repeat","background-position":"center center","background-size":"auto","background-attachment":"scroll","background-type":"","background-media":"","overlay-type":"","overlay-color":"","overlay-opacity":"","overlay-gradient":""},"mobile":{"background-color":"","background-image":"","background-repeat":"repeat","background-position":"center center","background-size":"auto","background-attachment":"scroll","background-type":"","background-media":"","overlay-type":"","overlay-color":"","overlay-opacity":"","overlay-gradient":""}},"ast-content-background-meta":{"desktop":{"background-color":"var(--ast-global-color-5)","background-image":"","background-repeat":"repeat","background-position":"center center","background-size":"auto","background-attachment":"scroll","background-type":"","background-media":"","overlay-type":"","overlay-color":"","overlay-opacity":"","overlay-gradient":""},"tablet":{"background-color":"var(--ast-global-color-5)","background-image":"","background-repeat":"repeat","background-position":"center center","background-size":"auto","background-attachment":"scroll","background-type":"","background-media":"","overlay-type":"","overlay-color":"","overlay-opacity":"","overlay-gradient":""},"mobile":{"background-color":"var(--ast-global-color-5)","background-image":"","background-repeat":"repeat","background-position":"center center","background-size":"auto","background-attachment":"scroll","background-type":"","background-media":"","overlay-type":"","overlay-color":"","overlay-opacity":"","overlay-gradient":""}},"footnotes":""},"categories":[45],"tags":[],"class_list":["post-15996","post","type-post","status-publish","format-standard","has-post-thumbnail","hentry","category-esportes"],"_links":{"self":[{"href":"https:\/\/maisoeste.com.br\/index.php?rest_route=\/wp\/v2\/posts\/15996","targetHints":{"allow":["GET"]}}],"collection":[{"href":"https:\/\/maisoeste.com.br\/index.php?rest_route=\/wp\/v2\/posts"}],"about":[{"href":"https:\/\/maisoeste.com.br\/index.php?rest_route=\/wp\/v2\/types\/post"}],"author":[{"embeddable":true,"href":"https:\/\/maisoeste.com.br\/index.php?rest_route=\/wp\/v2\/users\/1"}],"replies":[{"embeddable":true,"href":"https:\/\/maisoeste.com.br\/index.php?rest_route=%2Fwp%2Fv2%2Fcomments&post=15996"}],"version-history":[{"count":1,"href":"https:\/\/maisoeste.com.br\/index.php?rest_route=\/wp\/v2\/posts\/15996\/revisions"}],"predecessor-version":[{"id":15998,"href":"https:\/\/maisoeste.com.br\/index.php?rest_route=\/wp\/v2\/posts\/15996\/revisions\/15998"}],"wp:featuredmedia":[{"embeddable":true,"href":"https:\/\/maisoeste.com.br\/index.php?rest_route=\/wp\/v2\/media\/15997"}],"wp:attachment":[{"href":"https:\/\/maisoeste.com.br\/index.php?rest_route=%2Fwp%2Fv2%2Fmedia&parent=15996"}],"wp:term":[{"taxonomy":"category","embeddable":true,"href":"https:\/\/maisoeste.com.br\/index.php?rest_route=%2Fwp%2Fv2%2Fcategories&post=15996"},{"taxonomy":"post_tag","embeddable":true,"href":"https:\/\/maisoeste.com.br\/index.php?rest_route=%2Fwp%2Fv2%2Ftags&post=15996"}],"curies":[{"name":"wp","href":"https:\/\/api.w.org\/{rel}","templated":true}]}}