{"id":15999,"date":"2026-09-04T07:08:47","date_gmt":"2026-09-04T10:08:47","guid":{"rendered":"https:\/\/maisoeste.com.br\/?p=15999"},"modified":"2026-09-04T07:08:48","modified_gmt":"2026-09-04T10:08:48","slug":"bahia-lidera-queda-de-homicidios-no-pais-e-jeronimo-aposta-em-inteligencia-e-integracao-para-avancar-na-seguranca","status":"publish","type":"post","link":"https:\/\/maisoeste.com.br\/?p=15999","title":{"rendered":"Bahia lidera queda de homic\u00eddios no pa\u00eds e Jer\u00f4nimo aposta em intelig\u00eancia e integra\u00e7\u00e3o para avan\u00e7ar na seguran\u00e7a"},"content":{"rendered":"\n<p class=\"wp-block-paragraph\">A Bahia registrou em 2025 a maior redu\u00e7\u00e3o de homic\u00eddios entre todos os estados brasileiros, consolidando uma trajet\u00f3ria de queda cont\u00ednua desde 2022. Dezenas de munic\u00edpios baianos atravessaram o ano sem registrar nenhum assassinato, e Salvador alcan\u00e7ou o menor n\u00famero de v\u00edtimas dos \u00faltimos 14 anos, ap\u00f3s tr\u00eas quedas seguidas nas mortes violentas.<\/p>\n\n\n\n<p class=\"wp-block-paragraph\">O avan\u00e7o tem origem na maior estrutura\u00e7\u00e3o da seguran\u00e7a p\u00fablica j\u00e1 realizada no estado. Jer\u00f4nimo Rodrigues \u00e9 o governador que mais investiu no setor na hist\u00f3ria da Bahia, com a maior contrata\u00e7\u00e3o de policiais e bombeiros j\u00e1 feita, a entrega de milhares de novas viaturas a todas as regi\u00f5es, a implanta\u00e7\u00e3o de c\u00e2meras corporais e a moderniza\u00e7\u00e3o das unidades. Ao mesmo tempo, o Estado refor\u00e7ou o trabalho de intelig\u00eancia e a preven\u00e7\u00e3o social, unindo repress\u00e3o qualificada ao crime e presen\u00e7a nos territ\u00f3rios mais vulner\u00e1veis.<\/p>\n\n\n\n<p class=\"wp-block-paragraph\"><strong>Plano de governo aprofunda a estrat\u00e9gia<\/strong><\/p>\n\n\n\n<p class=\"wp-block-paragraph\">Para os pr\u00f3ximos quatro anos, a proposta de Jer\u00f4nimo \u00e9 transformar esses resultados em uma pol\u00edtica permanente, sustentada em investiga\u00e7\u00e3o eficiente, intelig\u00eancia, tecnologia, preven\u00e7\u00e3o e integra\u00e7\u00e3o entre as for\u00e7as. O fortalecimento das pol\u00edcias investigativa e cient\u00edfica vai ampliar a capacidade de concluir inqu\u00e9ritos e levar autores de crimes \u00e0 Justi\u00e7a, enquanto uma plataforma estadual integrada de dados permitir\u00e1 direcionar os policiais para onde a popula\u00e7\u00e3o mais precisa deles.<\/p>\n\n\n\n<p class=\"wp-block-paragraph\">A tecnologia ganha escala nessa etapa, com a amplia\u00e7\u00e3o das c\u00e2meras corporais, do videomonitoramento inteligente, do reconhecimento facial e da leitura de placas, sempre dentro da legisla\u00e7\u00e3o e com garantia de prote\u00e7\u00e3o aos profissionais. Novos concursos para policiais e bombeiros ter\u00e3o planejamento de ingresso e distribui\u00e7\u00e3o territorial, e a reforma, constru\u00e7\u00e3o e moderniza\u00e7\u00e3o de unidades v\u00e3o melhorar as condi\u00e7\u00f5es de trabalho e o atendimento ao cidad\u00e3o.<\/p>\n\n\n\n<p class=\"wp-block-paragraph\">Os munic\u00edpios entram como parceiros diretos dessa pol\u00edtica. O Estado vai apoiar as prefeituras em ilumina\u00e7\u00e3o p\u00fablica, ordenamento urbano, preven\u00e7\u00e3o social da viol\u00eancia e fortalecimento das guardas municipais, al\u00e9m de compartilhar informa\u00e7\u00f5es e sistemas de videomonitoramento. No enfrentamento ao crime organizado, a Bahia atuar\u00e1 alinhada ao Sistema \u00danico de Seguran\u00e7a P\u00fablica (Susp), com integra\u00e7\u00e3o das for\u00e7as estaduais e coopera\u00e7\u00e3o com a Uni\u00e3o contra o tr\u00e1fico de drogas e de armas, com foco na recupera\u00e7\u00e3o de bens e no combate \u00e0 lavagem de dinheiro.<\/p>\n\n\n\n<p class=\"wp-block-paragraph\">A queda dos homic\u00eddios mostra que investir em pessoas, estrutura e intelig\u00eancia salva vidas. \u00c9 sobre essa base que Jer\u00f4nimo pretende consolidar uma seguran\u00e7a p\u00fablica mais eficiente, integrada e pr\u00f3xima de cada territ\u00f3rio, para que o baiano viva com mais prote\u00e7\u00e3o em todas as regi\u00f5es do estado.<\/p>\n\n\n\n<p class=\"wp-block-paragraph\">Foto: Matheus Landim<\/p>\n","protected":false},"excerpt":{"rendered":"<p>A Bahia registrou em 2025 a maior redu\u00e7\u00e3o de homic\u00eddios entre todos os estados brasileiros, consolidando uma trajet\u00f3ria de queda cont\u00ednua desde 2022. Dezenas de munic\u00edpios baianos atravessaram o ano sem registrar nenhum assassinato, e Salvador alcan\u00e7ou o menor n\u00famero de v\u00edtimas dos \u00faltimos 14 anos, ap\u00f3s tr\u00eas quedas seguidas nas mortes violentas. O avan\u00e7o [&hellip;]<\/p>\n","protected":false},"author":1,"featured_media":16000,"comment_status":"open","ping_status":"closed","sticky":false,"template":"","format":"standard","meta":{"site-sidebar-layout":"default","site-content-layout":"","ast-site-content-layout":"default","site-content-style":"default","site-sidebar-style":"default","ast-global-header-display":"","ast-banner-title-visibility":"","ast-main-header-display":"","ast-hfb-above-header-display":"","ast-hfb-below-header-display":"","ast-hfb-mobile-header-display":"","site-post-title":"","ast-breadcrumbs-content":"","ast-featured-img":"","footer-sml-layout":"","theme-transparent-header-meta":"","adv-header-id-meta":"","stick-header-meta":"","header-above-stick-meta":"","header-main-stick-meta":"","header-below-stick-meta":"","astra-migrate-meta-layouts":"set","ast-page-background-enabled":"default","ast-page-background-meta":{"desktop":{"background-color":"var(--ast-global-color-4)","background-image":"","background-repeat":"repeat","background-position":"center center","background-size":"auto","background-attachment":"scroll","background-type":"","background-media":"","overlay-type":"","overlay-color":"","overlay-opacity":"","overlay-gradient":""},"tablet":{"background-color":"","background-image":"","background-repeat":"repeat","background-position":"center center","background-size":"auto","background-attachment":"scroll","background-type":"","background-media":"","overlay-type":"","overlay-color":"","overlay-opacity":"","overlay-gradient":""},"mobile":{"background-color":"","background-image":"","background-repeat":"repeat","background-position":"center center","background-size":"auto","background-attachment":"scroll","background-type":"","background-media":"","overlay-type":"","overlay-color":"","overlay-opacity":"","overlay-gradient":""}},"ast-content-background-meta":{"desktop":{"background-color":"var(--ast-global-color-5)","background-image":"","background-repeat":"repeat","background-position":"center center","background-size":"auto","background-attachment":"scroll","background-type":"","background-media":"","overlay-type":"","overlay-color":"","overlay-opacity":"","overlay-gradient":""},"tablet":{"background-color":"var(--ast-global-color-5)","background-image":"","background-repeat":"repeat","background-position":"center center","background-size":"auto","background-attachment":"scroll","background-type":"","background-media":"","overlay-type":"","overlay-color":"","overlay-opacity":"","overlay-gradient":""},"mobile":{"background-color":"var(--ast-global-color-5)","background-image":"","background-repeat":"repeat","background-position":"center center","background-size":"auto","background-attachment":"scroll","background-type":"","background-media":"","overlay-type":"","overlay-color":"","overlay-opacity":"","overlay-gradient":""}},"footnotes":""},"categories":[4],"tags":[],"class_list":["post-15999","post","type-post","status-publish","format-standard","has-post-thumbnail","hentry","category-brasil"],"_links":{"self":[{"href":"https:\/\/maisoeste.com.br\/index.php?rest_route=\/wp\/v2\/posts\/15999","targetHints":{"allow":["GET"]}}],"collection":[{"href":"https:\/\/maisoeste.com.br\/index.php?rest_route=\/wp\/v2\/posts"}],"about":[{"href":"https:\/\/maisoeste.com.br\/index.php?rest_route=\/wp\/v2\/types\/post"}],"author":[{"embeddable":true,"href":"https:\/\/maisoeste.com.br\/index.php?rest_route=\/wp\/v2\/users\/1"}],"replies":[{"embeddable":true,"href":"https:\/\/maisoeste.com.br\/index.php?rest_route=%2Fwp%2Fv2%2Fcomments&post=15999"}],"version-history":[{"count":1,"href":"https:\/\/maisoeste.com.br\/index.php?rest_route=\/wp\/v2\/posts\/15999\/revisions"}],"predecessor-version":[{"id":16001,"href":"https:\/\/maisoeste.com.br\/index.php?rest_route=\/wp\/v2\/posts\/15999\/revisions\/16001"}],"wp:featuredmedia":[{"embeddable":true,"href":"https:\/\/maisoeste.com.br\/index.php?rest_route=\/wp\/v2\/media\/16000"}],"wp:attachment":[{"href":"https:\/\/maisoeste.com.br\/index.php?rest_route=%2Fwp%2Fv2%2Fmedia&parent=15999"}],"wp:term":[{"taxonomy":"category","embeddable":true,"href":"https:\/\/maisoeste.com.br\/index.php?rest_route=%2Fwp%2Fv2%2Fcategories&post=15999"},{"taxonomy":"post_tag","embeddable":true,"href":"https:\/\/maisoeste.com.br\/index.php?rest_route=%2Fwp%2Fv2%2Ftags&post=15999"}],"curies":[{"name":"wp","href":"https:\/\/api.w.org\/{rel}","templated":true}]}}