{"id":16008,"date":"2026-09-04T07:00:00","date_gmt":"2026-09-04T10:00:00","guid":{"rendered":"https:\/\/maisoeste.com.br\/?p=16008"},"modified":"2026-09-04T07:16:43","modified_gmt":"2026-09-04T10:16:43","slug":"rock-in-rio-aposta-em-artistas-influencers-para-line-up-de-2026","status":"publish","type":"post","link":"https:\/\/maisoeste.com.br\/?p=16008","title":{"rendered":"Rock in Rio aposta em artistas influencers para line-up de 2026"},"content":{"rendered":"\n<p class=\"wp-block-paragraph\">O Rock in Rio tem ampliado o espa\u00e7o para artistas que constru\u00edram parte de sua trajet\u00f3ria na internet e, al\u00e9m de influenciadores, tamb\u00e9m se dedicam \u00e0 m\u00fasica. Para a edi\u00e7\u00e3o de 2026, tr\u00eas criadores de conte\u00fado chegam aos palcos do festival, em diferentes momentos de suas carreiras, para apresentar seus projetos musicais. S\u00e3o eles:\u00a0Ananda, Diogo Defante e Lvcas.<\/p>\n\n\n\n<p class=\"wp-block-paragraph\"><strong>Ananda&nbsp;<\/strong>come\u00e7ou fazendo covers de m\u00fasicas de Projota ainda adolescente. Agora, aos 23 ela est\u00e1 construindo o pr\u00f3prio espa\u00e7o no pop e R&amp;B.<\/p>\n\n\n\n<p class=\"wp-block-paragraph\"><strong>Defante&nbsp;<\/strong>foi baterista de uma banda de rock por muito tempo. Desistiu da carreira de m\u00fasico, e agora dobra aposta tentando engatar sua carreira solo de cantor que mistura de rock, punk, brega e humor.<\/p>\n\n\n\n<p class=\"wp-block-paragraph\">J\u00e1&nbsp;<strong>Lvcas&nbsp;<\/strong>\u00e9 um youtuber que sempre criou conte\u00fado sobre m\u00fasica. Multi-instrumentista, ele agora quer tirar do papel o sonho de ter uma agenda de shows lotada. Seu som mistura o metal pesado com influ\u00eancias de trap e hip-hop.<\/p>\n\n\n\n<h2 class=\"wp-block-heading\">Ananda<\/h2>\n\n\n\n<p class=\"wp-block-paragraph\">Neta do percussionista Bola Morais, integrante dos Novos Baianos, e filha do percussionista e produtor Tom Morais, Ananda cresceu arrodeada por m\u00fasica.<\/p>\n\n\n\n<p class=\"wp-block-paragraph\">Ela chega ao Rock in Rio no dia 11 de setembro, quando se apresenta no palco Supernova, por volta das 18h. Aos 23 anos, a cantora faz parte de uma gera\u00e7\u00e3o de artistas que transformou a popularidade nas redes sociais em carreira musical.<\/p>\n\n\n\n<p class=\"wp-block-paragraph\">Seu repert\u00f3rio passeia pelo pop e pela nova MPB, sem se prender a um \u00fanico g\u00eanero. F\u00e3 declarada de funk, a cantora diz gostar de escrever sobre seu processo de amadurecimento. Ela j\u00e1 colaborou com artistas como Supercombo, Clau, Day Limns, Mariana Aydar, Joyce Alane e Clarissa.<\/p>\n\n\n\n<p class=\"wp-block-paragraph\">Para o festival, prepara um show com banda e um setlist que re\u00fane m\u00fasicas conhecidas pelo p\u00fablico, al\u00e9m de uma faixa in\u00e9dita.<\/p>\n\n\n\n<p class=\"wp-block-paragraph\">&#8220;Por ser um festival com muitos artistas, o maior objetivo \u00e9 fazer as pessoas pararem, me ouvirem e lembrarem das minhas m\u00fasicas. Mas, independentemente do n\u00famero de pessoas, eu vou fazer o meu show. Estou indo para me divertir&#8221;, afirmou ao g1<\/p>\n\n\n\n<h2 class=\"wp-block-heading\">Diogo Defante<\/h2>\n\n\n\n<p class=\"wp-block-paragraph\">Baterista desde a adolesc\u00eancia, Defante come\u00e7ou a carreira art\u00edstica na m\u00fasica antes de ganhar proje\u00e7\u00e3o na internet. Depois de anos dedicado ao humor e \u00e0 produ\u00e7\u00e3o de conte\u00fado, retomou o projeto musical e passou a lan\u00e7ar trabalhos autorais.<\/p>\n\n\n\n<p class=\"wp-block-paragraph\">O criador de conte\u00fado com mais de 5 milh\u00f5es de seguidores (s\u00f3 no Instagram) confessa que s\u00f3 agora p\u00f4de, finalmente, se entregar a antiga paix\u00e3o do jeito que gostaria: rendido pelo prazer, sem a obriga\u00e7\u00e3o do sucesso.<\/p>\n\n\n\n<p class=\"wp-block-paragraph\">Conhecido por personagens como o Rep\u00f3rter Doid\u00e3o, Diogo Defante chega ao Rock in Rio com seu projeto musical&nbsp;no dia 4 de setembro, quando fecha o palco Supernova, por volta das 20h10.<\/p>\n\n\n\n<p class=\"wp-block-paragraph\">Seu repert\u00f3rio mistura rock, punk e refer\u00eancias do movimento contracultural manguebeat. Suas letras apostam no nonsense e no duplo sentido, como \u201cPelo\u201d, por exemplo, em que ele canta sobre pelos pubianos e depila\u00e7\u00e3o.<\/p>\n\n\n\n<p class=\"wp-block-paragraph\">No Rock in Rio, Defante prepara um show com tem\u00e1tica futurista, inspirado no lan\u00e7amento de \u201cHumanoide\u201d, seu novo single. A apresenta\u00e7\u00e3o ter\u00e1 rob\u00f4s e figurinos especiais para a banda.<\/p>\n\n\n\n<p class=\"wp-block-paragraph\">&#8220;Moleque, s\u00f3 consigo pensar nisso. Acho que vai ser maneiro e chamar a aten\u00e7\u00e3o, principalmente porque, talvez, muita gente nunca tenha ido a um show meu ou nem saiba que eu tenho um projeto musical&#8221;, comentou em entrevista ao g1.<\/p>\n\n\n\n<h2 class=\"wp-block-heading\">Lvcas<\/h2>\n\n\n\n<p class=\"wp-block-paragraph\">Conhecido na internet como Lucas Inutilismo, o criador de conte\u00fado com mais de 7 milh\u00f5es de seguidores nas redes chega ao Rock in Rio ap\u00f3s mais de uma d\u00e9cada construindo uma comunidade no YouTube.<\/p>\n\n\n\n<p class=\"wp-block-paragraph\">Influenciado pelo pai, f\u00e3 de Led Zeppelin, e por uma prima que admirava na inf\u00e2ncia, Lucas come\u00e7ou a se interessar por rock ainda jovem e passou a tocar diferentes instrumentos.<\/p>\n\n\n\n<p class=\"wp-block-paragraph\">Sob o nome art\u00edstico de Lvcas, o cantor e multi-instrumentista de 30 anos aposta em um som que mistura metal, rock, trap e hip-hop.<\/p>\n\n\n\n<p class=\"wp-block-paragraph\">A carreira autoral ganhou forma em 2023, com o single \u201cOdisseia\u201d, seguido pelo \u00e1lbum \u201cAmanamente\u201d, em 2024, e um novo EP, em 2025. No Rock in Rio,&nbsp;ele se apresenta no palco Supernova no dia 5 de setembro, por volta das 18h.<\/p>\n\n\n\n<p class=\"wp-block-paragraph\">\u201cVai ser um show pesado e en\u00e9rgico, mas um show para todo mundo. Quero que me vejam no palco e percebam que eu estou fazendo isso com tes\u00e3o. Que eu estou 100% entregue&#8221;, revelou em entrevista ao g1.<\/p>\n\n\n\n<p class=\"wp-block-paragraph\">Fonte\/\/G1<\/p>\n","protected":false},"excerpt":{"rendered":"<p>O Rock in Rio tem ampliado o espa\u00e7o para artistas que constru\u00edram parte de sua trajet\u00f3ria na internet e, al\u00e9m de influenciadores, tamb\u00e9m se dedicam \u00e0 m\u00fasica. Para a edi\u00e7\u00e3o de 2026, tr\u00eas criadores de conte\u00fado chegam aos palcos do festival, em diferentes momentos de suas carreiras, para apresentar seus projetos musicais. S\u00e3o eles:\u00a0Ananda, Diogo [&hellip;]<\/p>\n","protected":false},"author":1,"featured_media":16011,"comment_status":"open","ping_status":"closed","sticky":false,"template":"","format":"standard","meta":{"site-sidebar-layout":"default","site-content-layout":"","ast-site-content-layout":"default","site-content-style":"default","site-sidebar-style":"default","ast-global-header-display":"","ast-banner-title-visibility":"","ast-main-header-display":"","ast-hfb-above-header-display":"","ast-hfb-below-header-display":"","ast-hfb-mobile-header-display":"","site-post-title":"","ast-breadcrumbs-content":"","ast-featured-img":"","footer-sml-layout":"","theme-transparent-header-meta":"","adv-header-id-meta":"","stick-header-meta":"","header-above-stick-meta":"","header-main-stick-meta":"","header-below-stick-meta":"","astra-migrate-meta-layouts":"set","ast-page-background-enabled":"default","ast-page-background-meta":{"desktop":{"background-color":"var(--ast-global-color-4)","background-image":"","background-repeat":"repeat","background-position":"center center","background-size":"auto","background-attachment":"scroll","background-type":"","background-media":"","overlay-type":"","overlay-color":"","overlay-opacity":"","overlay-gradient":""},"tablet":{"background-color":"","background-image":"","background-repeat":"repeat","background-position":"center center","background-size":"auto","background-attachment":"scroll","background-type":"","background-media":"","overlay-type":"","overlay-color":"","overlay-opacity":"","overlay-gradient":""},"mobile":{"background-color":"","background-image":"","background-repeat":"repeat","background-position":"center center","background-size":"auto","background-attachment":"scroll","background-type":"","background-media":"","overlay-type":"","overlay-color":"","overlay-opacity":"","overlay-gradient":""}},"ast-content-background-meta":{"desktop":{"background-color":"var(--ast-global-color-5)","background-image":"","background-repeat":"repeat","background-position":"center center","background-size":"auto","background-attachment":"scroll","background-type":"","background-media":"","overlay-type":"","overlay-color":"","overlay-opacity":"","overlay-gradient":""},"tablet":{"background-color":"var(--ast-global-color-5)","background-image":"","background-repeat":"repeat","background-position":"center center","background-size":"auto","background-attachment":"scroll","background-type":"","background-media":"","overlay-type":"","overlay-color":"","overlay-opacity":"","overlay-gradient":""},"mobile":{"background-color":"var(--ast-global-color-5)","background-image":"","background-repeat":"repeat","background-position":"center center","background-size":"auto","background-attachment":"scroll","background-type":"","background-media":"","overlay-type":"","overlay-color":"","overlay-opacity":"","overlay-gradient":""}},"footnotes":""},"categories":[85],"tags":[],"class_list":["post-16008","post","type-post","status-publish","format-standard","has-post-thumbnail","hentry","category-cultura"],"_links":{"self":[{"href":"https:\/\/maisoeste.com.br\/index.php?rest_route=\/wp\/v2\/posts\/16008","targetHints":{"allow":["GET"]}}],"collection":[{"href":"https:\/\/maisoeste.com.br\/index.php?rest_route=\/wp\/v2\/posts"}],"about":[{"href":"https:\/\/maisoeste.com.br\/index.php?rest_route=\/wp\/v2\/types\/post"}],"author":[{"embeddable":true,"href":"https:\/\/maisoeste.com.br\/index.php?rest_route=\/wp\/v2\/users\/1"}],"replies":[{"embeddable":true,"href":"https:\/\/maisoeste.com.br\/index.php?rest_route=%2Fwp%2Fv2%2Fcomments&post=16008"}],"version-history":[{"count":1,"href":"https:\/\/maisoeste.com.br\/index.php?rest_route=\/wp\/v2\/posts\/16008\/revisions"}],"predecessor-version":[{"id":16012,"href":"https:\/\/maisoeste.com.br\/index.php?rest_route=\/wp\/v2\/posts\/16008\/revisions\/16012"}],"wp:featuredmedia":[{"embeddable":true,"href":"https:\/\/maisoeste.com.br\/index.php?rest_route=\/wp\/v2\/media\/16011"}],"wp:attachment":[{"href":"https:\/\/maisoeste.com.br\/index.php?rest_route=%2Fwp%2Fv2%2Fmedia&parent=16008"}],"wp:term":[{"taxonomy":"category","embeddable":true,"href":"https:\/\/maisoeste.com.br\/index.php?rest_route=%2Fwp%2Fv2%2Fcategories&post=16008"},{"taxonomy":"post_tag","embeddable":true,"href":"https:\/\/maisoeste.com.br\/index.php?rest_route=%2Fwp%2Fv2%2Ftags&post=16008"}],"curies":[{"name":"wp","href":"https:\/\/api.w.org\/{rel}","templated":true}]}}