{"id":16013,"date":"2026-09-04T07:19:01","date_gmt":"2026-09-04T10:19:01","guid":{"rendered":"https:\/\/maisoeste.com.br\/?p=16013"},"modified":"2026-09-04T07:19:04","modified_gmt":"2026-09-04T10:19:04","slug":"pf-indica-assimetria-em-acoes-de-mendonca-contra-politicos-e-ve-alcolumbre-como-provavel-alvo-estrategico","status":"publish","type":"post","link":"https:\/\/maisoeste.com.br\/?p=16013","title":{"rendered":"PF indica assimetria em a\u00e7\u00f5es de Mendon\u00e7a contra pol\u00edticos e v\u00ea Alcolumbre como &#8216;prov\u00e1vel alvo estrat\u00e9gico&#8217;"},"content":{"rendered":"\n<p class=\"wp-block-paragraph\">Em relat\u00f3rios de intelig\u00eancia enviados ao ministro Alexandre de Moraes, do Supremo Tribunal Federal (STF), a\u00a0Pol\u00edcia Federal\u00a0(PF) aponta que houve assimetria em a\u00e7\u00f5es do ministro Andr\u00e9 Mendon\u00e7a contra pol\u00edticos no \u00e2mbito do caso Master e avalia que o presidente do Senado, Davi Alcolumbre (Uni\u00e3o-AP), &#8220;constitui prov\u00e1vel alvo estrat\u00e9gico&#8221;.<\/p>\n\n\n\n<p class=\"wp-block-paragraph\">Na abertura do relat\u00f3rio de an\u00e1lise do caso, a Pol\u00edcia Federal aponta que&nbsp;<strong>Mendon\u00e7a avan\u00e7ou sobre a\u00e7\u00f5es que deveriam ser exclusivas da investiga\u00e7\u00e3o e que esse avan\u00e7o &#8220;deixou o plano da percep\u00e7\u00e3o e passou a constar de registro documental pr\u00f3prio&#8221;.<\/strong><\/p>\n\n\n\n<p class=\"wp-block-paragraph\">Em seguida,&nbsp;<strong>a Pol\u00edcia v\u00ea ind\u00edcios de que Mendon\u00e7a dava tratamento diferenciado a investiga\u00e7\u00e3o de acordo com os alvos.<\/strong><\/p>\n\n\n\n<p class=\"wp-block-paragraph\">&#8220;Os ind\u00edcios crescentes de enviesamento na condu\u00e7\u00e3o da supervis\u00e3o judicial, manifestados em direcionamento tem\u00e1tico de intensidade progressiva quanto a linha investigativa determinada&#8221;, diz a PF.<a href=\"https:\/\/globoplay.globo.com\/categorias\/lollapalooza\/?origemId=1779&amp;utm_source=g1&amp;utm_medium=tapume&amp;utm_campaign=aq-org_g1_conteudo_up_perf_banner_web_tier2_live_lolla-24&amp;utm_content=banner&amp;utm_term=tapume-g1-assista\"><\/a><\/p>\n\n\n\n<p class=\"wp-block-paragraph\">Segundo a PF,&nbsp;houve uma varia\u00e7\u00e3o no patamar de exig\u00eancia entre os casos dos senadores Weverton Rocha (PDT-MA) e Ciro Nogueira (PP-PI).<\/p>\n\n\n\n<p class=\"wp-block-paragraph\">&#8220;O cotejo entre os dois feitos revela varia\u00e7\u00e3o relevante no patamar de exig\u00eancia probat\u00f3ria aplicado a parlamentares pelo mesmo Relator, em intervalo de pouco mais de 5 meses, com a peculiaridade de que a exig\u00eancia mais severa incidiu sobre o requerimento menos gravoso e sobre o acervo mais robusto&#8221;, diz a PF.<\/p>\n\n\n\n<p class=\"wp-block-paragraph\">No caso do senador Weverton Rocha (PDT-MA), a representa\u00e7\u00e3o sustenta que o aliado do governo exercia lideran\u00e7a da organiza\u00e7\u00e3o criminosa, mas &#8220;sem apontar ato de of\u00edcio, sem valor rastreado at\u00e9 ele e sem um \u00fanico di\u00e1logo em que figure como interlocutor&#8221;.<\/p>\n\n\n\n<p class=\"wp-block-paragraph\">Ainda aponta que o relat\u00f3rio cravava que ela tinha conhecimento da origem il\u00edcita dos valores que recebia, mas &#8220;sem localizar uma s\u00f3 comunica\u00e7\u00e3o em que ela trate do tema&#8221;.<\/p>\n\n\n\n<p class=\"wp-block-paragraph\">&#8220;As informa\u00e7\u00f5es de Pol\u00edcia Judici\u00e1ria examinadas reproduzem a mesma arquitetura: introdu\u00e7\u00e3o que antecipa conclus\u00f5es, ac\u00famulo de capturas de tela sem cruzamento que as conecte, e encerramento por assertivas categ\u00f3ricas n\u00e3o sustentadas no corpo do documento&#8221;, aponta a PF.<\/p>\n\n\n\n<p class=\"wp-block-paragraph\">&#8220;Quanto mais fr\u00e1gil o insumo entregue, maior o espa\u00e7o de valora\u00e7\u00e3o discricion\u00e1ria de quem decide; e quanto maior esse espa\u00e7o, menor o incentivo \u00e0 corre\u00e7\u00e3o do insumo&#8221;, finalizou a PF.<\/p>\n\n\n\n<p class=\"wp-block-paragraph\">Sobre o caso do senador Ciro Nogueira, a PF avalia que&nbsp;<strong>havia um conjunto mais robusto de elementos.<\/strong><\/p>\n\n\n\n<p class=\"wp-block-paragraph\">No relat\u00f3rio, a Pol\u00edcia cita a chamada \u201cemenda Master\u201d, uma proposta de altera\u00e7\u00e3o da Proposta de Emenda \u00e0 Constitui\u00e7\u00e3o (PEC) da Autonomia Financeira do Banco Central.<\/p>\n\n\n\n<p class=\"wp-block-paragraph\">O senador foi o autor da emenda, que previa aumentar o limite de cobertura do Fundo Garantidor de Cr\u00e9dito (FGC) dos atuais R$ 250 mil para R$ 1 milh\u00e3o.<\/p>\n\n\n\n<p class=\"wp-block-paragraph\">Segundo a PF, a emenda foi elaborada por pessoas vinculadas ao Banco Master e encaminhada pelo ent\u00e3o diretor jur\u00eddico do banco a Daniel Vorcaro. O documento ent\u00e3o foi encaminhado \u00e0 resid\u00eancia de Ciro e foi posteriormente protocolado no Senado.<\/p>\n\n\n\n<p class=\"wp-block-paragraph\">Em uma troca de mensagens com um terceiro, o banqueiro Daniel Vorcaro comemorou a apresenta\u00e7\u00e3o do texto. &#8220;Foi a vers\u00e3o. Que o andre me mandou. Final. Saiu exatamente como mandei&#8221;, disse Vorcaro.<\/p>\n\n\n\n<p class=\"wp-block-paragraph\">No relat\u00f3rio, a Pol\u00edcia Federal sustenta que houve tratamento distinto na an\u00e1lise de dois casos sob relatoria do mesmo magistrado. &#8220;No feito em que o acervo era comparativamente mais fr\u00e1gil, e a medida pretendida a mais gravosa, o Relator reconheceu &#8220;fortes ind\u00edcios&#8221; e limitou-se a indeferir a segrega\u00e7\u00e3o. No feito em que o acervo j\u00e1 continha ato de of\u00edcio documentado e a medida pretendida era a menos invasiva do ordenamento, condicionou a pr\u00f3pria an\u00e1lise da justa causa \u00e0 produ\u00e7\u00e3o pr\u00e9via de prova da contrapartida financeira&#8221;.<\/p>\n\n\n\n<h2 class=\"wp-block-heading\">Alcolumbre como &#8220;prov\u00e1vel alvo estrat\u00e9gico&#8221;<\/h2>\n\n\n\n<p class=\"wp-block-paragraph\">Em um dos relat\u00f3rios, a PF levanta a hip\u00f3tese de que o presidente do Senado seria um &#8220;prov\u00e1vel alvo estrat\u00e9gico&#8221;, destacando a for\u00e7a politica e favoritismo para se manter na presid\u00eancia do Senado no pr\u00f3ximo ano.<\/p>\n\n\n\n<p class=\"wp-block-paragraph\">Em despacho publicado nesta quinta-feira (3), o ministro Alexandre de Moraes, do Supremo Tribunal Federal (STF), afirmou que a Pol\u00edcia Federal (PF) identificou o direcionamento de investiga\u00e7\u00f5es por Andr\u00e9 Mendon\u00e7a contra o presidente do Senado, Davi Alcolumbre (Uni\u00e3o-AP).<\/p>\n\n\n\n<p class=\"wp-block-paragraph\">&#8220;Avalia-se que Davi Alcolumbre constitui prov\u00e1vel alvo estrat\u00e9gico, considerada sua for\u00e7a pol\u00edtica, o favoritismo para manter-se na presid\u00eancia do Senado Federal e o consequente controle da pauta daquela Casa, notadamente quanto ao processamento de pedidos de impeachment de ministros do Supremo Tribunal Federal&#8221;.<\/p>\n\n\n\n<p class=\"wp-block-paragraph\">O relat\u00f3rio tamb\u00e9m cita o hist\u00f3rico de diverg\u00eancias entre Mendon\u00e7a e o senador. De acordo com a Pol\u00edcia Federal, Alcolumbre foi visto como um dos principais obst\u00e1culos \u00e0 indica\u00e7\u00e3o do atual ministro do STF durante o governo do ex-presidente Jair Bolsonaro (PL).<\/p>\n\n\n\n<h2 class=\"wp-block-heading\">Assimetria nos prazos de aprecia\u00e7\u00e3o<\/h2>\n\n\n\n<p class=\"wp-block-paragraph\">Em um dos relat\u00f3rios, a Pol\u00edcia Federal comparou o tempo levado pelo ministro Mendon\u00e7a para analisar medidas em investiga\u00e7\u00f5es envolvendo diferentes autoridades.<\/p>\n\n\n\n<p class=\"wp-block-paragraph\">Entre os casos examinados, o menor intervalo registrado foi de nove dias, em uma medida envolvendo o senador Jaques Wagner (PT-BA). O maior chegou a 75 dias, em procedimento relacionado ao governador do Rio de Janeiro, Cl\u00e1udio Castro (PL).<\/p>\n\n\n\n<p class=\"wp-block-paragraph\"><strong>Veja abaixo:<\/strong><\/p>\n\n\n\n<ul class=\"wp-block-list\">\n<li><strong>Jaques Wagner (PT-BA):<\/strong>\u00a0mandado de busca e apreens\u00e3o \u2014 9 dias<\/li>\n\n\n\n<li><strong>Ciro Nogueira:\u00a0<\/strong>mandado de busca e apreens\u00e3o \u2014 29 dias<\/li>\n\n\n\n<li><strong>Cl\u00e1udio Castro:\u00a0<\/strong>mandado de busca e apreens\u00e3o \u2014 75 dias<\/li>\n\n\n\n<li><strong>Cl\u00e1udio Castro (2):<\/strong>\u00a0mandado de busca e apreens\u00e3o indeferido com parecer favor\u00e1vel da PGR \u2014 46 dias<\/li>\n\n\n\n<li><strong>Instuto Previd\u00eancia de Macei\u00f3:<\/strong>\u00a0cautelares \u2014 53+ dias<\/li>\n<\/ul>\n\n\n\n<p class=\"wp-block-paragraph\">O relat\u00f3rio n\u00e3o afirma que Mendon\u00e7a tenha deliberadamente acelerado ou retardado decis\u00f5es para beneficiar ou prejudicar autoridades. No entanto, a Pol\u00edcia Federal relata que houve uma diferen\u00e7a expressiva nos prazos de an\u00e1lise dos casos. &#8220;A dispers\u00e3o \u00e9 expressiva e sugere correla\u00e7\u00e3o entre tempo de aprecia\u00e7\u00e3o e perfil do investigado&#8221;, diz a PF.<\/p>\n\n\n\n<h2 class=\"wp-block-heading\">Pedido de investiga\u00e7\u00e3o<\/h2>\n\n\n\n<p class=\"wp-block-paragraph\">Os relat\u00f3rios foram mencionados pelo ministro Alexandre de Moraes no\u00a0pedido de investiga\u00e7\u00e3o contra Mendon\u00e7a encaminhado por ele ao presidente da Corte, ministro Edson Fachin, nesta quinta-feira (3).<\/p>\n\n\n\n<p class=\"wp-block-paragraph\">No pedido, Moraes disse que h\u00e1 presen\u00e7a de fortes ind\u00edcios da pr\u00e1tica de improbidade administrativa, abuso de autoridade, crime de responsabilidade e favorecimento a determinados grupos pol\u00edticos no exerc\u00edcio da relatoria dos casos Master e INSS.<\/p>\n\n\n\n<p class=\"wp-block-paragraph\">Na ter\u00e7a-feira (1), Mendon\u00e7a\u00a0retirou o sigilo do relat\u00f3rio da Pol\u00edcia Federal (PF), feito por sua determina\u00e7\u00e3o, que exp\u00f4s mensagens e contatos entre Moraes e o ex-dono do Banco Master, Daniel Vorcaro.<\/p>\n\n\n\n<p class=\"wp-block-paragraph\">Mendon\u00e7a\u00a0sugeriu na mesma decis\u00e3o que os elementos constantes dos relat\u00f3rios da PF sobre o caso fossem avaliados pelo plen\u00e1rio da Corte.<\/p>\n\n\n\n<p class=\"wp-block-paragraph\">Nesta quinta,\u00a0Fachin deu 5 dias \u00fateis para que Mendon\u00e7a, Moraes, PGR e Pol\u00edcia Federal prestem informa\u00e7\u00f5es sobre todas as movimenta\u00e7\u00f5es envolvendo o caso.<\/p>\n\n\n\n<p class=\"wp-block-paragraph\">Fonte\/\/G1<\/p>\n","protected":false},"excerpt":{"rendered":"<p>Em relat\u00f3rios de intelig\u00eancia enviados ao ministro Alexandre de Moraes, do Supremo Tribunal Federal (STF), a\u00a0Pol\u00edcia Federal\u00a0(PF) aponta que houve assimetria em a\u00e7\u00f5es do ministro Andr\u00e9 Mendon\u00e7a contra pol\u00edticos no \u00e2mbito do caso Master e avalia que o presidente do Senado, Davi Alcolumbre (Uni\u00e3o-AP), &#8220;constitui prov\u00e1vel alvo estrat\u00e9gico&#8221;. Na abertura do relat\u00f3rio de an\u00e1lise do [&hellip;]<\/p>\n","protected":false},"author":1,"featured_media":16014,"comment_status":"open","ping_status":"closed","sticky":false,"template":"","format":"standard","meta":{"site-sidebar-layout":"default","site-content-layout":"","ast-site-content-layout":"default","site-content-style":"default","site-sidebar-style":"default","ast-global-header-display":"","ast-banner-title-visibility":"","ast-main-header-display":"","ast-hfb-above-header-display":"","ast-hfb-below-header-display":"","ast-hfb-mobile-header-display":"","site-post-title":"","ast-breadcrumbs-content":"","ast-featured-img":"","footer-sml-layout":"","theme-transparent-header-meta":"","adv-header-id-meta":"","stick-header-meta":"","header-above-stick-meta":"","header-main-stick-meta":"","header-below-stick-meta":"","astra-migrate-meta-layouts":"set","ast-page-background-enabled":"default","ast-page-background-meta":{"desktop":{"background-color":"var(--ast-global-color-4)","background-image":"","background-repeat":"repeat","background-position":"center center","background-size":"auto","background-attachment":"scroll","background-type":"","background-media":"","overlay-type":"","overlay-color":"","overlay-opacity":"","overlay-gradient":""},"tablet":{"background-color":"","background-image":"","background-repeat":"repeat","background-position":"center center","background-size":"auto","background-attachment":"scroll","background-type":"","background-media":"","overlay-type":"","overlay-color":"","overlay-opacity":"","overlay-gradient":""},"mobile":{"background-color":"","background-image":"","background-repeat":"repeat","background-position":"center center","background-size":"auto","background-attachment":"scroll","background-type":"","background-media":"","overlay-type":"","overlay-color":"","overlay-opacity":"","overlay-gradient":""}},"ast-content-background-meta":{"desktop":{"background-color":"var(--ast-global-color-5)","background-image":"","background-repeat":"repeat","background-position":"center center","background-size":"auto","background-attachment":"scroll","background-type":"","background-media":"","overlay-type":"","overlay-color":"","overlay-opacity":"","overlay-gradient":""},"tablet":{"background-color":"var(--ast-global-color-5)","background-image":"","background-repeat":"repeat","background-position":"center center","background-size":"auto","background-attachment":"scroll","background-type":"","background-media":"","overlay-type":"","overlay-color":"","overlay-opacity":"","overlay-gradient":""},"mobile":{"background-color":"var(--ast-global-color-5)","background-image":"","background-repeat":"repeat","background-position":"center center","background-size":"auto","background-attachment":"scroll","background-type":"","background-media":"","overlay-type":"","overlay-color":"","overlay-opacity":"","overlay-gradient":""}},"footnotes":""},"categories":[4],"tags":[],"class_list":["post-16013","post","type-post","status-publish","format-standard","has-post-thumbnail","hentry","category-brasil"],"_links":{"self":[{"href":"https:\/\/maisoeste.com.br\/index.php?rest_route=\/wp\/v2\/posts\/16013","targetHints":{"allow":["GET"]}}],"collection":[{"href":"https:\/\/maisoeste.com.br\/index.php?rest_route=\/wp\/v2\/posts"}],"about":[{"href":"https:\/\/maisoeste.com.br\/index.php?rest_route=\/wp\/v2\/types\/post"}],"author":[{"embeddable":true,"href":"https:\/\/maisoeste.com.br\/index.php?rest_route=\/wp\/v2\/users\/1"}],"replies":[{"embeddable":true,"href":"https:\/\/maisoeste.com.br\/index.php?rest_route=%2Fwp%2Fv2%2Fcomments&post=16013"}],"version-history":[{"count":1,"href":"https:\/\/maisoeste.com.br\/index.php?rest_route=\/wp\/v2\/posts\/16013\/revisions"}],"predecessor-version":[{"id":16015,"href":"https:\/\/maisoeste.com.br\/index.php?rest_route=\/wp\/v2\/posts\/16013\/revisions\/16015"}],"wp:featuredmedia":[{"embeddable":true,"href":"https:\/\/maisoeste.com.br\/index.php?rest_route=\/wp\/v2\/media\/16014"}],"wp:attachment":[{"href":"https:\/\/maisoeste.com.br\/index.php?rest_route=%2Fwp%2Fv2%2Fmedia&parent=16013"}],"wp:term":[{"taxonomy":"category","embeddable":true,"href":"https:\/\/maisoeste.com.br\/index.php?rest_route=%2Fwp%2Fv2%2Fcategories&post=16013"},{"taxonomy":"post_tag","embeddable":true,"href":"https:\/\/maisoeste.com.br\/index.php?rest_route=%2Fwp%2Fv2%2Ftags&post=16013"}],"curies":[{"name":"wp","href":"https:\/\/api.w.org\/{rel}","templated":true}]}}