{"id":1602,"date":"2025-02-06T07:42:46","date_gmt":"2025-02-06T10:42:46","guid":{"rendered":"https:\/\/maisoeste.com.br\/?p=1602"},"modified":"2025-02-06T07:42:46","modified_gmt":"2025-02-06T10:42:46","slug":"inicio-do-ano-letivo-na-rede-municipal-de-barreiras-e-adiado-para-10-de-fevereiro","status":"publish","type":"post","link":"https:\/\/maisoeste.com.br\/?p=1602","title":{"rendered":"In\u00edcio do ano letivo na rede municipal de Barreiras \u00e9 adiado para 10 de fevereiro"},"content":{"rendered":"\n<p>A Prefeitura de Barreiras, por meio da Secretaria Municipal de Educa\u00e7\u00e3o, informa que o in\u00edcio do ano letivo de 2025 na rede municipal de ensino foi adiado para a pr\u00f3xima segunda-feira (10). De acordo com a Secretaria de Educa\u00e7\u00e3o, a mudan\u00e7a decorre da necessidade de concluir o processo de inclus\u00e3o dos novos profissionais, incluindo professores, monitores e funcion\u00e1rios de servi\u00e7os gerais.<\/p>\n\n\n\n<p>O adiamento tornou-se necess\u00e1rio ap\u00f3s alguns candidatos selecionados para essas fun\u00e7\u00f5es n\u00e3o comparecerem \u00e0s convoca\u00e7\u00f5es, exigindo a realiza\u00e7\u00e3o de novas chamadas para garantir o funcionamento adequado das escolas. Apesar do ajuste no calend\u00e1rio, a Secretaria de Educa\u00e7\u00e3o assegura que a mudan\u00e7a n\u00e3o prejudicar\u00e1 o andamento do ano letivo.<\/p>\n\n\n\n<p>\u201cA volta \u00e0s aulas est\u00e1 sendo organizada com muito empenho pelos nossos professores e demais profissionais da educa\u00e7\u00e3o. As aulas estavam previstas para iniciar nesta quinta-feira (6), mas precisamos fazer esse ajuste necess\u00e1rio. Garantimos que esse adiamento n\u00e3o ir\u00e1 comprometer o aprendizado dos nossos alunos e caso alguma fam\u00edlia ou respons\u00e1vel tenha d\u00favidas, a Secretaria de Educa\u00e7\u00e3o est\u00e1 \u00e0 disposi\u00e7\u00e3o para mais esclarecimentos\u201d, destacou o secret\u00e1rio Jeferson Barbosa.<\/p>\n\n\n\n<p>Durante toda esta semana, equipes da Secretaria Municipal de Educa\u00e7\u00e3o participam da Jornada Pedag\u00f3gica, com foco na coopera\u00e7\u00e3o e humaniza\u00e7\u00e3o.<\/p>\n\n\n\n<p><strong>Dircom<\/strong><\/p>\n","protected":false},"excerpt":{"rendered":"<p>A Prefeitura de Barreiras, por meio da Secretaria Municipal de Educa\u00e7\u00e3o, informa que o in\u00edcio do ano letivo de 2025 na rede municipal de ensino foi adiado para a pr\u00f3xima segunda-feira (10). De acordo com a Secretaria de Educa\u00e7\u00e3o, a mudan\u00e7a decorre da necessidade de concluir o processo de inclus\u00e3o dos novos profissionais, incluindo professores, [&hellip;]<\/p>\n","protected":false},"author":1,"featured_media":1603,"comment_status":"open","ping_status":"closed","sticky":false,"template":"","format":"standard","meta":{"site-sidebar-layout":"default","site-content-layout":"","ast-site-content-layout":"default","site-content-style":"default","site-sidebar-style":"default","ast-global-header-display":"","ast-banner-title-visibility":"","ast-main-header-display":"","ast-hfb-above-header-display":"","ast-hfb-below-header-display":"","ast-hfb-mobile-header-display":"","site-post-title":"","ast-breadcrumbs-content":"","ast-featured-img":"","footer-sml-layout":"","theme-transparent-header-meta":"","adv-header-id-meta":"","stick-header-meta":"","header-above-stick-meta":"","header-main-stick-meta":"","header-below-stick-meta":"","astra-migrate-meta-layouts":"set","ast-page-background-enabled":"default","ast-page-background-meta":{"desktop":{"background-color":"var(--ast-global-color-4)","background-image":"","background-repeat":"repeat","background-position":"center center","background-size":"auto","background-attachment":"scroll","background-type":"","background-media":"","overlay-type":"","overlay-color":"","overlay-opacity":"","overlay-gradient":""},"tablet":{"background-color":"","background-image":"","background-repeat":"repeat","background-position":"center center","background-size":"auto","background-attachment":"scroll","background-type":"","background-media":"","overlay-type":"","overlay-color":"","overlay-opacity":"","overlay-gradient":""},"mobile":{"background-color":"","background-image":"","background-repeat":"repeat","background-position":"center center","background-size":"auto","background-attachment":"scroll","background-type":"","background-media":"","overlay-type":"","overlay-color":"","overlay-opacity":"","overlay-gradient":""}},"ast-content-background-meta":{"desktop":{"background-color":"var(--ast-global-color-5)","background-image":"","background-repeat":"repeat","background-position":"center center","background-size":"auto","background-attachment":"scroll","background-type":"","background-media":"","overlay-type":"","overlay-color":"","overlay-opacity":"","overlay-gradient":""},"tablet":{"background-color":"var(--ast-global-color-5)","background-image":"","background-repeat":"repeat","background-position":"center center","background-size":"auto","background-attachment":"scroll","background-type":"","background-media":"","overlay-type":"","overlay-color":"","overlay-opacity":"","overlay-gradient":""},"mobile":{"background-color":"var(--ast-global-color-5)","background-image":"","background-repeat":"repeat","background-position":"center center","background-size":"auto","background-attachment":"scroll","background-type":"","background-media":"","overlay-type":"","overlay-color":"","overlay-opacity":"","overlay-gradient":""}},"footnotes":""},"categories":[45],"tags":[122],"class_list":["post-1602","post","type-post","status-publish","format-standard","has-post-thumbnail","hentry","category-esportes","tag-manchetes"],"_links":{"self":[{"href":"https:\/\/maisoeste.com.br\/index.php?rest_route=\/wp\/v2\/posts\/1602","targetHints":{"allow":["GET"]}}],"collection":[{"href":"https:\/\/maisoeste.com.br\/index.php?rest_route=\/wp\/v2\/posts"}],"about":[{"href":"https:\/\/maisoeste.com.br\/index.php?rest_route=\/wp\/v2\/types\/post"}],"author":[{"embeddable":true,"href":"https:\/\/maisoeste.com.br\/index.php?rest_route=\/wp\/v2\/users\/1"}],"replies":[{"embeddable":true,"href":"https:\/\/maisoeste.com.br\/index.php?rest_route=%2Fwp%2Fv2%2Fcomments&post=1602"}],"version-history":[{"count":1,"href":"https:\/\/maisoeste.com.br\/index.php?rest_route=\/wp\/v2\/posts\/1602\/revisions"}],"predecessor-version":[{"id":1604,"href":"https:\/\/maisoeste.com.br\/index.php?rest_route=\/wp\/v2\/posts\/1602\/revisions\/1604"}],"wp:featuredmedia":[{"embeddable":true,"href":"https:\/\/maisoeste.com.br\/index.php?rest_route=\/wp\/v2\/media\/1603"}],"wp:attachment":[{"href":"https:\/\/maisoeste.com.br\/index.php?rest_route=%2Fwp%2Fv2%2Fmedia&parent=1602"}],"wp:term":[{"taxonomy":"category","embeddable":true,"href":"https:\/\/maisoeste.com.br\/index.php?rest_route=%2Fwp%2Fv2%2Fcategories&post=1602"},{"taxonomy":"post_tag","embeddable":true,"href":"https:\/\/maisoeste.com.br\/index.php?rest_route=%2Fwp%2Fv2%2Ftags&post=1602"}],"curies":[{"name":"wp","href":"https:\/\/api.w.org\/{rel}","templated":true}]}}