{"id":16023,"date":"2026-09-04T11:51:14","date_gmt":"2026-09-04T14:51:14","guid":{"rendered":"https:\/\/maisoeste.com.br\/?p=16023"},"modified":"2026-09-04T11:51:16","modified_gmt":"2026-09-04T14:51:16","slug":"vereadores-promovem-agendas-para-cinthya-maraba-e-ditinho-avivip-em-luis-eduardo-magalhaes","status":"publish","type":"post","link":"https:\/\/maisoeste.com.br\/?p=16023","title":{"rendered":"Vereadores promovem agendas para Cinthya Marab\u00e1 e Ditinho Avivip em Lu\u00eds Eduardo Magalh\u00e3es"},"content":{"rendered":"\n<p class=\"wp-block-paragraph\">Vereadores que decidiram apoiar a dobradinha das candidaturas de Cithya Marab\u00e1 (PL), para deputada estadual, e Ditinho Avivip (UB) para deputado federal, realizaram reuni\u00f5es e encontros nesta quarta-feira (02), para apresenta\u00e7\u00e3o dos seus candidatos para as suas bases eleitorais.<\/p>\n\n\n\n<p class=\"wp-block-paragraph\"><em>Vereador Luan Teixeira re\u00fane apoiadores<\/em><br>O dia iniciou com um encontro realizado no Hotel Parano\u00e1, pelo vereador Luan Teixeira (PP), onde reuniu cerca de 50 participantes para conhecer as propostas de Cinthya Marab\u00e1 e Ditinho Avivip. O evento contou com a presen\u00e7a do vice-prefeito de Lu\u00eds Eduardo Magalh\u00e3es, Franklin Willer, lideran\u00e7as pol\u00edticas e apoiadores.<\/p>\n\n\n\n<p class=\"wp-block-paragraph\">O vereador Luan falou os motivos que o levaram a apoiar Cinthya e Ditinho, e destacou a proximidade e a disponibilidade demonstradas pelos candidatos. \u201cPoder contar com representantes que atendem e mant\u00eam di\u00e1logo com suas bases \u00e9 fundamental para quem exerce um mandato pol\u00edtico\u201d, disse Luan.<\/p>\n\n\n\n<p class=\"wp-block-paragraph\">Cinthya Marab\u00e1 encerrou a reuni\u00e3o agradecendo a presen\u00e7a e a confian\u00e7a dos apoiadores. A candidata parabenizou Ditinho pela hist\u00f3ria de supera\u00e7\u00e3o apresentada durante o encontro e afirmou acreditar que est\u00e1 seguindo o caminho certo.<\/p>\n\n\n\n<p class=\"wp-block-paragraph\"><em>Vitor do Ferro Velho promove encontro<\/em><br>Cerca de 80 apoiadores participaram do encontro promovida pelo vereador Victor do Ferro Velho (UB) para apresentar as candidaturas de Cinthya Marab\u00e1, para deputada estadual, e Ditinho Avivip, para deputado federal.<\/p>\n\n\n\n<p class=\"wp-block-paragraph\">O encontro contou tamb\u00e9m com a participa\u00e7\u00e3o do vice-prefeito Franklin Willer, que refor\u00e7ou a import\u00e2ncia da constru\u00e7\u00e3o de uma representa\u00e7\u00e3o pol\u00edtica comprometida com as demandas do Oeste Baiano. \u201cTemos um compromisso com estas duas candidaturas. Vamos trabalhar pela elei\u00e7\u00e3o de Cinthya para a Assembleia Legislativa e de Ditinho para a C\u00e2mara dos Deputados\u201d.<\/p>\n\n\n\n<p class=\"wp-block-paragraph\">Ao defender a candidatura, o vereador Victor resumiu sua avalia\u00e7\u00e3o sobre Ditinho e Cinthya em uma declara\u00e7\u00e3o que sintetizou seu posicionamento: \u201cO Ditinho n\u00e3o precisa da pol\u00edtica. A pol\u00edtica precisa do Ditinho, a mesma coisa com a nossa deputada Cinthya Marab\u00e1\u201d.<\/p>\n\n\n\n<p class=\"wp-block-paragraph\"><em>Motoristas participam de encontro<\/em><br>E no final do dia, a pauta foi por conta dos motoristas de aplicativos, taxistas, profissionais do transporte escolar e representantes do transporte p\u00fablico, que participaram de um bate papo com a candidata a deputada estadual Cinthya Marab\u00e1 e com o candidato deputado federal Ditinho Avivip.<\/p>\n\n\n\n<p class=\"wp-block-paragraph\">Em sua fala, Cinthya agradeceu aos motoristas e demais profissionais presentes e reconheceu a import\u00e2ncia do servi\u00e7o prestado diariamente \u00e0 popula\u00e7\u00e3o. \u201cVoc\u00eas, trabalhadores do setor de transporte, exercem uma fun\u00e7\u00e3o essencial para o funcionamento da nossa cidade e para a rotina de milhares de pessoas\u201d.<\/p>\n\n\n\n<p class=\"wp-block-paragraph\">Entre os participantes estiveram o vice prefeito Franklin Willer, os vereadores F\u00e1bio Rocha (Solidariedade), Zadinho (Podemos), Ade Cerrado (PP) e Tuxa (UB), al\u00e9m do secret\u00e1rio de Seguran\u00e7a e Tr\u00e2nsito, Jo\u00e3o Paulo e do superintendente de Tr\u00e2nsito, Adriano Silva.<\/p>\n","protected":false},"excerpt":{"rendered":"<p>Vereadores que decidiram apoiar a dobradinha das candidaturas de Cithya Marab\u00e1 (PL), para deputada estadual, e Ditinho Avivip (UB) para deputado federal, realizaram reuni\u00f5es e encontros nesta quarta-feira (02), para apresenta\u00e7\u00e3o dos seus candidatos para as suas bases eleitorais. Vereador Luan Teixeira re\u00fane apoiadoresO dia iniciou com um encontro realizado no Hotel Parano\u00e1, pelo vereador [&hellip;]<\/p>\n","protected":false},"author":1,"featured_media":16024,"comment_status":"open","ping_status":"closed","sticky":false,"template":"","format":"standard","meta":{"site-sidebar-layout":"default","site-content-layout":"","ast-site-content-layout":"default","site-content-style":"default","site-sidebar-style":"default","ast-global-header-display":"","ast-banner-title-visibility":"","ast-main-header-display":"","ast-hfb-above-header-display":"","ast-hfb-below-header-display":"","ast-hfb-mobile-header-display":"","site-post-title":"","ast-breadcrumbs-content":"","ast-featured-img":"","footer-sml-layout":"","theme-transparent-header-meta":"","adv-header-id-meta":"","stick-header-meta":"","header-above-stick-meta":"","header-main-stick-meta":"","header-below-stick-meta":"","astra-migrate-meta-layouts":"set","ast-page-background-enabled":"default","ast-page-background-meta":{"desktop":{"background-color":"var(--ast-global-color-4)","background-image":"","background-repeat":"repeat","background-position":"center center","background-size":"auto","background-attachment":"scroll","background-type":"","background-media":"","overlay-type":"","overlay-color":"","overlay-opacity":"","overlay-gradient":""},"tablet":{"background-color":"","background-image":"","background-repeat":"repeat","background-position":"center center","background-size":"auto","background-attachment":"scroll","background-type":"","background-media":"","overlay-type":"","overlay-color":"","overlay-opacity":"","overlay-gradient":""},"mobile":{"background-color":"","background-image":"","background-repeat":"repeat","background-position":"center center","background-size":"auto","background-attachment":"scroll","background-type":"","background-media":"","overlay-type":"","overlay-color":"","overlay-opacity":"","overlay-gradient":""}},"ast-content-background-meta":{"desktop":{"background-color":"var(--ast-global-color-5)","background-image":"","background-repeat":"repeat","background-position":"center center","background-size":"auto","background-attachment":"scroll","background-type":"","background-media":"","overlay-type":"","overlay-color":"","overlay-opacity":"","overlay-gradient":""},"tablet":{"background-color":"var(--ast-global-color-5)","background-image":"","background-repeat":"repeat","background-position":"center center","background-size":"auto","background-attachment":"scroll","background-type":"","background-media":"","overlay-type":"","overlay-color":"","overlay-opacity":"","overlay-gradient":""},"mobile":{"background-color":"var(--ast-global-color-5)","background-image":"","background-repeat":"repeat","background-position":"center center","background-size":"auto","background-attachment":"scroll","background-type":"","background-media":"","overlay-type":"","overlay-color":"","overlay-opacity":"","overlay-gradient":""}},"footnotes":""},"categories":[84],"tags":[],"class_list":["post-16023","post","type-post","status-publish","format-standard","has-post-thumbnail","hentry","category-politica"],"_links":{"self":[{"href":"https:\/\/maisoeste.com.br\/index.php?rest_route=\/wp\/v2\/posts\/16023","targetHints":{"allow":["GET"]}}],"collection":[{"href":"https:\/\/maisoeste.com.br\/index.php?rest_route=\/wp\/v2\/posts"}],"about":[{"href":"https:\/\/maisoeste.com.br\/index.php?rest_route=\/wp\/v2\/types\/post"}],"author":[{"embeddable":true,"href":"https:\/\/maisoeste.com.br\/index.php?rest_route=\/wp\/v2\/users\/1"}],"replies":[{"embeddable":true,"href":"https:\/\/maisoeste.com.br\/index.php?rest_route=%2Fwp%2Fv2%2Fcomments&post=16023"}],"version-history":[{"count":1,"href":"https:\/\/maisoeste.com.br\/index.php?rest_route=\/wp\/v2\/posts\/16023\/revisions"}],"predecessor-version":[{"id":16025,"href":"https:\/\/maisoeste.com.br\/index.php?rest_route=\/wp\/v2\/posts\/16023\/revisions\/16025"}],"wp:featuredmedia":[{"embeddable":true,"href":"https:\/\/maisoeste.com.br\/index.php?rest_route=\/wp\/v2\/media\/16024"}],"wp:attachment":[{"href":"https:\/\/maisoeste.com.br\/index.php?rest_route=%2Fwp%2Fv2%2Fmedia&parent=16023"}],"wp:term":[{"taxonomy":"category","embeddable":true,"href":"https:\/\/maisoeste.com.br\/index.php?rest_route=%2Fwp%2Fv2%2Fcategories&post=16023"},{"taxonomy":"post_tag","embeddable":true,"href":"https:\/\/maisoeste.com.br\/index.php?rest_route=%2Fwp%2Fv2%2Ftags&post=16023"}],"curies":[{"name":"wp","href":"https:\/\/api.w.org\/{rel}","templated":true}]}}