{"id":16026,"date":"2026-09-05T07:20:07","date_gmt":"2026-09-05T10:20:07","guid":{"rendered":"https:\/\/maisoeste.com.br\/?p=16026"},"modified":"2026-09-05T07:20:16","modified_gmt":"2026-09-05T10:20:16","slug":"barreiras-sera-destaque-na-28a-bienal-internacional-do-livro-em-sao-paulo","status":"publish","type":"post","link":"https:\/\/maisoeste.com.br\/?p=16026","title":{"rendered":"Barreiras ser\u00e1 destaque na 28\u00aa Bienal Internacional do Livro em S\u00e3o Paulo"},"content":{"rendered":"\n<p class=\"wp-block-paragraph\">A literatura e a hist\u00f3ria de Barreiras estiveram em destaque nesta quinta-feira (3), durante encontros realizados pelo projeto Hist\u00f3rias da Nossa Terra em duas escolas da rede municipal de ensino. A iniciativa foi conduzida pela pedagoga, mestre em Educa\u00e7\u00e3o e escritora Amanda Garcia, autora do livro O Segredo das Barreiras: Uma Viagem no Tempo.<\/p>\n\n\n\n<p class=\"wp-block-paragraph\">No per\u00edodo da manh\u00e3, a autora esteve na Escola Municipal Celso Barbosa dos Santos, onde conversou com os estudantes e apresentou a obra. \u00c0 tarde, o encontro aconteceu na Escola Municipal Professor Itaraju Queiroz Santos, proporcionando aos alunos uma experi\u00eancia de aproxima\u00e7\u00e3o com a literatura e a hist\u00f3ria do munic\u00edpio.<\/p>\n\n\n\n<p class=\"wp-block-paragraph\">O projeto utiliza o territ\u00f3rio como elemento de aprendizagem e busca despertar nas crian\u00e7as e adolescentes o sentimento de pertencimento e a valoriza\u00e7\u00e3o das ra\u00edzes locais. Na obra, os personagens Laura e Ca\u00edque encontram um medalh\u00e3o m\u00e1gico durante um passeio pelo cais e s\u00e3o conduzidos a uma viagem pelo passado de Barreiras.<\/p>\n\n\n\n<p class=\"wp-block-paragraph\">Ao longo da aventura, os protagonistas conhecem as origens do munic\u00edpio, fatos hist\u00f3ricos, lendas, tradi\u00e7\u00f5es e personagens que fazem parte da mem\u00f3ria barreirense. Entre os elementos apresentados est\u00e3o a origem do nome Barreiras, as hist\u00f3rias relacionadas ao Rio Grande, o Nego d\u2019\u00c1gua, o Nazaro e figuras marcantes como Pol\u00f4go.<\/p>\n\n\n\n<p class=\"wp-block-paragraph\">\u201cMeu objetivo \u00e9 fazer com que as crian\u00e7as percebam que o territ\u00f3rio onde vivem tamb\u00e9m \u00e9 um espa\u00e7o de aprendizagem e que a nossa hist\u00f3ria precisa ser conhecida e valorizada\u201d, destacou Amanda Garcia.<\/p>\n\n\n\n<p class=\"wp-block-paragraph\">O livro &#8220;O Segredo das Barreiras: Uma Viagem no Tempo&#8221; foi lan\u00e7ado em Barreiras durante a Festa Liter\u00e1ria Internacional de Barreiras (FLIB) e tamb\u00e9m apresentado na Academia Barreirense de Letras (ABL).&nbsp;A obra foi produzida em parceria com o Instituto&nbsp;Educa+&nbsp;e a Editora Chave Mestra, fortalecendo a produ\u00e7\u00e3o liter\u00e1ria voltada \u00e0 hist\u00f3ria e \u00e0 cultura regional.<\/p>\n\n\n\n<p class=\"wp-block-paragraph\">Agora, o trabalho desenvolvido pela escritora ganha proje\u00e7\u00e3o nacional com sua participa\u00e7\u00e3o na 28\u00aa Bienal Internacional do Livro de S\u00e3o Paulo. Amanda Garcia viajar\u00e1 para S\u00e3o Paulo no dia 8 deste m\u00eas e, no dia 10, participar\u00e1 da programa\u00e7\u00e3o oficial do evento, representando Barreiras e o Oeste da Bahia. A obra foi selecionada pela curadoria para estar entre os destaques da programa\u00e7\u00e3o, levando para um dos maiores eventos liter\u00e1rios do pa\u00eds uma narrativa constru\u00edda a partir da mem\u00f3ria e da identidade barreirense.<\/p>\n\n\n\n<p class=\"wp-block-paragraph\">Durante a Bienal, a autora participar\u00e1 de uma palestra sobre territ\u00f3rio e educa\u00e7\u00e3o e tamb\u00e9m ter\u00e1 um momento dedicado aos aut\u00f3grafos e \u00e0 apresenta\u00e7\u00e3o dos livros.&nbsp;\u201c\u00c9 uma emo\u00e7\u00e3o muito grande levar o nome de Barreiras para S\u00e3o Paulo. O Segredo das Barreiras foi o primeiro livro da colet\u00e2nea e estar entre os destaques da Bienal mostra que as nossas hist\u00f3rias podem atravessar fronteiras\u201d, afirmou Amanda.<\/p>\n\n\n\n<p class=\"wp-block-paragraph\">Para a escritora, a participa\u00e7\u00e3o tamb\u00e9m representa uma oportunidade de apresentar ao p\u00fablico de outras regi\u00f5es a riqueza cultural do Oeste da Bahia.&nbsp;\u201cQuero levar um pouco da nossa terra, das nossas mem\u00f3rias e da nossa cultura. Espero que as pessoas conhe\u00e7am Barreiras por meio dessas hist\u00f3rias e percebam o quanto temos para contar\u201d, completou.<\/p>\n\n\n\n<p class=\"wp-block-paragraph\">A presen\u00e7a de Amanda nas escolas e, agora, na Bienal Internacional do Livro de S\u00e3o Paulo refor\u00e7a a import\u00e2ncia de iniciativas que aproximam literatura, educa\u00e7\u00e3o, cultura e conhecimento sobre o territ\u00f3rio.&nbsp;Por meio do projeto Hist\u00f3rias da Nossa Terra,&nbsp;estudantes&nbsp;t\u00eam a oportunidade de conhecer Barreiras a partir de suas pr\u00f3prias hist\u00f3rias, fortalecendo a identidade cultural e o v\u00ednculo com o munic\u00edpio.&nbsp;Assim, uma hist\u00f3ria que nasceu em Barreiras chega a novos leitores e leva para outros espa\u00e7os a mem\u00f3ria, a cultura e as particularidades que fazem parte da identidade barreirense.<\/p>\n\n\n\n<p class=\"wp-block-paragraph\"><strong>Dircom<\/strong><\/p>\n","protected":false},"excerpt":{"rendered":"<p>A literatura e a hist\u00f3ria de Barreiras estiveram em destaque nesta quinta-feira (3), durante encontros realizados pelo projeto Hist\u00f3rias da Nossa Terra em duas escolas da rede municipal de ensino. A iniciativa foi conduzida pela pedagoga, mestre em Educa\u00e7\u00e3o e escritora Amanda Garcia, autora do livro O Segredo das Barreiras: Uma Viagem no Tempo. No [&hellip;]<\/p>\n","protected":false},"author":1,"featured_media":16027,"comment_status":"open","ping_status":"closed","sticky":false,"template":"","format":"standard","meta":{"site-sidebar-layout":"default","site-content-layout":"","ast-site-content-layout":"default","site-content-style":"default","site-sidebar-style":"default","ast-global-header-display":"","ast-banner-title-visibility":"","ast-main-header-display":"","ast-hfb-above-header-display":"","ast-hfb-below-header-display":"","ast-hfb-mobile-header-display":"","site-post-title":"","ast-breadcrumbs-content":"","ast-featured-img":"","footer-sml-layout":"","theme-transparent-header-meta":"","adv-header-id-meta":"","stick-header-meta":"","header-above-stick-meta":"","header-main-stick-meta":"","header-below-stick-meta":"","astra-migrate-meta-layouts":"set","ast-page-background-enabled":"default","ast-page-background-meta":{"desktop":{"background-color":"var(--ast-global-color-4)","background-image":"","background-repeat":"repeat","background-position":"center center","background-size":"auto","background-attachment":"scroll","background-type":"","background-media":"","overlay-type":"","overlay-color":"","overlay-opacity":"","overlay-gradient":""},"tablet":{"background-color":"","background-image":"","background-repeat":"repeat","background-position":"center center","background-size":"auto","background-attachment":"scroll","background-type":"","background-media":"","overlay-type":"","overlay-color":"","overlay-opacity":"","overlay-gradient":""},"mobile":{"background-color":"","background-image":"","background-repeat":"repeat","background-position":"center center","background-size":"auto","background-attachment":"scroll","background-type":"","background-media":"","overlay-type":"","overlay-color":"","overlay-opacity":"","overlay-gradient":""}},"ast-content-background-meta":{"desktop":{"background-color":"var(--ast-global-color-5)","background-image":"","background-repeat":"repeat","background-position":"center center","background-size":"auto","background-attachment":"scroll","background-type":"","background-media":"","overlay-type":"","overlay-color":"","overlay-opacity":"","overlay-gradient":""},"tablet":{"background-color":"var(--ast-global-color-5)","background-image":"","background-repeat":"repeat","background-position":"center center","background-size":"auto","background-attachment":"scroll","background-type":"","background-media":"","overlay-type":"","overlay-color":"","overlay-opacity":"","overlay-gradient":""},"mobile":{"background-color":"var(--ast-global-color-5)","background-image":"","background-repeat":"repeat","background-position":"center center","background-size":"auto","background-attachment":"scroll","background-type":"","background-media":"","overlay-type":"","overlay-color":"","overlay-opacity":"","overlay-gradient":""}},"footnotes":""},"categories":[45],"tags":[],"class_list":["post-16026","post","type-post","status-publish","format-standard","has-post-thumbnail","hentry","category-esportes"],"_links":{"self":[{"href":"https:\/\/maisoeste.com.br\/index.php?rest_route=\/wp\/v2\/posts\/16026","targetHints":{"allow":["GET"]}}],"collection":[{"href":"https:\/\/maisoeste.com.br\/index.php?rest_route=\/wp\/v2\/posts"}],"about":[{"href":"https:\/\/maisoeste.com.br\/index.php?rest_route=\/wp\/v2\/types\/post"}],"author":[{"embeddable":true,"href":"https:\/\/maisoeste.com.br\/index.php?rest_route=\/wp\/v2\/users\/1"}],"replies":[{"embeddable":true,"href":"https:\/\/maisoeste.com.br\/index.php?rest_route=%2Fwp%2Fv2%2Fcomments&post=16026"}],"version-history":[{"count":1,"href":"https:\/\/maisoeste.com.br\/index.php?rest_route=\/wp\/v2\/posts\/16026\/revisions"}],"predecessor-version":[{"id":16028,"href":"https:\/\/maisoeste.com.br\/index.php?rest_route=\/wp\/v2\/posts\/16026\/revisions\/16028"}],"wp:featuredmedia":[{"embeddable":true,"href":"https:\/\/maisoeste.com.br\/index.php?rest_route=\/wp\/v2\/media\/16027"}],"wp:attachment":[{"href":"https:\/\/maisoeste.com.br\/index.php?rest_route=%2Fwp%2Fv2%2Fmedia&parent=16026"}],"wp:term":[{"taxonomy":"category","embeddable":true,"href":"https:\/\/maisoeste.com.br\/index.php?rest_route=%2Fwp%2Fv2%2Fcategories&post=16026"},{"taxonomy":"post_tag","embeddable":true,"href":"https:\/\/maisoeste.com.br\/index.php?rest_route=%2Fwp%2Fv2%2Ftags&post=16026"}],"curies":[{"name":"wp","href":"https:\/\/api.w.org\/{rel}","templated":true}]}}