{"id":16029,"date":"2026-09-05T07:21:33","date_gmt":"2026-09-05T10:21:33","guid":{"rendered":"https:\/\/maisoeste.com.br\/?p=16029"},"modified":"2026-09-05T07:21:36","modified_gmt":"2026-09-05T10:21:36","slug":"barreiras-sedia-encontro-territorial-para-fortalecer-os-sistemas-municipais-de-cultura-da-bahia","status":"publish","type":"post","link":"https:\/\/maisoeste.com.br\/?p=16029","title":{"rendered":"Barreiras sedia encontro territorial para fortalecer os Sistemas Municipais de Cultura da Bahia"},"content":{"rendered":"\n<p class=\"wp-block-paragraph\">Barreiras sedia, nesta sexta-feira (4), o Encontro Territorial de Fortalecimento dos Sistemas Municipais de Cultura da Bahia, reunindo representantes de 14 munic\u00edpios do Territ\u00f3rio de Identidade Bacia do Rio Grande. O evento acontece a partir das 8h, no Centro Cultural de Barreiras Rivelino Silva de Carvalho, e \u00e9 realizado em parceria entre a Prefeitura de Barreiras e a Secretaria de Cultura do Estado da Bahia (Secult-BA).<\/p>\n\n\n\n<p class=\"wp-block-paragraph\">A programa\u00e7\u00e3o tem como destaque a apresenta\u00e7\u00e3o do diagn\u00f3stico do Banco de Dados Sistematiza\u00ea Bahia, com dados e informa\u00e7\u00f5es sobre os Sistemas Municipais de Cultura dos munic\u00edpios do territ\u00f3rio, destacando avan\u00e7os, desafios e prioridades para o fortalecimento das pol\u00edticas culturais.<\/p>\n\n\n\n<p class=\"wp-block-paragraph\">Participam do encontro o Representante Territorial de Cultura (RTC) da Bacia do Rio Grande, Davi Alencar; o Agente Territorial de Cultura do Minist\u00e9rio da Cultura (MinC), Danilo Lima; a Agente de Desenvolvimento Territorial (ADT), Yeda Borges; o coordenador de Sistemas de Cultura e Projetos Especiais da Secult-BA, Remerson Ara\u00fajo; a diretora de Territorializa\u00e7\u00e3o da Cultura, La\u00eds Abreu; al\u00e9m do secret\u00e1rio de Cultura e Turismo de Barreiras, Gulla, e do subsecret\u00e1rio Felipe Breunig, que integra a coordena\u00e7\u00e3o do evento.<\/p>\n\n\n\n<p class=\"wp-block-paragraph\">Est\u00e3o representados Angical, Baian\u00f3polis, Barreiras, Buritirama, Catol\u00e2ndia, Cotegipe, Crist\u00f3polis, Formosa do Rio Preto, Lu\u00eds Eduardo Magalh\u00e3es, Mansid\u00e3o, Riach\u00e3o das Neves, Santa Rita de C\u00e1ssia, S\u00e3o Desid\u00e9rio e Wanderley.<\/p>\n\n\n\n<p class=\"wp-block-paragraph\">Outro destaque da programa\u00e7\u00e3o \u00e9 o painel sobre o Fundo Municipal de Cultura, que abordar\u00e1 sua institucionaliza\u00e7\u00e3o, funcionamento e adequa\u00e7\u00e3o como instrumento para o fortalecimento dos Sistemas Municipais de Cultura. O encontro tamb\u00e9m ser\u00e1 espa\u00e7o para a defini\u00e7\u00e3o das prioridades territoriais, articula\u00e7\u00e3o entre os dirigentes municipais de cultura e constru\u00e7\u00e3o das pr\u00f3ximas a\u00e7\u00f5es voltadas ao fortalecimento da pol\u00edtica cultural na Bacia do Rio Grande.<\/p>\n\n\n\n<p class=\"wp-block-paragraph\">Para o secret\u00e1rio de Cultura e Turismo de Barreiras, Gulla, a iniciativa fortalece a integra\u00e7\u00e3o entre os munic\u00edpios e contribui para uma atua\u00e7\u00e3o mais estruturada na \u00e1rea cultural. \u201cEsse encontro \u00e9 muito importante porque re\u00fane os munic\u00edpios da Bacia do Rio Grande em torno de um objetivo comum: fortalecer a gest\u00e3o cultural. \u00c9 um momento de troca, de identifica\u00e7\u00e3o dos desafios e, principalmente, de constru\u00e7\u00e3o conjunta dos pr\u00f3ximos passos para que as pol\u00edticas p\u00fablicas de cultura avancem em todo o territ\u00f3rio\u201d, destaca Gulla.<\/p>\n\n\n\n<p class=\"wp-block-paragraph\">A expectativa \u00e9 que as discuss\u00f5es resultem em encaminhamentos e a\u00e7\u00f5es conjuntas, contribuindo para a consolida\u00e7\u00e3o dos Sistemas Municipais de Cultura e para o fortalecimento da gest\u00e3o e das pol\u00edticas p\u00fablicas culturais nos munic\u00edpios que integram o territ\u00f3rio.<\/p>\n\n\n\n<p class=\"wp-block-paragraph\"><strong>Dircom<\/strong><\/p>\n","protected":false},"excerpt":{"rendered":"<p>Barreiras sedia, nesta sexta-feira (4), o Encontro Territorial de Fortalecimento dos Sistemas Municipais de Cultura da Bahia, reunindo representantes de 14 munic\u00edpios do Territ\u00f3rio de Identidade Bacia do Rio Grande. O evento acontece a partir das 8h, no Centro Cultural de Barreiras Rivelino Silva de Carvalho, e \u00e9 realizado em parceria entre a Prefeitura de [&hellip;]<\/p>\n","protected":false},"author":1,"featured_media":16030,"comment_status":"open","ping_status":"closed","sticky":false,"template":"","format":"standard","meta":{"site-sidebar-layout":"default","site-content-layout":"","ast-site-content-layout":"default","site-content-style":"default","site-sidebar-style":"default","ast-global-header-display":"","ast-banner-title-visibility":"","ast-main-header-display":"","ast-hfb-above-header-display":"","ast-hfb-below-header-display":"","ast-hfb-mobile-header-display":"","site-post-title":"","ast-breadcrumbs-content":"","ast-featured-img":"","footer-sml-layout":"","theme-transparent-header-meta":"","adv-header-id-meta":"","stick-header-meta":"","header-above-stick-meta":"","header-main-stick-meta":"","header-below-stick-meta":"","astra-migrate-meta-layouts":"set","ast-page-background-enabled":"default","ast-page-background-meta":{"desktop":{"background-color":"var(--ast-global-color-4)","background-image":"","background-repeat":"repeat","background-position":"center center","background-size":"auto","background-attachment":"scroll","background-type":"","background-media":"","overlay-type":"","overlay-color":"","overlay-opacity":"","overlay-gradient":""},"tablet":{"background-color":"","background-image":"","background-repeat":"repeat","background-position":"center center","background-size":"auto","background-attachment":"scroll","background-type":"","background-media":"","overlay-type":"","overlay-color":"","overlay-opacity":"","overlay-gradient":""},"mobile":{"background-color":"","background-image":"","background-repeat":"repeat","background-position":"center center","background-size":"auto","background-attachment":"scroll","background-type":"","background-media":"","overlay-type":"","overlay-color":"","overlay-opacity":"","overlay-gradient":""}},"ast-content-background-meta":{"desktop":{"background-color":"var(--ast-global-color-5)","background-image":"","background-repeat":"repeat","background-position":"center center","background-size":"auto","background-attachment":"scroll","background-type":"","background-media":"","overlay-type":"","overlay-color":"","overlay-opacity":"","overlay-gradient":""},"tablet":{"background-color":"var(--ast-global-color-5)","background-image":"","background-repeat":"repeat","background-position":"center center","background-size":"auto","background-attachment":"scroll","background-type":"","background-media":"","overlay-type":"","overlay-color":"","overlay-opacity":"","overlay-gradient":""},"mobile":{"background-color":"var(--ast-global-color-5)","background-image":"","background-repeat":"repeat","background-position":"center center","background-size":"auto","background-attachment":"scroll","background-type":"","background-media":"","overlay-type":"","overlay-color":"","overlay-opacity":"","overlay-gradient":""}},"footnotes":""},"categories":[45],"tags":[],"class_list":["post-16029","post","type-post","status-publish","format-standard","has-post-thumbnail","hentry","category-esportes"],"_links":{"self":[{"href":"https:\/\/maisoeste.com.br\/index.php?rest_route=\/wp\/v2\/posts\/16029","targetHints":{"allow":["GET"]}}],"collection":[{"href":"https:\/\/maisoeste.com.br\/index.php?rest_route=\/wp\/v2\/posts"}],"about":[{"href":"https:\/\/maisoeste.com.br\/index.php?rest_route=\/wp\/v2\/types\/post"}],"author":[{"embeddable":true,"href":"https:\/\/maisoeste.com.br\/index.php?rest_route=\/wp\/v2\/users\/1"}],"replies":[{"embeddable":true,"href":"https:\/\/maisoeste.com.br\/index.php?rest_route=%2Fwp%2Fv2%2Fcomments&post=16029"}],"version-history":[{"count":1,"href":"https:\/\/maisoeste.com.br\/index.php?rest_route=\/wp\/v2\/posts\/16029\/revisions"}],"predecessor-version":[{"id":16031,"href":"https:\/\/maisoeste.com.br\/index.php?rest_route=\/wp\/v2\/posts\/16029\/revisions\/16031"}],"wp:featuredmedia":[{"embeddable":true,"href":"https:\/\/maisoeste.com.br\/index.php?rest_route=\/wp\/v2\/media\/16030"}],"wp:attachment":[{"href":"https:\/\/maisoeste.com.br\/index.php?rest_route=%2Fwp%2Fv2%2Fmedia&parent=16029"}],"wp:term":[{"taxonomy":"category","embeddable":true,"href":"https:\/\/maisoeste.com.br\/index.php?rest_route=%2Fwp%2Fv2%2Fcategories&post=16029"},{"taxonomy":"post_tag","embeddable":true,"href":"https:\/\/maisoeste.com.br\/index.php?rest_route=%2Fwp%2Fv2%2Ftags&post=16029"}],"curies":[{"name":"wp","href":"https:\/\/api.w.org\/{rel}","templated":true}]}}