{"id":16038,"date":"2026-09-05T07:39:12","date_gmt":"2026-09-05T10:39:12","guid":{"rendered":"https:\/\/maisoeste.com.br\/?p=16038"},"modified":"2026-09-05T07:39:13","modified_gmt":"2026-09-05T10:39:13","slug":"pgr-diz-a-fachin-que-vai-apurar-possivel-interferencia-em-relatorio-da-pf-pedido-por-mendonca","status":"publish","type":"post","link":"https:\/\/maisoeste.com.br\/?p=16038","title":{"rendered":"PGR diz a Fachin que vai apurar poss\u00edvel interfer\u00eancia em relat\u00f3rio da PF pedido por Mendon\u00e7a"},"content":{"rendered":"\n<p class=\"wp-block-paragraph\">A Procuradoria-Geral da Rep\u00fablica (PGR) informou ao ministro Edson Fachin, do Supremo Tribunal Federal (STF), que abriu uma apura\u00e7\u00e3o sobre poss\u00edvel interfer\u00eancia\u00a0produ\u00e7\u00e3o do relat\u00f3rio da Pol\u00edcia Federal (PF) que apontou uma rela\u00e7\u00e3o entre o ministro Alexandre de Moraes, do STF, e o banqueiro Daniel Vorcaro, preso na Opera\u00e7\u00e3o Compliance Zero.<\/p>\n\n\n\n<p class=\"wp-block-paragraph\">O relat\u00f3rio foi feito a pedido do ministro Andr\u00e9 Mendon\u00e7a, tamb\u00e9m do STF.<\/p>\n\n\n\n<p class=\"wp-block-paragraph\">&#8220;Informo a Vossa Excel\u00eancia que, na forma do despacho que encaminho, determinei a instaura\u00e7\u00e3o de Procedimento de Controle Externo da Atividade Policial, resultado ser\u00e1, em tempo adequado, noticiado \u00e0 Corte&#8221;, escreveu o procurador-geral da Rep\u00fablica, Paulo Gonet, que tamb\u00e9m \u00e9 citado no relat\u00f3rio.<\/p>\n\n\n\n<p class=\"wp-block-paragraph\"><strong>A PGR afirma que a PF ter\u00e1 que esclarecer, por exemplo, \u201cquanto a poss\u00edvel ocorr\u00eancia de ordem ou interfer\u00eancia externa em sua elabora\u00e7\u00e3o, que tenha maculado seu conte\u00fado\u201d.<\/strong><\/p>\n\n\n\n<p class=\"wp-block-paragraph\"><em>A medida faz parte do chamado controle de externo da pol\u00edcia, que \u00e9 uma atribui\u00e7\u00e3o do Minist\u00e9rio P\u00fablico Federal e foi tomada na esteira do pedido de esclarecimentos feito pelo presidente do STF, Edson Fachin, sobre a produ\u00e7\u00e3o do material.<\/em><\/p>\n\n\n\n<p class=\"wp-block-paragraph\">A procuradoria alegou que n\u00e3o foi comunicada sobre a determina\u00e7\u00e3o de Mendon\u00e7a. &#8220;No tr\u00e2mite analisado, n\u00e3o foi dado espa\u00e7o \u00e0 manifesta\u00e7\u00e3o da Pocuradoria-Geral da Rep\u00fablica. Ao rev\u00e9s, a decis\u00e3o proferida nos autos da Peti\u00e7\u00e3o n. 15.556\/DF foi ocultada do Minist\u00e9rio P\u00fablico, que foi assim impedido de realizar o necess\u00e1rio controle externo da atividade policial, etapa essencial a qualquer investiga\u00e7\u00e3o\u201d, afirmou.<\/p>\n\n\n\n<p class=\"wp-block-paragraph\">Gonet respondeu a uma determina\u00e7\u00e3o de Fachin para fornecer informa\u00e7\u00f5es sobre o caso, que era relatado por Mendon\u00e7a, e agora est\u00e1 sob o comando do presidente do STF.<\/p>\n\n\n\n<h2 class=\"wp-block-heading\">Crise Master no STF<\/h2>\n\n\n\n<p class=\"wp-block-paragraph\">Na \u00faltima ter\u00e7a-feira (1\u00ba), o ministro Andr\u00e9 Mendon\u00e7a retirou o sigilo de um relat\u00f3rio da Pol\u00edcia Federal que exp\u00f5e mensagens e contatos entre o banqueiro Daniel Vorcaro, e o ministro Alexandre de Moraes.<\/p>\n\n\n\n<p class=\"wp-block-paragraph\"><em>Moraes, Andrei e Gonet foram citados por Daniel Vorcaro em mensagens obtidas pela Pol\u00edcia Federal no celular do dono do Banco Master.<\/em><\/p>\n\n\n\n<p class=\"wp-block-paragraph\">Trocas de mensagens entre Moraes, do STF, e Vorcaro sinalizam que o ministro discutia com o ex-dono do Banco Master a possibilidade de a PF deflagrar uma opera\u00e7\u00e3o que teria o ex-banqueiro como alvo.<\/p>\n\n\n\n<p class=\"wp-block-paragraph\">Mendon\u00e7a sugeriu na mesma decis\u00e3o que os elementos constantes dos relat\u00f3rios da PF sobre o caso fossem avaliados pelo plen\u00e1rio da Corte.<\/p>\n\n\n\n<p class=\"wp-block-paragraph\">Ap\u00f3s a divulga\u00e7\u00e3o das informa\u00e7\u00f5es, o relator tamb\u00e9m determinou que a PGR desse seu parecer sobre o tema. O procurador Paulo Gonet \u2013 mencionado nos relat\u00f3rios publicizados por Mendon\u00e7a \u2013 afirmou que a investiga\u00e7\u00e3o \u00e9 nula e n\u00e3o poderia ter sido feita sem um pedido do Minist\u00e9rio P\u00fablico ou da pr\u00f3pria PF.<\/p>\n\n\n\n<h2 class=\"wp-block-heading\">Encontros citados no relat\u00f3rio da PF<\/h2>\n\n\n\n<p class=\"wp-block-paragraph\">De acordo com o documento, as conversas indicam compromissos pessoais, reuni\u00f5es em resid\u00eancias privadas e eventos no Brasil e no exterior:<\/p>\n\n\n\n<ul class=\"wp-block-list\">\n<li><strong>13 de mar\u00e7o de 2024:<\/strong>\u00a0F\u00e1bio Faria e Vorcaro tratam do agendamento de uma conversa para &#8220;tomar um whisky&#8221; com Moraes (citado como &#8220;Alex&#8221;) no in\u00edcio da noite. O encontro acabou remarcado diante de um choque com a agenda de Vorcaro.<\/li>\n\n\n\n<li><strong>17 de abril de 2024:\u00a0<\/strong>Faria pede o endere\u00e7o da resid\u00eancia de Vorcaro em Bras\u00edlia (no Lago Sul) para repassar a &#8220;Alex&#8221;, afirmando que apagaria as mensagens em seguida.<\/li>\n\n\n\n<li><strong>17 de julho de 2024:<\/strong>\u00a0Mensagens de F\u00e1bio Faria confirmam um encontro com &#8220;Alexandre&#8221; (tamb\u00e9m chamado de &#8220;Careca&#8221;) por volta das 19h30.<\/li>\n\n\n\n<li><strong>5 de novembro de 2024:<\/strong>\u00a0Em di\u00e1logo com a filha, Vorcaro relata: &#8220;To com alexandre moraes&#8221;.<\/li>\n\n\n\n<li><strong>26 de fevereiro de 2025:<\/strong>\u00a0Um motorista de Vorcaro em Bras\u00edlia envia mensagem avisando o empres\u00e1rio que o &#8220;Min Alexandre chegou&#8221; \u00e0 resid\u00eancia.<\/li>\n\n\n\n<li><strong>19 e 20 de mar\u00e7o de 2025:<\/strong>\u00a0Vorcaro informa \u00e0 namorada e a um diretor do Banco Central que estava reunido com o ministro. O encontro, segundo a PF, avan\u00e7ou pela madrugada do dia 20 com a chegada de outros parlamentares e lideran\u00e7as pol\u00edticas \u00e0 resid\u00eancia.<\/li>\n\n\n\n<li><strong>19 de abril de 2025:<\/strong>\u00a0Vorcaro avisa que est\u00e1 saindo para encontrar Alexandre de Moraes durante o feriado, em local pr\u00f3ximo \u00e0 sua casa. O relat\u00f3rio indica que o encontro ocorreu na regi\u00e3o de Campos do Jord\u00e3o (SP).<\/li>\n\n\n\n<li><strong>29 de abril de 2025:<\/strong>\u00a0O banqueiro volta a relatar \u00e0 namorada que est\u00e1 reunido com &#8220;alexandre&#8221;.<\/li>\n\n\n\n<li><strong>21 de maio de 2025:<\/strong>\u00a0Vorcaro diz estar em casa com &#8220;Ciro e alexandre&#8221;.<\/li>\n\n\n\n<li><strong>8 de agosto de 2025:<\/strong>\u00a0Em mensagens, o empres\u00e1rio afirma que deixaria de viajar naquela data porque estava &#8220;c alexandre&#8221; antes de uma reuni\u00e3o com Ciro.<\/li>\n<\/ul>\n\n\n\n<h2 class=\"wp-block-heading\">Organiza\u00e7\u00e3o de eventos e viagens<\/h2>\n\n\n\n<p class=\"wp-block-paragraph\">O relat\u00f3rio da PF tamb\u00e9m descreve mensagens relativas \u00e0 interlocu\u00e7\u00e3o sobre eventos internacionais, em especial o F\u00f3rum Jur\u00eddico de Londres, realizado em abril de 2024 e patrocinado pelo Banco Master, al\u00e9m de tratativas preliminares para uma edi\u00e7\u00e3o em 2025 que acabou cancelada.<\/p>\n\n\n\n<p class=\"wp-block-paragraph\">Nas conversas anexadas ao inqu\u00e9rito, assessores e interlocutores discutem convites a autoridades, programa\u00e7\u00e3o dos pain\u00e9is, log\u00edstica de transporte para ministros do STF e sugest\u00f5es sobre a cobertura das atividades.<\/p>\n\n\n\n<p class=\"wp-block-paragraph\">Os di\u00e1logos est\u00e3o em um relat\u00f3rio enviado pela Pol\u00edcia Federal (PF) ao Supremo Tribunal Federal (STF), que teve o sigilo retirado pelo ministro Andr\u00e9 Mendon\u00e7a. O material tamb\u00e9m foi enviado para manifesta\u00e7\u00e3o da Procuradoria-Geral da Rep\u00fablica (PGR).<\/p>\n\n\n\n<p class=\"wp-block-paragraph\">Fonte\/\/G1<\/p>\n","protected":false},"excerpt":{"rendered":"<p>A Procuradoria-Geral da Rep\u00fablica (PGR) informou ao ministro Edson Fachin, do Supremo Tribunal Federal (STF), que abriu uma apura\u00e7\u00e3o sobre poss\u00edvel interfer\u00eancia\u00a0produ\u00e7\u00e3o do relat\u00f3rio da Pol\u00edcia Federal (PF) que apontou uma rela\u00e7\u00e3o entre o ministro Alexandre de Moraes, do STF, e o banqueiro Daniel Vorcaro, preso na Opera\u00e7\u00e3o Compliance Zero. O relat\u00f3rio foi feito a [&hellip;]<\/p>\n","protected":false},"author":1,"featured_media":16039,"comment_status":"open","ping_status":"closed","sticky":false,"template":"","format":"standard","meta":{"site-sidebar-layout":"default","site-content-layout":"","ast-site-content-layout":"default","site-content-style":"default","site-sidebar-style":"default","ast-global-header-display":"","ast-banner-title-visibility":"","ast-main-header-display":"","ast-hfb-above-header-display":"","ast-hfb-below-header-display":"","ast-hfb-mobile-header-display":"","site-post-title":"","ast-breadcrumbs-content":"","ast-featured-img":"","footer-sml-layout":"","theme-transparent-header-meta":"","adv-header-id-meta":"","stick-header-meta":"","header-above-stick-meta":"","header-main-stick-meta":"","header-below-stick-meta":"","astra-migrate-meta-layouts":"set","ast-page-background-enabled":"default","ast-page-background-meta":{"desktop":{"background-color":"var(--ast-global-color-4)","background-image":"","background-repeat":"repeat","background-position":"center center","background-size":"auto","background-attachment":"scroll","background-type":"","background-media":"","overlay-type":"","overlay-color":"","overlay-opacity":"","overlay-gradient":""},"tablet":{"background-color":"","background-image":"","background-repeat":"repeat","background-position":"center center","background-size":"auto","background-attachment":"scroll","background-type":"","background-media":"","overlay-type":"","overlay-color":"","overlay-opacity":"","overlay-gradient":""},"mobile":{"background-color":"","background-image":"","background-repeat":"repeat","background-position":"center center","background-size":"auto","background-attachment":"scroll","background-type":"","background-media":"","overlay-type":"","overlay-color":"","overlay-opacity":"","overlay-gradient":""}},"ast-content-background-meta":{"desktop":{"background-color":"var(--ast-global-color-5)","background-image":"","background-repeat":"repeat","background-position":"center center","background-size":"auto","background-attachment":"scroll","background-type":"","background-media":"","overlay-type":"","overlay-color":"","overlay-opacity":"","overlay-gradient":""},"tablet":{"background-color":"var(--ast-global-color-5)","background-image":"","background-repeat":"repeat","background-position":"center center","background-size":"auto","background-attachment":"scroll","background-type":"","background-media":"","overlay-type":"","overlay-color":"","overlay-opacity":"","overlay-gradient":""},"mobile":{"background-color":"var(--ast-global-color-5)","background-image":"","background-repeat":"repeat","background-position":"center center","background-size":"auto","background-attachment":"scroll","background-type":"","background-media":"","overlay-type":"","overlay-color":"","overlay-opacity":"","overlay-gradient":""}},"footnotes":""},"categories":[4],"tags":[],"class_list":["post-16038","post","type-post","status-publish","format-standard","has-post-thumbnail","hentry","category-brasil"],"_links":{"self":[{"href":"https:\/\/maisoeste.com.br\/index.php?rest_route=\/wp\/v2\/posts\/16038","targetHints":{"allow":["GET"]}}],"collection":[{"href":"https:\/\/maisoeste.com.br\/index.php?rest_route=\/wp\/v2\/posts"}],"about":[{"href":"https:\/\/maisoeste.com.br\/index.php?rest_route=\/wp\/v2\/types\/post"}],"author":[{"embeddable":true,"href":"https:\/\/maisoeste.com.br\/index.php?rest_route=\/wp\/v2\/users\/1"}],"replies":[{"embeddable":true,"href":"https:\/\/maisoeste.com.br\/index.php?rest_route=%2Fwp%2Fv2%2Fcomments&post=16038"}],"version-history":[{"count":1,"href":"https:\/\/maisoeste.com.br\/index.php?rest_route=\/wp\/v2\/posts\/16038\/revisions"}],"predecessor-version":[{"id":16040,"href":"https:\/\/maisoeste.com.br\/index.php?rest_route=\/wp\/v2\/posts\/16038\/revisions\/16040"}],"wp:featuredmedia":[{"embeddable":true,"href":"https:\/\/maisoeste.com.br\/index.php?rest_route=\/wp\/v2\/media\/16039"}],"wp:attachment":[{"href":"https:\/\/maisoeste.com.br\/index.php?rest_route=%2Fwp%2Fv2%2Fmedia&parent=16038"}],"wp:term":[{"taxonomy":"category","embeddable":true,"href":"https:\/\/maisoeste.com.br\/index.php?rest_route=%2Fwp%2Fv2%2Fcategories&post=16038"},{"taxonomy":"post_tag","embeddable":true,"href":"https:\/\/maisoeste.com.br\/index.php?rest_route=%2Fwp%2Fv2%2Ftags&post=16038"}],"curies":[{"name":"wp","href":"https:\/\/api.w.org\/{rel}","templated":true}]}}