{"id":16050,"date":"2026-09-05T09:02:32","date_gmt":"2026-09-05T12:02:32","guid":{"rendered":"https:\/\/maisoeste.com.br\/?p=16050"},"modified":"2026-09-05T09:02:33","modified_gmt":"2026-09-05T12:02:33","slug":"desfiles-civico-nos-bairros-celebram-a-diversidade-e-a-cidadania-durante-a-semana-da-patria-em-barreiras","status":"publish","type":"post","link":"https:\/\/maisoeste.com.br\/?p=16050","title":{"rendered":"Desfiles C\u00edvico nos Bairros celebram a diversidade e a cidadania durante a Semana da P\u00e1tria em Barreiras"},"content":{"rendered":"\n<p class=\"wp-block-paragraph\">Depois da abertura realizada na ter\u00e7a-feira (1\u00ba), com o hasteamento das Bandeiras na Pra\u00e7a Castro Alves, a Secretaria Municipal de Educa\u00e7\u00e3o levou para diferentes bairros e comunidades apresenta\u00e7\u00f5es que reuniram cultura, educa\u00e7\u00e3o e cidadania por meio dos Desfiles C\u00edvicos dos Bairros realizados pelas escolas da rede municipal de ensino.<\/p>\n\n\n\n<p class=\"wp-block-paragraph\">As apresenta\u00e7\u00f5es levaram para os bairros onde os estudantes vivem uma programa\u00e7\u00e3o marcada por pinturas, dan\u00e7as, manifesta\u00e7\u00f5es culturais e apresenta\u00e7\u00f5es c\u00edvicas. Em cada apresenta\u00e7\u00e3o, ganhou destaque o tema escolhido para a Semana da P\u00e1tria deste ano: \u201cP\u00e1tria: espa\u00e7o de diversidade, direitos e pertencimento\u201d. A proposta buscou fortalecer entre os estudantes a compreens\u00e3o sobre cidadania, respeito \u00e0s diferen\u00e7as, direitos e o sentimento de pertencimento \u00e0 comunidade e ao pa\u00eds.<\/p>\n\n\n\n<p class=\"wp-block-paragraph\">Este ano, os Desfiles dos Bairros aconteceram na ter\u00e7a-feira (1\u00ba) com as apresenta\u00e7\u00f5es do Centro Educacional Luiz Viana Filho, Escola Municipal Prof.\u00aa Arlette Wanderley Moreno e o Centro Municipal de Aprendizagem Paulo Machado. J\u00e1 na quinta-feira (3), o destaque foi para o Centro Educacional Tarcilo Vieira de Melo, CMEI Edina dos Passos de Deus, Escola Municipal Paulo Freire, Escola Municipal Adroaldo Fernandes de Morais, Escola Municipal Manoel Rocha Filho e Escola Municipal Miguel Pereira Gomes.<\/p>\n\n\n\n<p class=\"wp-block-paragraph\">Nesta sexta-feira (4), as apresenta\u00e7\u00f5es aconteceram nas escolas Dr. Ab\u00edlio Farias,&nbsp;Adolfo Nepomuceno Alves, Deputado Juarez de Souza, Santa Luzia \u2013 Rio de Pedras,&nbsp;S\u00e3o Jo\u00e3o \u2013 Riachinho, Dona Maria Castro e Silva e Ant\u00f4nio Bento de Freitas. A programa\u00e7\u00e3o tamb\u00e9m contemplou a participa\u00e7\u00e3o das equipes da Secretaria Municipal de Educa\u00e7\u00e3o e das fanfarras municipais, que contribu\u00edram para o car\u00e1ter cultural e c\u00edvico das apresenta\u00e7\u00f5es.<\/p>\n\n\n\n<p class=\"wp-block-paragraph\">Para o secret\u00e1rio municipal de Educa\u00e7\u00e3o, Jeferson Barbosa, a Semana da P\u00e1tria representa um momento de mobiliza\u00e7\u00e3o de toda a comunidade escolar. \u201cDurante toda a semana c\u00edvica, a Pra\u00e7a Castro Alves recebeu apresenta\u00e7\u00f5es realizadas pelas escolas municipais e equipes da Secretaria de Educa\u00e7\u00e3o. Tamb\u00e9m as solenidades de hasteamento das bandeiras e arriamento acompanhadas de apresenta\u00e7\u00f5es culturais e c\u00edvicas. \u00c9 uma programa\u00e7\u00e3o que valoriza a nossa hist\u00f3ria, a cultura e, principalmente, contribui para que nossos estudantes reflitam sobre cidadania, diversidade, direitos e pertencimento\u201d, destacou.<\/p>\n\n\n\n<p class=\"wp-block-paragraph\">O secret\u00e1rio tamb\u00e9m refor\u00e7ou a expectativa para o encerramento da programa\u00e7\u00e3o. \u201cNo dia 7 de setembro, na pr\u00f3xima segunda-feira, teremos o tradicional Desfile C\u00edvico-Militar, com in\u00edcio \u00e0s 7h, na Avenida Dr. Cl\u00e9riston Andrade. Ao todo, mais de 1.400 alunos participar\u00e3o do desfile, representando 14 escolas, acompanhadas por suas respectivas fanfarras\u201d, completou.<\/p>\n\n\n\n<p class=\"wp-block-paragraph\"><strong>Dircom<\/strong><\/p>\n","protected":false},"excerpt":{"rendered":"<p>Depois da abertura realizada na ter\u00e7a-feira (1\u00ba), com o hasteamento das Bandeiras na Pra\u00e7a Castro Alves, a Secretaria Municipal de Educa\u00e7\u00e3o levou para diferentes bairros e comunidades apresenta\u00e7\u00f5es que reuniram cultura, educa\u00e7\u00e3o e cidadania por meio dos Desfiles C\u00edvicos dos Bairros realizados pelas escolas da rede municipal de ensino. As apresenta\u00e7\u00f5es levaram para os bairros [&hellip;]<\/p>\n","protected":false},"author":1,"featured_media":16051,"comment_status":"open","ping_status":"closed","sticky":false,"template":"","format":"standard","meta":{"site-sidebar-layout":"default","site-content-layout":"","ast-site-content-layout":"default","site-content-style":"default","site-sidebar-style":"default","ast-global-header-display":"","ast-banner-title-visibility":"","ast-main-header-display":"","ast-hfb-above-header-display":"","ast-hfb-below-header-display":"","ast-hfb-mobile-header-display":"","site-post-title":"","ast-breadcrumbs-content":"","ast-featured-img":"","footer-sml-layout":"","theme-transparent-header-meta":"","adv-header-id-meta":"","stick-header-meta":"","header-above-stick-meta":"","header-main-stick-meta":"","header-below-stick-meta":"","astra-migrate-meta-layouts":"set","ast-page-background-enabled":"default","ast-page-background-meta":{"desktop":{"background-color":"var(--ast-global-color-4)","background-image":"","background-repeat":"repeat","background-position":"center center","background-size":"auto","background-attachment":"scroll","background-type":"","background-media":"","overlay-type":"","overlay-color":"","overlay-opacity":"","overlay-gradient":""},"tablet":{"background-color":"","background-image":"","background-repeat":"repeat","background-position":"center center","background-size":"auto","background-attachment":"scroll","background-type":"","background-media":"","overlay-type":"","overlay-color":"","overlay-opacity":"","overlay-gradient":""},"mobile":{"background-color":"","background-image":"","background-repeat":"repeat","background-position":"center center","background-size":"auto","background-attachment":"scroll","background-type":"","background-media":"","overlay-type":"","overlay-color":"","overlay-opacity":"","overlay-gradient":""}},"ast-content-background-meta":{"desktop":{"background-color":"var(--ast-global-color-5)","background-image":"","background-repeat":"repeat","background-position":"center center","background-size":"auto","background-attachment":"scroll","background-type":"","background-media":"","overlay-type":"","overlay-color":"","overlay-opacity":"","overlay-gradient":""},"tablet":{"background-color":"var(--ast-global-color-5)","background-image":"","background-repeat":"repeat","background-position":"center center","background-size":"auto","background-attachment":"scroll","background-type":"","background-media":"","overlay-type":"","overlay-color":"","overlay-opacity":"","overlay-gradient":""},"mobile":{"background-color":"var(--ast-global-color-5)","background-image":"","background-repeat":"repeat","background-position":"center center","background-size":"auto","background-attachment":"scroll","background-type":"","background-media":"","overlay-type":"","overlay-color":"","overlay-opacity":"","overlay-gradient":""}},"footnotes":""},"categories":[45],"tags":[],"class_list":["post-16050","post","type-post","status-publish","format-standard","has-post-thumbnail","hentry","category-esportes"],"_links":{"self":[{"href":"https:\/\/maisoeste.com.br\/index.php?rest_route=\/wp\/v2\/posts\/16050","targetHints":{"allow":["GET"]}}],"collection":[{"href":"https:\/\/maisoeste.com.br\/index.php?rest_route=\/wp\/v2\/posts"}],"about":[{"href":"https:\/\/maisoeste.com.br\/index.php?rest_route=\/wp\/v2\/types\/post"}],"author":[{"embeddable":true,"href":"https:\/\/maisoeste.com.br\/index.php?rest_route=\/wp\/v2\/users\/1"}],"replies":[{"embeddable":true,"href":"https:\/\/maisoeste.com.br\/index.php?rest_route=%2Fwp%2Fv2%2Fcomments&post=16050"}],"version-history":[{"count":1,"href":"https:\/\/maisoeste.com.br\/index.php?rest_route=\/wp\/v2\/posts\/16050\/revisions"}],"predecessor-version":[{"id":16052,"href":"https:\/\/maisoeste.com.br\/index.php?rest_route=\/wp\/v2\/posts\/16050\/revisions\/16052"}],"wp:featuredmedia":[{"embeddable":true,"href":"https:\/\/maisoeste.com.br\/index.php?rest_route=\/wp\/v2\/media\/16051"}],"wp:attachment":[{"href":"https:\/\/maisoeste.com.br\/index.php?rest_route=%2Fwp%2Fv2%2Fmedia&parent=16050"}],"wp:term":[{"taxonomy":"category","embeddable":true,"href":"https:\/\/maisoeste.com.br\/index.php?rest_route=%2Fwp%2Fv2%2Fcategories&post=16050"},{"taxonomy":"post_tag","embeddable":true,"href":"https:\/\/maisoeste.com.br\/index.php?rest_route=%2Fwp%2Fv2%2Ftags&post=16050"}],"curies":[{"name":"wp","href":"https:\/\/api.w.org\/{rel}","templated":true}]}}