{"id":1610,"date":"2025-02-06T07:48:09","date_gmt":"2025-02-06T10:48:09","guid":{"rendered":"https:\/\/maisoeste.com.br\/?p=1610"},"modified":"2025-02-06T07:48:09","modified_gmt":"2025-02-06T10:48:09","slug":"governo-estima-que-mil-postos-de-combustiveis-sao-controlados-pelo-crime-organizado","status":"publish","type":"post","link":"https:\/\/maisoeste.com.br\/?p=1610","title":{"rendered":"Governo estima que mil postos de combust\u00edveis s\u00e3o controlados pelo crime organizado"},"content":{"rendered":"\n<p>Cerca de mil postos de combust\u00edvel no Brasil s\u00e3o controlados pelo crime organizado. Os dados foram revelados nesta quarta-feira (5) pelo ministro da Justi\u00e7a e Seguran\u00e7a P\u00fablica, Ricardo Lewandowski, na abertura da primeira reuni\u00e3o do N\u00facleo Estrat\u00e9gico de Combate ao Crime Organizado, em Bras\u00edlia.<\/p>\n\n\n\n<p><a href=\"https:\/\/sbtnews.sbt.com.br\/noticia\/justica\/mp-pede-prisao-de-eduardo-costa-por-ofender-fernanda-lima-relembre-caso\"><strong><\/strong><\/a><a href=\"https:\/\/sbtnews.sbt.com.br\/noticia\/policia\/operacao-em-presidio-da-policia-civil-em-sp-encontra-um-celular-para-cada-tres-detentos\"><strong><\/strong><\/a>O foco do primeiro encontro do grupo foi o enfrentamento \u00e0 atua\u00e7\u00e3o de&nbsp;<strong>grupos criminosos no setor de combust\u00edveis.<\/strong>&nbsp;Segundo o ministro, o tema ganhou prioridade do governo porque o controle da distribui\u00e7\u00e3o de combust\u00edveis tem aumentando em n\u00edvel nacional.<\/p>\n\n\n\n<p>\u201cAl\u00e9m dos postos de combust\u00edveis, organiza\u00e7\u00f5es criminosas controlam refinarias de petr\u00f3leo e de etanol. Esse \u00e9 um problema bastante s\u00e9rio e ocorre n\u00e3o s\u00f3 no Brasil, preciso dizer que ocorre no mundo todo\u201d, afirmou o ministro Ricardo Lewandowski.<\/p>\n\n\n\n<p>Para Lewandowski, outro agravante \u00e9 o papel da distribui\u00e7\u00e3o de combust\u00edveis no processo de lavagem de dinheiro. \u201c\u00c9 uma caracter\u00edstica da criminalidade organizada hoje.<strong>&nbsp;<\/strong>Ela est\u00e1 migrando da ilegalidade para legalidade. Ela est\u00e1 lavando dinheiro, sobretudo fazendo essas opera\u00e7\u00f5es serem supostamente legais\u201d, pontuou o ministro.<\/p>\n\n\n\n<p>Lewandowski determinou ainda a abertura de um inqu\u00e9rito para apurar as ilegalidades. &#8220;N\u00f3s decidimos hoje que faremos um subgrupo permanente para subsidiar as distintas autoridades de informa\u00e7\u00f5es que, evidentemente, trocar\u00e3o dados entre si, e eu hoje determino \u00e0 Pol\u00edcia Federal a abertura de um inqu\u00e9rito sobre a atua\u00e7\u00e3o do crime organizado na distribui\u00e7\u00e3o de combust\u00edvel&#8221;, disse.<\/p>\n\n\n\n<p>&#8220;Esse \u00e9 um setor que est\u00e1 causando enormes preju\u00edzos \u00e0 economia do pa\u00eds, n\u00e3o s\u00f3 porque \u00e9 um setor que sonega bilh\u00f5es de impostos, como tamb\u00e9m promove a lavagem de dinheiro, adultera\u00e7\u00e3o de combust\u00edvel e a forma\u00e7\u00e3o de cart\u00e9is.\u201d<\/p>\n\n\n\n<p>Foi criado em janeiro de 2025, o N\u00facleo de Combate ao Crime Organizado, que integrar\u00e1 e desenvolver\u00e1 estrat\u00e9gias conjuntas entre os \u00f3rg\u00e3os do MJSP. O n\u00faclo ir\u00e1 mapear, sistematizar e analisar informa\u00e7\u00f5es sobre grupos criminosos, suas estruturas, atividades econ\u00f4micas e v\u00ednculos externos.<\/p>\n\n\n\n<h2 class=\"wp-block-heading\">Plano Amas<\/h2>\n\n\n\n<p>Na ocasi\u00e3o, o ministro aunciou a cria\u00e7\u00e3o de um sistema de seguran\u00e7a integrado no \u00e2mbito do Plano Amaz\u00f4nia: Seguran\u00e7a e Soberania, que envolve todos os nove estados da Amaz\u00f4nia Legal. Juntamente com a PF, o projeto visa fortalecer as a\u00e7\u00f5es de combate ao crime organizado na regi\u00e3o.<\/p>\n\n\n\n<p>Neste momento, o foco est\u00e1 na elabora\u00e7\u00e3o dos planejamentos operacionais, com \u00eanfase na preven\u00e7\u00e3o e repress\u00e3o ao crime ambiental. A iniciativa visa intensificar fiscaliza\u00e7\u00f5es em \u00e1reas sens\u00edveis, como os rios, e combater pr\u00e1ticas criminosas que prejudicam tanto o meio ambiente quanto a seguran\u00e7a p\u00fablica.<\/p>\n\n\n\n<p>O assunto reuniu representantes de v\u00e1rios \u00f3rg\u00e3os que atuar\u00e3o na investiga\u00e7\u00e3o, como o diretor-geral da Pol\u00edcia Federal, Andrei Rodrigues e o secret\u00e1rio-especial da Receita Federal, Robson Barreirinha.<\/p>\n\n\n\n<p>Fonte\/\/SBT News<\/p>\n","protected":false},"excerpt":{"rendered":"<p>Cerca de mil postos de combust\u00edvel no Brasil s\u00e3o controlados pelo crime organizado. Os dados foram revelados nesta quarta-feira (5) pelo ministro da Justi\u00e7a e Seguran\u00e7a P\u00fablica, Ricardo Lewandowski, na abertura da primeira reuni\u00e3o do N\u00facleo Estrat\u00e9gico de Combate ao Crime Organizado, em Bras\u00edlia. O foco do primeiro encontro do grupo foi o enfrentamento \u00e0 [&hellip;]<\/p>\n","protected":false},"author":1,"featured_media":1611,"comment_status":"open","ping_status":"closed","sticky":false,"template":"","format":"standard","meta":{"site-sidebar-layout":"default","site-content-layout":"","ast-site-content-layout":"default","site-content-style":"default","site-sidebar-style":"default","ast-global-header-display":"","ast-banner-title-visibility":"","ast-main-header-display":"","ast-hfb-above-header-display":"","ast-hfb-below-header-display":"","ast-hfb-mobile-header-display":"","site-post-title":"","ast-breadcrumbs-content":"","ast-featured-img":"","footer-sml-layout":"","theme-transparent-header-meta":"","adv-header-id-meta":"","stick-header-meta":"","header-above-stick-meta":"","header-main-stick-meta":"","header-below-stick-meta":"","astra-migrate-meta-layouts":"set","ast-page-background-enabled":"default","ast-page-background-meta":{"desktop":{"background-color":"var(--ast-global-color-4)","background-image":"","background-repeat":"repeat","background-position":"center center","background-size":"auto","background-attachment":"scroll","background-type":"","background-media":"","overlay-type":"","overlay-color":"","overlay-opacity":"","overlay-gradient":""},"tablet":{"background-color":"","background-image":"","background-repeat":"repeat","background-position":"center center","background-size":"auto","background-attachment":"scroll","background-type":"","background-media":"","overlay-type":"","overlay-color":"","overlay-opacity":"","overlay-gradient":""},"mobile":{"background-color":"","background-image":"","background-repeat":"repeat","background-position":"center center","background-size":"auto","background-attachment":"scroll","background-type":"","background-media":"","overlay-type":"","overlay-color":"","overlay-opacity":"","overlay-gradient":""}},"ast-content-background-meta":{"desktop":{"background-color":"var(--ast-global-color-5)","background-image":"","background-repeat":"repeat","background-position":"center center","background-size":"auto","background-attachment":"scroll","background-type":"","background-media":"","overlay-type":"","overlay-color":"","overlay-opacity":"","overlay-gradient":""},"tablet":{"background-color":"var(--ast-global-color-5)","background-image":"","background-repeat":"repeat","background-position":"center center","background-size":"auto","background-attachment":"scroll","background-type":"","background-media":"","overlay-type":"","overlay-color":"","overlay-opacity":"","overlay-gradient":""},"mobile":{"background-color":"var(--ast-global-color-5)","background-image":"","background-repeat":"repeat","background-position":"center center","background-size":"auto","background-attachment":"scroll","background-type":"","background-media":"","overlay-type":"","overlay-color":"","overlay-opacity":"","overlay-gradient":""}},"footnotes":""},"categories":[4],"tags":[122],"class_list":["post-1610","post","type-post","status-publish","format-standard","has-post-thumbnail","hentry","category-brasil","tag-manchetes"],"_links":{"self":[{"href":"https:\/\/maisoeste.com.br\/index.php?rest_route=\/wp\/v2\/posts\/1610","targetHints":{"allow":["GET"]}}],"collection":[{"href":"https:\/\/maisoeste.com.br\/index.php?rest_route=\/wp\/v2\/posts"}],"about":[{"href":"https:\/\/maisoeste.com.br\/index.php?rest_route=\/wp\/v2\/types\/post"}],"author":[{"embeddable":true,"href":"https:\/\/maisoeste.com.br\/index.php?rest_route=\/wp\/v2\/users\/1"}],"replies":[{"embeddable":true,"href":"https:\/\/maisoeste.com.br\/index.php?rest_route=%2Fwp%2Fv2%2Fcomments&post=1610"}],"version-history":[{"count":1,"href":"https:\/\/maisoeste.com.br\/index.php?rest_route=\/wp\/v2\/posts\/1610\/revisions"}],"predecessor-version":[{"id":1612,"href":"https:\/\/maisoeste.com.br\/index.php?rest_route=\/wp\/v2\/posts\/1610\/revisions\/1612"}],"wp:featuredmedia":[{"embeddable":true,"href":"https:\/\/maisoeste.com.br\/index.php?rest_route=\/wp\/v2\/media\/1611"}],"wp:attachment":[{"href":"https:\/\/maisoeste.com.br\/index.php?rest_route=%2Fwp%2Fv2%2Fmedia&parent=1610"}],"wp:term":[{"taxonomy":"category","embeddable":true,"href":"https:\/\/maisoeste.com.br\/index.php?rest_route=%2Fwp%2Fv2%2Fcategories&post=1610"},{"taxonomy":"post_tag","embeddable":true,"href":"https:\/\/maisoeste.com.br\/index.php?rest_route=%2Fwp%2Fv2%2Ftags&post=1610"}],"curies":[{"name":"wp","href":"https:\/\/api.w.org\/{rel}","templated":true}]}}