{"id":1616,"date":"2025-02-06T07:56:05","date_gmt":"2025-02-06T10:56:05","guid":{"rendered":"https:\/\/maisoeste.com.br\/?p=1616"},"modified":"2025-02-06T07:56:06","modified_gmt":"2025-02-06T10:56:06","slug":"neymar-manda-recado-para-jorge-jesus-apos-estreia-o-campo-fala","status":"publish","type":"post","link":"https:\/\/maisoeste.com.br\/?p=1616","title":{"rendered":"Neymar manda recado para Jorge Jesus ap\u00f3s estreia: &#8220;O campo fala&#8221;"},"content":{"rendered":"\n<p>Neymar iniciou uma nova fase na carreira ao reestrear pelo Santos nesta quarta-feira, no empate por 1 a 1 com o Botafogo-SP, na Vila Belmiro, pela s\u00e9tima rodada do Campeonato Paulista. Momento que s\u00f3 foi poss\u00edvel porque o astro rescindiu com o Al-Hilal, clube treinado por Jorge Jesus, com quem ele admite estar chateado.<\/p>\n\n\n\n<p>Afinal, os rumores sobre a sa\u00edda de Neymar da Ar\u00e1bia Saudita ganharam for\u00e7a quando ele n\u00e3o foi inscrito no Campeonato Saudita, reduzindo muito suas chances de entrar em campo. Na \u00e9poca, em janeiro,\u00a0Jesus disse que Neymar n\u00e3o estava conseguindo &#8220;acompanhar fisicamente&#8221; o time, at\u00e9 por ter se recuperado recentemente de les\u00e3o.<\/p>\n\n\n\n<p>Nesta quarta, depois da estreia pelo Santos, Neymar relembrou o epis\u00f3dio e rebateu as declara\u00e7\u00f5es do t\u00e9cnico portugu\u00eas:<\/p>\n\n\n\n<p>\u2013 Eu estou pronto para jogar. A base de treinos eu tinha, mas eu precisava de jogos. Obviamente que fiquei muito chateado com as palavras do Jorge Jesus quando ele falou que eu n\u00e3o estava nas mesmas condi\u00e7\u00f5es da equipe. Nos treinos eu demonstrava que estava, sim, apto a jogar, que estava, sim, nas mesmas condi\u00e7\u00f5es dos outros atletas. At\u00e9 porque quando a gente fazia coletivo, quem decidia era eu, quem fazia os gols era eu \u2013 disse Neymar, \u00e0 Caz\u00e9TV.<\/p>\n\n\n\n<p>\u2013 Eu nem gosto de falar sobre isso, de criar pol\u00eamicas, mas \u00e9 a realidade. Quando o Jorge Jesus deu essa declara\u00e7\u00e3o, eu sabia que quando eu entrasse em campo eu ia mostrar uma coisa diferente. Ent\u00e3o, fica a\u00ed. O campo fala. O campo \u00e9 o \u00fanico lugar onde eu consigo me defender.<\/p>\n\n\n\n<p>O Santos volta a campo pelo Paulista no domingo, \u00e0s 16h, contra o Novorizontino, fora de casa.<\/p>\n\n\n\n<p>Fonte\/\/GE &#8211; Foto: Marcos Ribolli<\/p>\n","protected":false},"excerpt":{"rendered":"<p>Neymar iniciou uma nova fase na carreira ao reestrear pelo Santos nesta quarta-feira, no empate por 1 a 1 com o Botafogo-SP, na Vila Belmiro, pela s\u00e9tima rodada do Campeonato Paulista. Momento que s\u00f3 foi poss\u00edvel porque o astro rescindiu com o Al-Hilal, clube treinado por Jorge Jesus, com quem ele admite estar chateado. Afinal, [&hellip;]<\/p>\n","protected":false},"author":1,"featured_media":1617,"comment_status":"open","ping_status":"closed","sticky":false,"template":"","format":"standard","meta":{"site-sidebar-layout":"default","site-content-layout":"","ast-site-content-layout":"default","site-content-style":"default","site-sidebar-style":"default","ast-global-header-display":"","ast-banner-title-visibility":"","ast-main-header-display":"","ast-hfb-above-header-display":"","ast-hfb-below-header-display":"","ast-hfb-mobile-header-display":"","site-post-title":"","ast-breadcrumbs-content":"","ast-featured-img":"","footer-sml-layout":"","theme-transparent-header-meta":"","adv-header-id-meta":"","stick-header-meta":"","header-above-stick-meta":"","header-main-stick-meta":"","header-below-stick-meta":"","astra-migrate-meta-layouts":"set","ast-page-background-enabled":"default","ast-page-background-meta":{"desktop":{"background-color":"var(--ast-global-color-4)","background-image":"","background-repeat":"repeat","background-position":"center center","background-size":"auto","background-attachment":"scroll","background-type":"","background-media":"","overlay-type":"","overlay-color":"","overlay-opacity":"","overlay-gradient":""},"tablet":{"background-color":"","background-image":"","background-repeat":"repeat","background-position":"center center","background-size":"auto","background-attachment":"scroll","background-type":"","background-media":"","overlay-type":"","overlay-color":"","overlay-opacity":"","overlay-gradient":""},"mobile":{"background-color":"","background-image":"","background-repeat":"repeat","background-position":"center center","background-size":"auto","background-attachment":"scroll","background-type":"","background-media":"","overlay-type":"","overlay-color":"","overlay-opacity":"","overlay-gradient":""}},"ast-content-background-meta":{"desktop":{"background-color":"var(--ast-global-color-5)","background-image":"","background-repeat":"repeat","background-position":"center center","background-size":"auto","background-attachment":"scroll","background-type":"","background-media":"","overlay-type":"","overlay-color":"","overlay-opacity":"","overlay-gradient":""},"tablet":{"background-color":"var(--ast-global-color-5)","background-image":"","background-repeat":"repeat","background-position":"center center","background-size":"auto","background-attachment":"scroll","background-type":"","background-media":"","overlay-type":"","overlay-color":"","overlay-opacity":"","overlay-gradient":""},"mobile":{"background-color":"var(--ast-global-color-5)","background-image":"","background-repeat":"repeat","background-position":"center center","background-size":"auto","background-attachment":"scroll","background-type":"","background-media":"","overlay-type":"","overlay-color":"","overlay-opacity":"","overlay-gradient":""}},"footnotes":""},"categories":[85],"tags":[],"class_list":["post-1616","post","type-post","status-publish","format-standard","has-post-thumbnail","hentry","category-cultura"],"_links":{"self":[{"href":"https:\/\/maisoeste.com.br\/index.php?rest_route=\/wp\/v2\/posts\/1616","targetHints":{"allow":["GET"]}}],"collection":[{"href":"https:\/\/maisoeste.com.br\/index.php?rest_route=\/wp\/v2\/posts"}],"about":[{"href":"https:\/\/maisoeste.com.br\/index.php?rest_route=\/wp\/v2\/types\/post"}],"author":[{"embeddable":true,"href":"https:\/\/maisoeste.com.br\/index.php?rest_route=\/wp\/v2\/users\/1"}],"replies":[{"embeddable":true,"href":"https:\/\/maisoeste.com.br\/index.php?rest_route=%2Fwp%2Fv2%2Fcomments&post=1616"}],"version-history":[{"count":1,"href":"https:\/\/maisoeste.com.br\/index.php?rest_route=\/wp\/v2\/posts\/1616\/revisions"}],"predecessor-version":[{"id":1618,"href":"https:\/\/maisoeste.com.br\/index.php?rest_route=\/wp\/v2\/posts\/1616\/revisions\/1618"}],"wp:featuredmedia":[{"embeddable":true,"href":"https:\/\/maisoeste.com.br\/index.php?rest_route=\/wp\/v2\/media\/1617"}],"wp:attachment":[{"href":"https:\/\/maisoeste.com.br\/index.php?rest_route=%2Fwp%2Fv2%2Fmedia&parent=1616"}],"wp:term":[{"taxonomy":"category","embeddable":true,"href":"https:\/\/maisoeste.com.br\/index.php?rest_route=%2Fwp%2Fv2%2Fcategories&post=1616"},{"taxonomy":"post_tag","embeddable":true,"href":"https:\/\/maisoeste.com.br\/index.php?rest_route=%2Fwp%2Fv2%2Ftags&post=1616"}],"curies":[{"name":"wp","href":"https:\/\/api.w.org\/{rel}","templated":true}]}}