{"id":1644,"date":"2025-02-07T08:05:10","date_gmt":"2025-02-07T11:05:10","guid":{"rendered":"https:\/\/maisoeste.com.br\/?p=1644"},"modified":"2025-02-07T08:05:11","modified_gmt":"2025-02-07T11:05:11","slug":"prefeito-otoniel-teixeira-e-secretariado-sao-recepcionados-em-cafe-da-manha-promovido-pela-cdl-e-aceb","status":"publish","type":"post","link":"https:\/\/maisoeste.com.br\/?p=1644","title":{"rendered":"Prefeito Otoniel Teixeira e secretariado s\u00e3o recepcionados em caf\u00e9 da manh\u00e3 promovido pela CDL e ACEB"},"content":{"rendered":"\n<p>Na manh\u00e3 desta quinta-feira (6), a C\u00e2mara de Dirigentes Lojistas de Barreiras (CDL) e a Associa\u00e7\u00e3o Comercial e Empresarial de Barreiras (ACEB) promoveram um caf\u00e9 da manh\u00e3 especial para recepcionar o prefeito Otoniel Teixeira, o vice-prefeito T\u00falio Viana e todo o secretariado municipal. O encontro marcou um momento de integra\u00e7\u00e3o entre o governo municipal e as entidades representativas do com\u00e9rcio, ind\u00fastria e servi\u00e7os, fortalecendo o di\u00e1logo e a parceria entre o setor p\u00fablico e privado.<\/p>\n\n\n\n<p>O evento contou com a presen\u00e7a de ex-presidentes da CDL e ACEB, al\u00e9m de associados e empres\u00e1rios. O presidente da CDL, Geovani Zorzo, abriu as boas-vindas destacando a relev\u00e2ncia da entidade, que h\u00e1 48 anos atua em prol do com\u00e9rcio local. \u201cTemos uma atividade extremamente importante para o fortalecimento da economia do nosso munic\u00edpio. Parceria e di\u00e1logo com a prefeitura s\u00e3o fundamentais para melhorias no setor, al\u00e9m de contribuir com campanhas institucionais que impulsionam o com\u00e9rcio\u201d, ressaltou.<\/p>\n\n\n\n<p>Na mesma linha, o presidente da ACEB, Jorlando Neves, refor\u00e7ou a import\u00e2ncia da uni\u00e3o entre as entidades e o poder p\u00fablico para o crescimento econ\u00f4mico de Barreiras. \u201cNossa cidade avan\u00e7a cada vez mais como polo regional, e nosso objetivo \u00e9 melhorar ainda mais o que j\u00e1 foi feito. O com\u00e9rcio funciona em ciclos e precisa desse apoio da prefeitura para continuar se desenvolvendo\u201d, pontuou.<\/p>\n\n\n\n<p>Durante a conversa, foram debatidos temas estrat\u00e9gicos para o setor, como organiza\u00e7\u00e3o do tr\u00e2nsito, mobilidade urbana, infraestrutura e a proximidade do carnaval, evento que movimenta a economia local. O prefeito Otoniel Teixeira enfatizou que Barreiras vive seu melhor momento, com reconhecimento em n\u00edvel nacional e avan\u00e7os significativos.<\/p>\n\n\n\n<p>\u201cEstamos realizando uma gest\u00e3o com di\u00e1logo e sem vaidade, com os p\u00e9s no ch\u00e3o e muita vontade de trabalhar por nossa cidade. Nosso compromisso \u00e9 construir um plano de mobilidade urbana eficiente, com interven\u00e7\u00f5es necess\u00e1rias para melhorar o tr\u00e1fego e vamos fazer isso ouvindo os representantes do setor, assim como em outras a\u00e7\u00f5es que queremos realizar em conjunto. A parceria com a CDL e ACEB ser\u00e1 essencial\u201d, destacou.<\/p>\n\n\n\n<p>Participaram da rodada de conversa o secret\u00e1rio de Agricultura e Tecnologia, Joaquim Neto; de Educa\u00e7\u00e3o, Jeferson Barbosa; de Ind\u00fastria, Com\u00e9rcio e Servi\u00e7os, Mori\u00e1 Hummel; de Esporte, Juventude e Lazer, Balthazar Guimar\u00e3es; Meio Ambiente e Sustentabilidade, Dem\u00f3sthenes J\u00fanior; Administra\u00e7\u00e3o, Gislaine Barbosa; Fazenda, Marden Lucena; Planejamento, Herbert Barbosa; Infraestrutura, Bruno Castro; Cultura e Turismo, Gulla; e de Assist\u00eancia Social, Ivanete Bastos, al\u00e9m do chefe de gabinete J\u00fanior Sampaio.<\/p>\n\n\n\n<p><strong>Dircom<\/strong><strong><a href=\"https:\/\/www.maisoeste.com.br\/\"><\/a><\/strong><\/p>\n","protected":false},"excerpt":{"rendered":"<p>Na manh\u00e3 desta quinta-feira (6), a C\u00e2mara de Dirigentes Lojistas de Barreiras (CDL) e a Associa\u00e7\u00e3o Comercial e Empresarial de Barreiras (ACEB) promoveram um caf\u00e9 da manh\u00e3 especial para recepcionar o prefeito Otoniel Teixeira, o vice-prefeito T\u00falio Viana e todo o secretariado municipal. O encontro marcou um momento de integra\u00e7\u00e3o entre o governo municipal e [&hellip;]<\/p>\n","protected":false},"author":1,"featured_media":1640,"comment_status":"open","ping_status":"closed","sticky":false,"template":"","format":"standard","meta":{"site-sidebar-layout":"default","site-content-layout":"","ast-site-content-layout":"default","site-content-style":"default","site-sidebar-style":"default","ast-global-header-display":"","ast-banner-title-visibility":"","ast-main-header-display":"","ast-hfb-above-header-display":"","ast-hfb-below-header-display":"","ast-hfb-mobile-header-display":"","site-post-title":"","ast-breadcrumbs-content":"","ast-featured-img":"","footer-sml-layout":"","theme-transparent-header-meta":"","adv-header-id-meta":"","stick-header-meta":"","header-above-stick-meta":"","header-main-stick-meta":"","header-below-stick-meta":"","astra-migrate-meta-layouts":"set","ast-page-background-enabled":"default","ast-page-background-meta":{"desktop":{"background-color":"var(--ast-global-color-4)","background-image":"","background-repeat":"repeat","background-position":"center center","background-size":"auto","background-attachment":"scroll","background-type":"","background-media":"","overlay-type":"","overlay-color":"","overlay-opacity":"","overlay-gradient":""},"tablet":{"background-color":"","background-image":"","background-repeat":"repeat","background-position":"center center","background-size":"auto","background-attachment":"scroll","background-type":"","background-media":"","overlay-type":"","overlay-color":"","overlay-opacity":"","overlay-gradient":""},"mobile":{"background-color":"","background-image":"","background-repeat":"repeat","background-position":"center center","background-size":"auto","background-attachment":"scroll","background-type":"","background-media":"","overlay-type":"","overlay-color":"","overlay-opacity":"","overlay-gradient":""}},"ast-content-background-meta":{"desktop":{"background-color":"var(--ast-global-color-5)","background-image":"","background-repeat":"repeat","background-position":"center center","background-size":"auto","background-attachment":"scroll","background-type":"","background-media":"","overlay-type":"","overlay-color":"","overlay-opacity":"","overlay-gradient":""},"tablet":{"background-color":"var(--ast-global-color-5)","background-image":"","background-repeat":"repeat","background-position":"center center","background-size":"auto","background-attachment":"scroll","background-type":"","background-media":"","overlay-type":"","overlay-color":"","overlay-opacity":"","overlay-gradient":""},"mobile":{"background-color":"var(--ast-global-color-5)","background-image":"","background-repeat":"repeat","background-position":"center center","background-size":"auto","background-attachment":"scroll","background-type":"","background-media":"","overlay-type":"","overlay-color":"","overlay-opacity":"","overlay-gradient":""}},"footnotes":""},"categories":[45],"tags":[],"class_list":["post-1644","post","type-post","status-publish","format-standard","has-post-thumbnail","hentry","category-esportes"],"_links":{"self":[{"href":"https:\/\/maisoeste.com.br\/index.php?rest_route=\/wp\/v2\/posts\/1644","targetHints":{"allow":["GET"]}}],"collection":[{"href":"https:\/\/maisoeste.com.br\/index.php?rest_route=\/wp\/v2\/posts"}],"about":[{"href":"https:\/\/maisoeste.com.br\/index.php?rest_route=\/wp\/v2\/types\/post"}],"author":[{"embeddable":true,"href":"https:\/\/maisoeste.com.br\/index.php?rest_route=\/wp\/v2\/users\/1"}],"replies":[{"embeddable":true,"href":"https:\/\/maisoeste.com.br\/index.php?rest_route=%2Fwp%2Fv2%2Fcomments&post=1644"}],"version-history":[{"count":1,"href":"https:\/\/maisoeste.com.br\/index.php?rest_route=\/wp\/v2\/posts\/1644\/revisions"}],"predecessor-version":[{"id":1645,"href":"https:\/\/maisoeste.com.br\/index.php?rest_route=\/wp\/v2\/posts\/1644\/revisions\/1645"}],"wp:featuredmedia":[{"embeddable":true,"href":"https:\/\/maisoeste.com.br\/index.php?rest_route=\/wp\/v2\/media\/1640"}],"wp:attachment":[{"href":"https:\/\/maisoeste.com.br\/index.php?rest_route=%2Fwp%2Fv2%2Fmedia&parent=1644"}],"wp:term":[{"taxonomy":"category","embeddable":true,"href":"https:\/\/maisoeste.com.br\/index.php?rest_route=%2Fwp%2Fv2%2Fcategories&post=1644"},{"taxonomy":"post_tag","embeddable":true,"href":"https:\/\/maisoeste.com.br\/index.php?rest_route=%2Fwp%2Fv2%2Ftags&post=1644"}],"curies":[{"name":"wp","href":"https:\/\/api.w.org\/{rel}","templated":true}]}}