{"id":1652,"date":"2025-02-11T07:36:17","date_gmt":"2025-02-11T10:36:17","guid":{"rendered":"https:\/\/maisoeste.com.br\/?p=1652"},"modified":"2025-02-11T07:36:18","modified_gmt":"2025-02-11T10:36:18","slug":"aiba-cnj-tjba-e-seap-assinam-protocolo-de-intencoes-para-construcao-de-oficina-escola-no-conjunto-penal-de-barreiras","status":"publish","type":"post","link":"https:\/\/maisoeste.com.br\/?p=1652","title":{"rendered":"Aiba, CNJ, TJBA e Seap assinam protocolo de inten\u00e7\u00f5es para constru\u00e7\u00e3o de oficina-escola no Conjunto Penal de Barreiras"},"content":{"rendered":"\n<p>A Aiba, por meio do Instituto Aiba, assinou, nesta segunda-feira (10), um protocolo de inten\u00e7\u00f5es com o Conselho Nacional de Justi\u00e7a (CNJ), a Secretaria de Administra\u00e7\u00e3o Penitenci\u00e1ria e Ressocializa\u00e7\u00e3o da Bahia (Seap) e o Tribunal de Justi\u00e7a da Bahia (TJ-BA) para a constru\u00e7\u00e3o de uma oficina-escola no Conjunto Penal de Barreiras. A iniciativa tem como objetivo a reinser\u00e7\u00e3o social dos custodiados da unidade prisional, por meio de a\u00e7\u00f5es de capacita\u00e7\u00e3o e oferta de trabalho.<\/p>\n\n\n\n<p>A assinatura do protocolo ocorreu durante o lan\u00e7amento da terceira edi\u00e7\u00e3o do projeto Mentes Liter\u00e1rias, uma iniciativa do CNJ que incentiva a remi\u00e7\u00e3o de pena por meio da leitura e do acesso \u00e0 cultura. O evento contou com a presen\u00e7a do presidente do CNJ e do Supremo Tribunal Federal (STF), ministro Lu\u00eds Roberto Barroso, da presidente do TJ-BA, desembargadora Cynthia Maria Pina Resende, do secret\u00e1rio de Administra\u00e7\u00e3o Penitenci\u00e1ria e Ressocializa\u00e7\u00e3o da Bahia, Jos\u00e9 Carlos Souto Filho, e do secret\u00e1rio de Seguran\u00e7a P\u00fablica do Estado da Bahia, Marcelo Werner Filho, representando a Aiba, o segundo vice-presidente, Seiji Mizote.<\/p>\n\n\n\n<p>Al\u00e9m do protocolo assinado pelo Instituto Aiba, outros dois termos foram firmados com o Sindicato dos Produtores Rurais de Barreiras (SPRB) e a Federa\u00e7\u00e3o das Ind\u00fastrias do Estado da Bahia (Fieb), por meio do Senai, visando promover capacita\u00e7\u00e3o profissional e gera\u00e7\u00e3o de empregos no setor agr\u00edcola para os internos.<\/p>\n\n\n\n<p>O ministro Lu\u00eds Roberto Barroso destacou a import\u00e2ncia de iniciativas como essa para a transforma\u00e7\u00e3o do sistema prisional brasileiro. \u201cO Estado reconhece que h\u00e1 uma viola\u00e7\u00e3o dos direitos humanos no sistema prisional e a dificuldade em fazer com que a sociedade entenda a import\u00e2ncia dessas pessoas se reintegrarem. Projetos como o Mentes Liter\u00e1rias e a constru\u00e7\u00e3o de oficinas-escolas promovem melhorias internas que impactam diretamente a sociedade como um todo\u201d, afirmou.<\/p>\n\n\n\n<p>A desembargadora Cynthia Maria Pina Resende enfatizou que a ressocializa\u00e7\u00e3o deve estar fundamentada em tr\u00eas pilares: pol\u00edticas p\u00fablicas, cidadania e esperan\u00e7a. \u201cAcreditamos que a educa\u00e7\u00e3o e a cultura s\u00e3o ferramentas fundamentais para transformar vidas e garantir a reinser\u00e7\u00e3o social dos custodiados\u201d, pontuou.<\/p>\n\n\n\n<p>Representando a Aiba, Seiji Mizote refor\u00e7ou o compromisso da entidade com projetos sociais. \u201cAcreditamos que o setor produtivo pode e deve contribuir para a constru\u00e7\u00e3o de uma sociedade mais justa. A oficina-escola ser\u00e1 um espa\u00e7o de qualifica\u00e7\u00e3o e oportunidades, permitindo que esses internos tenham uma nova perspectiva de futuro\u201d, declarou.<\/p>\n\n\n\n<p>J\u00e1 o secret\u00e1rio Jos\u00e9 Carlos Souto Filho ressaltou o impacto dessas a\u00e7\u00f5es na ressocializa\u00e7\u00e3o. \u201cEstamos buscando quebrar o c\u00edrculo vicioso da criminalidade e promover mais empregos e cursos profissionalizantes. Isso torna o sistema prisional mais justo e democr\u00e1tico\u201d, afirmou.<\/p>\n\n\n\n<p>O Instituto Aiba, bra\u00e7o social da Associa\u00e7\u00e3o de Agricultores e Irrigantes da Bahia (Aiba), tem um hist\u00f3rico consolidado de atua\u00e7\u00e3o em projetos que unem inclus\u00e3o social, capacita\u00e7\u00e3o e desenvolvimento sustent\u00e1vel. Com a constru\u00e7\u00e3o da oficina-escola, a entidade reafirma seu compromisso em contribuir para a reinser\u00e7\u00e3o social dos custodiados do sistema prisional baiano, promovendo capacita\u00e7\u00e3o profissional e ampliando oportunidades de trabalho.<\/p>\n\n\n\n<p><strong>Assessoria de Imprensa<\/strong><\/p>\n","protected":false},"excerpt":{"rendered":"<p>A Aiba, por meio do Instituto Aiba, assinou, nesta segunda-feira (10), um protocolo de inten\u00e7\u00f5es com o Conselho Nacional de Justi\u00e7a (CNJ), a Secretaria de Administra\u00e7\u00e3o Penitenci\u00e1ria e Ressocializa\u00e7\u00e3o da Bahia (Seap) e o Tribunal de Justi\u00e7a da Bahia (TJ-BA) para a constru\u00e7\u00e3o de uma oficina-escola no Conjunto Penal de Barreiras. A iniciativa tem como [&hellip;]<\/p>\n","protected":false},"author":1,"featured_media":1653,"comment_status":"open","ping_status":"closed","sticky":false,"template":"","format":"standard","meta":{"site-sidebar-layout":"default","site-content-layout":"","ast-site-content-layout":"default","site-content-style":"default","site-sidebar-style":"default","ast-global-header-display":"","ast-banner-title-visibility":"","ast-main-header-display":"","ast-hfb-above-header-display":"","ast-hfb-below-header-display":"","ast-hfb-mobile-header-display":"","site-post-title":"","ast-breadcrumbs-content":"","ast-featured-img":"","footer-sml-layout":"","theme-transparent-header-meta":"","adv-header-id-meta":"","stick-header-meta":"","header-above-stick-meta":"","header-main-stick-meta":"","header-below-stick-meta":"","astra-migrate-meta-layouts":"set","ast-page-background-enabled":"default","ast-page-background-meta":{"desktop":{"background-color":"var(--ast-global-color-4)","background-image":"","background-repeat":"repeat","background-position":"center center","background-size":"auto","background-attachment":"scroll","background-type":"","background-media":"","overlay-type":"","overlay-color":"","overlay-opacity":"","overlay-gradient":""},"tablet":{"background-color":"","background-image":"","background-repeat":"repeat","background-position":"center center","background-size":"auto","background-attachment":"scroll","background-type":"","background-media":"","overlay-type":"","overlay-color":"","overlay-opacity":"","overlay-gradient":""},"mobile":{"background-color":"","background-image":"","background-repeat":"repeat","background-position":"center center","background-size":"auto","background-attachment":"scroll","background-type":"","background-media":"","overlay-type":"","overlay-color":"","overlay-opacity":"","overlay-gradient":""}},"ast-content-background-meta":{"desktop":{"background-color":"var(--ast-global-color-5)","background-image":"","background-repeat":"repeat","background-position":"center center","background-size":"auto","background-attachment":"scroll","background-type":"","background-media":"","overlay-type":"","overlay-color":"","overlay-opacity":"","overlay-gradient":""},"tablet":{"background-color":"var(--ast-global-color-5)","background-image":"","background-repeat":"repeat","background-position":"center center","background-size":"auto","background-attachment":"scroll","background-type":"","background-media":"","overlay-type":"","overlay-color":"","overlay-opacity":"","overlay-gradient":""},"mobile":{"background-color":"var(--ast-global-color-5)","background-image":"","background-repeat":"repeat","background-position":"center center","background-size":"auto","background-attachment":"scroll","background-type":"","background-media":"","overlay-type":"","overlay-color":"","overlay-opacity":"","overlay-gradient":""}},"footnotes":""},"categories":[45],"tags":[122],"class_list":["post-1652","post","type-post","status-publish","format-standard","has-post-thumbnail","hentry","category-esportes","tag-manchetes"],"_links":{"self":[{"href":"https:\/\/maisoeste.com.br\/index.php?rest_route=\/wp\/v2\/posts\/1652","targetHints":{"allow":["GET"]}}],"collection":[{"href":"https:\/\/maisoeste.com.br\/index.php?rest_route=\/wp\/v2\/posts"}],"about":[{"href":"https:\/\/maisoeste.com.br\/index.php?rest_route=\/wp\/v2\/types\/post"}],"author":[{"embeddable":true,"href":"https:\/\/maisoeste.com.br\/index.php?rest_route=\/wp\/v2\/users\/1"}],"replies":[{"embeddable":true,"href":"https:\/\/maisoeste.com.br\/index.php?rest_route=%2Fwp%2Fv2%2Fcomments&post=1652"}],"version-history":[{"count":1,"href":"https:\/\/maisoeste.com.br\/index.php?rest_route=\/wp\/v2\/posts\/1652\/revisions"}],"predecessor-version":[{"id":1654,"href":"https:\/\/maisoeste.com.br\/index.php?rest_route=\/wp\/v2\/posts\/1652\/revisions\/1654"}],"wp:featuredmedia":[{"embeddable":true,"href":"https:\/\/maisoeste.com.br\/index.php?rest_route=\/wp\/v2\/media\/1653"}],"wp:attachment":[{"href":"https:\/\/maisoeste.com.br\/index.php?rest_route=%2Fwp%2Fv2%2Fmedia&parent=1652"}],"wp:term":[{"taxonomy":"category","embeddable":true,"href":"https:\/\/maisoeste.com.br\/index.php?rest_route=%2Fwp%2Fv2%2Fcategories&post=1652"},{"taxonomy":"post_tag","embeddable":true,"href":"https:\/\/maisoeste.com.br\/index.php?rest_route=%2Fwp%2Fv2%2Ftags&post=1652"}],"curies":[{"name":"wp","href":"https:\/\/api.w.org\/{rel}","templated":true}]}}