{"id":1655,"date":"2025-02-11T07:37:43","date_gmt":"2025-02-11T10:37:43","guid":{"rendered":"https:\/\/maisoeste.com.br\/?p=1655"},"modified":"2025-02-11T07:37:44","modified_gmt":"2025-02-11T10:37:44","slug":"barreiras-da-inicio-ao-ano-letivo-de-2025-com-mais-de-24-mil-alunos-na-rede-municipal","status":"publish","type":"post","link":"https:\/\/maisoeste.com.br\/?p=1655","title":{"rendered":"Barreiras d\u00e1 in\u00edcio ao ano letivo de 2025 com mais de 24 mil alunos na rede municipal"},"content":{"rendered":"\n<p>O prefeito Otoniel Teixeira acompanhou, nesta segunda-feira (10), o in\u00edcio do ano letivo de 2025 na rede municipal de ensino de Barreiras. Mais de 24 mil alunos retornaram \u00e0s aulas, e o gestor esteve na Escola Celso Barbosa para dar as boas-vindas aos estudantes e professores que, ao longo do ano, ser\u00e3o respons\u00e1veis pelo desenvolvimento educacional da rede.<\/p>\n\n\n\n<p>\u201c\u00c9 uma alegria muito grande compartilhar esse momento t\u00e3o especial na vida dos nossos estudantes. Tamb\u00e9m desejo aos professores muito sucesso no decorrer do ano letivo, que certamente ser\u00e1 de muito aprendizado e conhecimento para todos\u201d, destacou o prefeito Otoniel Teixeira.<\/p>\n\n\n\n<p>Desde o final de janeiro, a Secretaria Municipal de Educa\u00e7\u00e3o tem se dedicado \u00e0 prepara\u00e7\u00e3o das unidades escolares para garantir um retorno seguro e organizado. Na semana passada, a Jornada Pedag\u00f3gica reuniu os 1.500 professores da rede municipal, proporcionando um momento de alinhamento das a\u00e7\u00f5es pedag\u00f3gicas e planejamento para os desafios do novo ano letivo.<\/p>\n\n\n\n<p>O secret\u00e1rio de Educa\u00e7\u00e3o, Jeferson Barbosa e o vereador Z\u00e9 do Sorvete, tamb\u00e9m acompanharam a retomada das aulas.&nbsp;O secret\u00e1rio refor\u00e7ou o compromisso da gest\u00e3o com a qualidade do ensino. \u201cRealizamos a manuten\u00e7\u00e3o e limpeza das escolas, deixando os espa\u00e7os preparados para acolher nossos alunos e professores. Desejo um excelente ano letivo para todos\u201d, afirmou.<\/p>\n\n\n\n<p>Com estrutura pronta e equipes capacitadas, a rede municipal de ensino de Barreiras inicia mais um ciclo de aprendizado com o compromisso de ofertar uma educa\u00e7\u00e3o de qualidade para crian\u00e7as e adolescentes do munic\u00edpio.<\/p>\n\n\n\n<p><strong>Dircom<\/strong><\/p>\n","protected":false},"excerpt":{"rendered":"<p>O prefeito Otoniel Teixeira acompanhou, nesta segunda-feira (10), o in\u00edcio do ano letivo de 2025 na rede municipal de ensino de Barreiras. Mais de 24 mil alunos retornaram \u00e0s aulas, e o gestor esteve na Escola Celso Barbosa para dar as boas-vindas aos estudantes e professores que, ao longo do ano, ser\u00e3o respons\u00e1veis pelo desenvolvimento [&hellip;]<\/p>\n","protected":false},"author":1,"featured_media":1656,"comment_status":"open","ping_status":"closed","sticky":false,"template":"","format":"standard","meta":{"site-sidebar-layout":"default","site-content-layout":"","ast-site-content-layout":"default","site-content-style":"default","site-sidebar-style":"default","ast-global-header-display":"","ast-banner-title-visibility":"","ast-main-header-display":"","ast-hfb-above-header-display":"","ast-hfb-below-header-display":"","ast-hfb-mobile-header-display":"","site-post-title":"","ast-breadcrumbs-content":"","ast-featured-img":"","footer-sml-layout":"","theme-transparent-header-meta":"","adv-header-id-meta":"","stick-header-meta":"","header-above-stick-meta":"","header-main-stick-meta":"","header-below-stick-meta":"","astra-migrate-meta-layouts":"set","ast-page-background-enabled":"default","ast-page-background-meta":{"desktop":{"background-color":"var(--ast-global-color-4)","background-image":"","background-repeat":"repeat","background-position":"center center","background-size":"auto","background-attachment":"scroll","background-type":"","background-media":"","overlay-type":"","overlay-color":"","overlay-opacity":"","overlay-gradient":""},"tablet":{"background-color":"","background-image":"","background-repeat":"repeat","background-position":"center center","background-size":"auto","background-attachment":"scroll","background-type":"","background-media":"","overlay-type":"","overlay-color":"","overlay-opacity":"","overlay-gradient":""},"mobile":{"background-color":"","background-image":"","background-repeat":"repeat","background-position":"center center","background-size":"auto","background-attachment":"scroll","background-type":"","background-media":"","overlay-type":"","overlay-color":"","overlay-opacity":"","overlay-gradient":""}},"ast-content-background-meta":{"desktop":{"background-color":"var(--ast-global-color-5)","background-image":"","background-repeat":"repeat","background-position":"center center","background-size":"auto","background-attachment":"scroll","background-type":"","background-media":"","overlay-type":"","overlay-color":"","overlay-opacity":"","overlay-gradient":""},"tablet":{"background-color":"var(--ast-global-color-5)","background-image":"","background-repeat":"repeat","background-position":"center center","background-size":"auto","background-attachment":"scroll","background-type":"","background-media":"","overlay-type":"","overlay-color":"","overlay-opacity":"","overlay-gradient":""},"mobile":{"background-color":"var(--ast-global-color-5)","background-image":"","background-repeat":"repeat","background-position":"center center","background-size":"auto","background-attachment":"scroll","background-type":"","background-media":"","overlay-type":"","overlay-color":"","overlay-opacity":"","overlay-gradient":""}},"footnotes":""},"categories":[45],"tags":[122],"class_list":["post-1655","post","type-post","status-publish","format-standard","has-post-thumbnail","hentry","category-esportes","tag-manchetes"],"_links":{"self":[{"href":"https:\/\/maisoeste.com.br\/index.php?rest_route=\/wp\/v2\/posts\/1655","targetHints":{"allow":["GET"]}}],"collection":[{"href":"https:\/\/maisoeste.com.br\/index.php?rest_route=\/wp\/v2\/posts"}],"about":[{"href":"https:\/\/maisoeste.com.br\/index.php?rest_route=\/wp\/v2\/types\/post"}],"author":[{"embeddable":true,"href":"https:\/\/maisoeste.com.br\/index.php?rest_route=\/wp\/v2\/users\/1"}],"replies":[{"embeddable":true,"href":"https:\/\/maisoeste.com.br\/index.php?rest_route=%2Fwp%2Fv2%2Fcomments&post=1655"}],"version-history":[{"count":1,"href":"https:\/\/maisoeste.com.br\/index.php?rest_route=\/wp\/v2\/posts\/1655\/revisions"}],"predecessor-version":[{"id":1657,"href":"https:\/\/maisoeste.com.br\/index.php?rest_route=\/wp\/v2\/posts\/1655\/revisions\/1657"}],"wp:featuredmedia":[{"embeddable":true,"href":"https:\/\/maisoeste.com.br\/index.php?rest_route=\/wp\/v2\/media\/1656"}],"wp:attachment":[{"href":"https:\/\/maisoeste.com.br\/index.php?rest_route=%2Fwp%2Fv2%2Fmedia&parent=1655"}],"wp:term":[{"taxonomy":"category","embeddable":true,"href":"https:\/\/maisoeste.com.br\/index.php?rest_route=%2Fwp%2Fv2%2Fcategories&post=1655"},{"taxonomy":"post_tag","embeddable":true,"href":"https:\/\/maisoeste.com.br\/index.php?rest_route=%2Fwp%2Fv2%2Ftags&post=1655"}],"curies":[{"name":"wp","href":"https:\/\/api.w.org\/{rel}","templated":true}]}}