{"id":1930,"date":"2025-02-18T07:24:50","date_gmt":"2025-02-18T10:24:50","guid":{"rendered":"https:\/\/maisoeste.com.br\/?p=1930"},"modified":"2025-02-18T07:24:51","modified_gmt":"2025-02-18T10:24:51","slug":"exposicao-viagem-artistica-sera-realizada-em-barreiras-em-abril","status":"publish","type":"post","link":"https:\/\/maisoeste.com.br\/?p=1930","title":{"rendered":"Exposi\u00e7\u00e3o &#8220;Viagem Art\u00edstica&#8221; ser\u00e1 realizada em Barreiras em abril"},"content":{"rendered":"\n<p>O Pal\u00e1cio das Artes, localizado na Pra\u00e7a Castro Alves, em Barreiras, receber\u00e1 a exposi\u00e7\u00e3o &#8220;Viagem Art\u00edstica&#8221;, do artista pl\u00e1stico Jos\u00e9 Elton Scartazzini, conhecido como Skartazini. A mostra acontece de 3 a 17 de abril de 2025 e apresenta 26 obras produzidas com t\u00e9cnicas de pintura e colagem sobre duratex.<\/p>\n\n\n\n<p>A confirma\u00e7\u00e3o do espa\u00e7o foi feita pelo secret\u00e1rio municipal de Cultura e Turismo, Gulla. Para Skartazini, a exposi\u00e7\u00e3o tem um significado especial, j\u00e1 que ele retorna ao local onde, em 1989, realizou sua primeira mostra individual, intitulada &#8220;Vivi vendo imagens&#8221;. &#8220;Ap\u00f3s mais de 35 anos, trago novos quadros, cada um com diferentes temas e conceitos&#8221;, comenta o artista.<\/p>\n\n\n\n<p>Skartazini nasceu em 1961, em David Canabarro (RS). Ele iniciou sua trajet\u00f3ria art\u00edstica no Rio Grande do Sul e consolidou sua carreira em Bras\u00edlia, onde se estabeleceu em 1987.<\/p>\n\n\n\n<p>A exposi\u00e7\u00e3o tem o apoio da Secretaria de Cultura e Turismo de Barreiras, do ator e agente sociocultural Osmar Mendes e do artista pl\u00e1stico In\u00e1cio Cordeiro, diretor da Cordeiro Comunica\u00e7\u00e3o Visual. A divulga\u00e7\u00e3o ser\u00e1 feita por ve\u00edculos locais como TV Oeste, Band FM, Portal Mural do Oeste e outros.<\/p>\n\n\n\n<p>Para viabilizar a mostra, Skartazini buscou patroc\u00ednios na regi\u00e3o. A empresa Tutto Bianco Uniformes foi a primeira a aderir ao projeto, seguida por Elo Sul M\u00e1quinas e Pe\u00e7as Agr\u00edcolas, Minera\u00e7\u00e3o S\u00e3o Jorge, Conceito Tecnologia e Urbano Bessa Perfumes\/O Botic\u00e1rio. Segundo o artista, outras empresas ainda devem confirmar apoio.<\/p>\n\n\n\n<p>Mais informa\u00e7\u00f5es sobre o artista est\u00e3o dispon\u00edveis no site&nbsp;<a href=\"http:\/\/www.skartazini.com\/\" target=\"_blank\" rel=\"noreferrer noopener\">www.skartazini.com<\/a>&nbsp;ou pelo telefone (61) 9 9908-4963.<\/p>\n\n\n\n<p><strong>Dircom<\/strong><\/p>\n","protected":false},"excerpt":{"rendered":"<p>O Pal\u00e1cio das Artes, localizado na Pra\u00e7a Castro Alves, em Barreiras, receber\u00e1 a exposi\u00e7\u00e3o &#8220;Viagem Art\u00edstica&#8221;, do artista pl\u00e1stico Jos\u00e9 Elton Scartazzini, conhecido como Skartazini. A mostra acontece de 3 a 17 de abril de 2025 e apresenta 26 obras produzidas com t\u00e9cnicas de pintura e colagem sobre duratex. A confirma\u00e7\u00e3o do espa\u00e7o foi feita [&hellip;]<\/p>\n","protected":false},"author":1,"featured_media":1931,"comment_status":"open","ping_status":"closed","sticky":false,"template":"","format":"standard","meta":{"site-sidebar-layout":"default","site-content-layout":"","ast-site-content-layout":"default","site-content-style":"default","site-sidebar-style":"default","ast-global-header-display":"","ast-banner-title-visibility":"","ast-main-header-display":"","ast-hfb-above-header-display":"","ast-hfb-below-header-display":"","ast-hfb-mobile-header-display":"","site-post-title":"","ast-breadcrumbs-content":"","ast-featured-img":"","footer-sml-layout":"","theme-transparent-header-meta":"","adv-header-id-meta":"","stick-header-meta":"","header-above-stick-meta":"","header-main-stick-meta":"","header-below-stick-meta":"","astra-migrate-meta-layouts":"set","ast-page-background-enabled":"default","ast-page-background-meta":{"desktop":{"background-color":"var(--ast-global-color-4)","background-image":"","background-repeat":"repeat","background-position":"center center","background-size":"auto","background-attachment":"scroll","background-type":"","background-media":"","overlay-type":"","overlay-color":"","overlay-opacity":"","overlay-gradient":""},"tablet":{"background-color":"","background-image":"","background-repeat":"repeat","background-position":"center center","background-size":"auto","background-attachment":"scroll","background-type":"","background-media":"","overlay-type":"","overlay-color":"","overlay-opacity":"","overlay-gradient":""},"mobile":{"background-color":"","background-image":"","background-repeat":"repeat","background-position":"center center","background-size":"auto","background-attachment":"scroll","background-type":"","background-media":"","overlay-type":"","overlay-color":"","overlay-opacity":"","overlay-gradient":""}},"ast-content-background-meta":{"desktop":{"background-color":"var(--ast-global-color-5)","background-image":"","background-repeat":"repeat","background-position":"center center","background-size":"auto","background-attachment":"scroll","background-type":"","background-media":"","overlay-type":"","overlay-color":"","overlay-opacity":"","overlay-gradient":""},"tablet":{"background-color":"var(--ast-global-color-5)","background-image":"","background-repeat":"repeat","background-position":"center center","background-size":"auto","background-attachment":"scroll","background-type":"","background-media":"","overlay-type":"","overlay-color":"","overlay-opacity":"","overlay-gradient":""},"mobile":{"background-color":"var(--ast-global-color-5)","background-image":"","background-repeat":"repeat","background-position":"center center","background-size":"auto","background-attachment":"scroll","background-type":"","background-media":"","overlay-type":"","overlay-color":"","overlay-opacity":"","overlay-gradient":""}},"footnotes":""},"categories":[45],"tags":[122],"class_list":["post-1930","post","type-post","status-publish","format-standard","has-post-thumbnail","hentry","category-esportes","tag-manchetes"],"_links":{"self":[{"href":"https:\/\/maisoeste.com.br\/index.php?rest_route=\/wp\/v2\/posts\/1930","targetHints":{"allow":["GET"]}}],"collection":[{"href":"https:\/\/maisoeste.com.br\/index.php?rest_route=\/wp\/v2\/posts"}],"about":[{"href":"https:\/\/maisoeste.com.br\/index.php?rest_route=\/wp\/v2\/types\/post"}],"author":[{"embeddable":true,"href":"https:\/\/maisoeste.com.br\/index.php?rest_route=\/wp\/v2\/users\/1"}],"replies":[{"embeddable":true,"href":"https:\/\/maisoeste.com.br\/index.php?rest_route=%2Fwp%2Fv2%2Fcomments&post=1930"}],"version-history":[{"count":1,"href":"https:\/\/maisoeste.com.br\/index.php?rest_route=\/wp\/v2\/posts\/1930\/revisions"}],"predecessor-version":[{"id":1932,"href":"https:\/\/maisoeste.com.br\/index.php?rest_route=\/wp\/v2\/posts\/1930\/revisions\/1932"}],"wp:featuredmedia":[{"embeddable":true,"href":"https:\/\/maisoeste.com.br\/index.php?rest_route=\/wp\/v2\/media\/1931"}],"wp:attachment":[{"href":"https:\/\/maisoeste.com.br\/index.php?rest_route=%2Fwp%2Fv2%2Fmedia&parent=1930"}],"wp:term":[{"taxonomy":"category","embeddable":true,"href":"https:\/\/maisoeste.com.br\/index.php?rest_route=%2Fwp%2Fv2%2Fcategories&post=1930"},{"taxonomy":"post_tag","embeddable":true,"href":"https:\/\/maisoeste.com.br\/index.php?rest_route=%2Fwp%2Fv2%2Ftags&post=1930"}],"curies":[{"name":"wp","href":"https:\/\/api.w.org\/{rel}","templated":true}]}}