{"id":1942,"date":"2025-02-18T07:28:51","date_gmt":"2025-02-18T10:28:51","guid":{"rendered":"https:\/\/maisoeste.com.br\/?p=1942"},"modified":"2025-02-18T07:28:52","modified_gmt":"2025-02-18T10:28:52","slug":"vinte-e-uma-pessoas-ficam-feridas-apos-micro-onibus-cair-em-ribanceira-na-bahia","status":"publish","type":"post","link":"https:\/\/maisoeste.com.br\/?p=1942","title":{"rendered":"Vinte e uma pessoas ficam feridas ap\u00f3s micro-\u00f4nibus cair em ribanceira na Bahia"},"content":{"rendered":"\n<p>Vinte e uma pessoas ficaram feridas ap\u00f3s um micro-\u00f4nibus cair em uma ribanceira, na manh\u00e3 desta segunda-feira (17), na BA-099, em trecho da cidade de\u00a0Ara\u00e7\u00e1s, a cerca de 110 quil\u00f4metros de Salvador.<\/p>\n\n\n\n<p>O ve\u00edculo transportava pacientes do servi\u00e7o de Tratamento Fora do Domic\u00edlio (TFD) da Prefeitura de\u00a0Acajutiba, munic\u00edpio a 180 km da capital baiana. Segundo informa\u00e7\u00f5es da gest\u00e3o municipal, a maioria das pessoas tiveram apenas escoria\u00e7\u00f5es ou apresentou situa\u00e7\u00f5es de pico hipertensivo, dores e machucados.<\/p>\n\n\n\n<p>Duas pessoas, com quadro mais delicado, foram socorridas para o Hospital Regional Dantas Bi\u00e3o, em\u00a0Alagoinhas. Elas n\u00e3o correm risco de morte.<\/p>\n\n\n\n<p>Ainda n\u00e3o se sabe o que fez o motorista perder o controle da dire\u00e7\u00e3o do ve\u00edculo. A prefeitura informou ainda que a Secretaria de Sa\u00fade, junto com equipes de servi\u00e7os sociais e o setor de transportes, tem prestado todo o apoio e assist\u00eancia necess\u00e1ria aos pacientes e familiares.<\/p>\n\n\n\n<p>Fonte\/\/G1<\/p>\n","protected":false},"excerpt":{"rendered":"<p>Vinte e uma pessoas ficaram feridas ap\u00f3s um micro-\u00f4nibus cair em uma ribanceira, na manh\u00e3 desta segunda-feira (17), na BA-099, em trecho da cidade de\u00a0Ara\u00e7\u00e1s, a cerca de 110 quil\u00f4metros de Salvador. O ve\u00edculo transportava pacientes do servi\u00e7o de Tratamento Fora do Domic\u00edlio (TFD) da Prefeitura de\u00a0Acajutiba, munic\u00edpio a 180 km da capital baiana. Segundo [&hellip;]<\/p>\n","protected":false},"author":1,"featured_media":1943,"comment_status":"open","ping_status":"closed","sticky":false,"template":"","format":"standard","meta":{"site-sidebar-layout":"default","site-content-layout":"","ast-site-content-layout":"default","site-content-style":"default","site-sidebar-style":"default","ast-global-header-display":"","ast-banner-title-visibility":"","ast-main-header-display":"","ast-hfb-above-header-display":"","ast-hfb-below-header-display":"","ast-hfb-mobile-header-display":"","site-post-title":"","ast-breadcrumbs-content":"","ast-featured-img":"","footer-sml-layout":"","theme-transparent-header-meta":"","adv-header-id-meta":"","stick-header-meta":"","header-above-stick-meta":"","header-main-stick-meta":"","header-below-stick-meta":"","astra-migrate-meta-layouts":"set","ast-page-background-enabled":"default","ast-page-background-meta":{"desktop":{"background-color":"var(--ast-global-color-4)","background-image":"","background-repeat":"repeat","background-position":"center center","background-size":"auto","background-attachment":"scroll","background-type":"","background-media":"","overlay-type":"","overlay-color":"","overlay-opacity":"","overlay-gradient":""},"tablet":{"background-color":"","background-image":"","background-repeat":"repeat","background-position":"center center","background-size":"auto","background-attachment":"scroll","background-type":"","background-media":"","overlay-type":"","overlay-color":"","overlay-opacity":"","overlay-gradient":""},"mobile":{"background-color":"","background-image":"","background-repeat":"repeat","background-position":"center center","background-size":"auto","background-attachment":"scroll","background-type":"","background-media":"","overlay-type":"","overlay-color":"","overlay-opacity":"","overlay-gradient":""}},"ast-content-background-meta":{"desktop":{"background-color":"var(--ast-global-color-5)","background-image":"","background-repeat":"repeat","background-position":"center center","background-size":"auto","background-attachment":"scroll","background-type":"","background-media":"","overlay-type":"","overlay-color":"","overlay-opacity":"","overlay-gradient":""},"tablet":{"background-color":"var(--ast-global-color-5)","background-image":"","background-repeat":"repeat","background-position":"center center","background-size":"auto","background-attachment":"scroll","background-type":"","background-media":"","overlay-type":"","overlay-color":"","overlay-opacity":"","overlay-gradient":""},"mobile":{"background-color":"var(--ast-global-color-5)","background-image":"","background-repeat":"repeat","background-position":"center center","background-size":"auto","background-attachment":"scroll","background-type":"","background-media":"","overlay-type":"","overlay-color":"","overlay-opacity":"","overlay-gradient":""}},"footnotes":""},"categories":[4],"tags":[122],"class_list":["post-1942","post","type-post","status-publish","format-standard","has-post-thumbnail","hentry","category-brasil","tag-manchetes"],"_links":{"self":[{"href":"https:\/\/maisoeste.com.br\/index.php?rest_route=\/wp\/v2\/posts\/1942","targetHints":{"allow":["GET"]}}],"collection":[{"href":"https:\/\/maisoeste.com.br\/index.php?rest_route=\/wp\/v2\/posts"}],"about":[{"href":"https:\/\/maisoeste.com.br\/index.php?rest_route=\/wp\/v2\/types\/post"}],"author":[{"embeddable":true,"href":"https:\/\/maisoeste.com.br\/index.php?rest_route=\/wp\/v2\/users\/1"}],"replies":[{"embeddable":true,"href":"https:\/\/maisoeste.com.br\/index.php?rest_route=%2Fwp%2Fv2%2Fcomments&post=1942"}],"version-history":[{"count":1,"href":"https:\/\/maisoeste.com.br\/index.php?rest_route=\/wp\/v2\/posts\/1942\/revisions"}],"predecessor-version":[{"id":1945,"href":"https:\/\/maisoeste.com.br\/index.php?rest_route=\/wp\/v2\/posts\/1942\/revisions\/1945"}],"wp:featuredmedia":[{"embeddable":true,"href":"https:\/\/maisoeste.com.br\/index.php?rest_route=\/wp\/v2\/media\/1943"}],"wp:attachment":[{"href":"https:\/\/maisoeste.com.br\/index.php?rest_route=%2Fwp%2Fv2%2Fmedia&parent=1942"}],"wp:term":[{"taxonomy":"category","embeddable":true,"href":"https:\/\/maisoeste.com.br\/index.php?rest_route=%2Fwp%2Fv2%2Fcategories&post=1942"},{"taxonomy":"post_tag","embeddable":true,"href":"https:\/\/maisoeste.com.br\/index.php?rest_route=%2Fwp%2Fv2%2Ftags&post=1942"}],"curies":[{"name":"wp","href":"https:\/\/api.w.org\/{rel}","templated":true}]}}