{"id":1977,"date":"2025-02-19T07:29:52","date_gmt":"2025-02-19T10:29:52","guid":{"rendered":"https:\/\/maisoeste.com.br\/?p=1977"},"modified":"2025-02-19T07:29:53","modified_gmt":"2025-02-19T10:29:53","slug":"seis-pessoas-morrem-apos-colisao-entre-van-e-caminhao-em-rodovia-na-bahia","status":"publish","type":"post","link":"https:\/\/maisoeste.com.br\/?p=1977","title":{"rendered":"Seis pessoas morrem ap\u00f3s colis\u00e3o entre van e caminh\u00e3o em rodovia na Bahia"},"content":{"rendered":"\n<p>Cinco adultos e uma crian\u00e7a morreram e outras nove pessoas ficaram feridas ap\u00f3s uma colis\u00e3o entre uma van e um caminh\u00e3o no fim da tarde desta ter\u00e7a-feira (18). O n\u00famero foi confirmado pela Secret\u00e1ria de Sa\u00fade de Ca\u00e9m, cidade no norte da Bahia.<\/p>\n\n\n\n<p>O acidente ocorreu no entroncamento entre a BR-324 e a BA-131, em trecho que liga o munic\u00edpio \u00e0 Jacobina, na mesma regi\u00e3o. As v\u00edtimas ainda n\u00e3o foram identificadas. A pol\u00edcia tamb\u00e9m n\u00e3o especificou se todos estavam no mesmo ve\u00edculo.<\/p>\n\n\n\n<p>Mas a secretaria confirmou que&nbsp;<strong>dois homens, duas mulheres e uma crian\u00e7a<\/strong>&nbsp;morreram ainda no local. A&nbsp;<strong>sexta pessoa que n\u00e3o resistiu ao acidente foi uma mulher<\/strong>, que veio a \u00f3bito na Unidade de Pronto Atendimento (UPA) de Jacobina. Os corpos foram levados para o Instituto M\u00e9dico Legal (IML) da cidade.<\/p>\n\n\n\n<p>Quanto aos feridos, tr\u00eas foram levados para a UPA e outros seis para o Hospital Regional Vicentina Goulart. De acordo com a administra\u00e7\u00e3o do hospital, desse grupo:<\/p>\n\n\n\n<ul class=\"wp-block-list\">\n<li>quatro pacientes t\u00eam quadro de sa\u00fade est\u00e1vel;<\/li>\n\n\n\n<li>um foi intubado;<\/li>\n\n\n\n<li>e o outro submetido a uma tomografia.<\/li>\n<\/ul>\n\n\n\n<p>Segundo informa\u00e7\u00f5es da Pol\u00edcia Rodovi\u00e1ria Federal (PRF), os ve\u00edculos colidiram lateralmente. A van seguia de Jacobina com destino a Ca\u00e9m e entrava na curva enquanto o caminh\u00e3o seguia no sentido contr\u00e1rio, quando a batida ocorreu.<\/p>\n\n\n\n<p>De acordo com a cooperativa respons\u00e1vel pela van, o ve\u00edculo \u00e9 de Sobradinho. O grupo transportado retornava de um centro esp\u00edrita em Ibipeba, na regi\u00e3o de&nbsp;<a class=\"\" href=\"https:\/\/g1.globo.com\/ba\/bahia\/cidade\/irece\/\">Irec\u00ea<\/a>. O caso \u00e9 acompanhado pela Pol\u00edcia Civil.<\/p>\n\n\n\n<p>Fonte\/\/G1<\/p>\n","protected":false},"excerpt":{"rendered":"<p>Cinco adultos e uma crian\u00e7a morreram e outras nove pessoas ficaram feridas ap\u00f3s uma colis\u00e3o entre uma van e um caminh\u00e3o no fim da tarde desta ter\u00e7a-feira (18). O n\u00famero foi confirmado pela Secret\u00e1ria de Sa\u00fade de Ca\u00e9m, cidade no norte da Bahia. O acidente ocorreu no entroncamento entre a BR-324 e a BA-131, em [&hellip;]<\/p>\n","protected":false},"author":1,"featured_media":1978,"comment_status":"open","ping_status":"closed","sticky":false,"template":"","format":"standard","meta":{"site-sidebar-layout":"default","site-content-layout":"","ast-site-content-layout":"default","site-content-style":"default","site-sidebar-style":"default","ast-global-header-display":"","ast-banner-title-visibility":"","ast-main-header-display":"","ast-hfb-above-header-display":"","ast-hfb-below-header-display":"","ast-hfb-mobile-header-display":"","site-post-title":"","ast-breadcrumbs-content":"","ast-featured-img":"","footer-sml-layout":"","theme-transparent-header-meta":"","adv-header-id-meta":"","stick-header-meta":"","header-above-stick-meta":"","header-main-stick-meta":"","header-below-stick-meta":"","astra-migrate-meta-layouts":"set","ast-page-background-enabled":"default","ast-page-background-meta":{"desktop":{"background-color":"var(--ast-global-color-4)","background-image":"","background-repeat":"repeat","background-position":"center center","background-size":"auto","background-attachment":"scroll","background-type":"","background-media":"","overlay-type":"","overlay-color":"","overlay-opacity":"","overlay-gradient":""},"tablet":{"background-color":"","background-image":"","background-repeat":"repeat","background-position":"center center","background-size":"auto","background-attachment":"scroll","background-type":"","background-media":"","overlay-type":"","overlay-color":"","overlay-opacity":"","overlay-gradient":""},"mobile":{"background-color":"","background-image":"","background-repeat":"repeat","background-position":"center center","background-size":"auto","background-attachment":"scroll","background-type":"","background-media":"","overlay-type":"","overlay-color":"","overlay-opacity":"","overlay-gradient":""}},"ast-content-background-meta":{"desktop":{"background-color":"var(--ast-global-color-5)","background-image":"","background-repeat":"repeat","background-position":"center center","background-size":"auto","background-attachment":"scroll","background-type":"","background-media":"","overlay-type":"","overlay-color":"","overlay-opacity":"","overlay-gradient":""},"tablet":{"background-color":"var(--ast-global-color-5)","background-image":"","background-repeat":"repeat","background-position":"center center","background-size":"auto","background-attachment":"scroll","background-type":"","background-media":"","overlay-type":"","overlay-color":"","overlay-opacity":"","overlay-gradient":""},"mobile":{"background-color":"var(--ast-global-color-5)","background-image":"","background-repeat":"repeat","background-position":"center center","background-size":"auto","background-attachment":"scroll","background-type":"","background-media":"","overlay-type":"","overlay-color":"","overlay-opacity":"","overlay-gradient":""}},"footnotes":""},"categories":[4],"tags":[122],"class_list":["post-1977","post","type-post","status-publish","format-standard","has-post-thumbnail","hentry","category-brasil","tag-manchetes"],"_links":{"self":[{"href":"https:\/\/maisoeste.com.br\/index.php?rest_route=\/wp\/v2\/posts\/1977","targetHints":{"allow":["GET"]}}],"collection":[{"href":"https:\/\/maisoeste.com.br\/index.php?rest_route=\/wp\/v2\/posts"}],"about":[{"href":"https:\/\/maisoeste.com.br\/index.php?rest_route=\/wp\/v2\/types\/post"}],"author":[{"embeddable":true,"href":"https:\/\/maisoeste.com.br\/index.php?rest_route=\/wp\/v2\/users\/1"}],"replies":[{"embeddable":true,"href":"https:\/\/maisoeste.com.br\/index.php?rest_route=%2Fwp%2Fv2%2Fcomments&post=1977"}],"version-history":[{"count":1,"href":"https:\/\/maisoeste.com.br\/index.php?rest_route=\/wp\/v2\/posts\/1977\/revisions"}],"predecessor-version":[{"id":1979,"href":"https:\/\/maisoeste.com.br\/index.php?rest_route=\/wp\/v2\/posts\/1977\/revisions\/1979"}],"wp:featuredmedia":[{"embeddable":true,"href":"https:\/\/maisoeste.com.br\/index.php?rest_route=\/wp\/v2\/media\/1978"}],"wp:attachment":[{"href":"https:\/\/maisoeste.com.br\/index.php?rest_route=%2Fwp%2Fv2%2Fmedia&parent=1977"}],"wp:term":[{"taxonomy":"category","embeddable":true,"href":"https:\/\/maisoeste.com.br\/index.php?rest_route=%2Fwp%2Fv2%2Fcategories&post=1977"},{"taxonomy":"post_tag","embeddable":true,"href":"https:\/\/maisoeste.com.br\/index.php?rest_route=%2Fwp%2Fv2%2Ftags&post=1977"}],"curies":[{"name":"wp","href":"https:\/\/api.w.org\/{rel}","templated":true}]}}