{"id":1989,"date":"2025-02-19T07:42:03","date_gmt":"2025-02-19T10:42:03","guid":{"rendered":"https:\/\/maisoeste.com.br\/?p=1989"},"modified":"2025-02-19T07:42:04","modified_gmt":"2025-02-19T10:42:04","slug":"prefeitura-de-correntina-se-compromete-com-o-mp-a-quitar-salarios-atrasados-para-viabilizar-carnaval","status":"publish","type":"post","link":"https:\/\/maisoeste.com.br\/?p=1989","title":{"rendered":"Prefeitura de Correntina se compromete com o MP a quitar sal\u00e1rios atrasados para viabilizar Carnaval"},"content":{"rendered":"\n<p>Nesta ter\u00e7a-feira (18), a Prefeitura de Correntina assinou um acordo com o Minist\u00e9rio P\u00fablico da Bahia (MPBA) garantindo que o Carnaval ser\u00e1 realizado sem comprometer despesas essenciais e com a quita\u00e7\u00e3o dos sal\u00e1rios atrasados dos servidores p\u00fablicos. A media\u00e7\u00e3o foi conduzida pelo Centro de Autocomposi\u00e7\u00e3o e Constru\u00e7\u00e3o de Consensos (Compor) e definiu diretrizes para assegurar a responsabilidade fiscal e o cumprimento da Lei de Licita\u00e7\u00f5es na organiza\u00e7\u00e3o do evento.<\/p>\n\n\n\n<p>Como principal contrapartida para a realiza\u00e7\u00e3o da festa, o munic\u00edpio se comprometeu a pagar o sal\u00e1rio-base dos servidores at\u00e9 o dia 26 de fevereiro, com envio da comprova\u00e7\u00e3o ao MP na mesma data. Al\u00e9m disso, o 13\u00ba sal\u00e1rio e demais gratifica\u00e7\u00f5es ser\u00e3o quitados em at\u00e9 90 dias, parcelados em tr\u00eas vezes, com a presta\u00e7\u00e3o de contas final prevista para 22 de maio. O Executivo municipal tamb\u00e9m dever\u00e1 apresentar um relat\u00f3rio detalhado das irregularidades que levaram ao atraso dos vencimentos e instaurar um procedimento administrativo para apurar pagamentos indevidos dentro da administra\u00e7\u00e3o p\u00fablica.<\/p>\n\n\n\n<p>Para viabilizar o Carnaval sem comprometer as finan\u00e7as p\u00fablicas, a gest\u00e3o municipal dever\u00e1 seguir rigorosamente a Lei de Licita\u00e7\u00f5es, especialmente no que diz respeito \u00e0 contrata\u00e7\u00e3o de atra\u00e7\u00f5es art\u00edsticas por inexigibilidade de licita\u00e7\u00e3o e \u00e0 aquisi\u00e7\u00e3o de infraestrutura para o evento. O procurador-geral de Justi\u00e7a, Pedro Maia, destacou que o Minist\u00e9rio P\u00fablico busca um equil\u00edbrio entre a realiza\u00e7\u00e3o da festa e o compromisso com a administra\u00e7\u00e3o respons\u00e1vel. \u201cResolvemos, de forma consensual, dois problemas: a pend\u00eancia salarial dos servidores e o Carnaval de Correntina. Tudo foi feito com di\u00e1logo\u201d, afirmou.<\/p>\n\n\n\n<p>A reuni\u00e3o contou com a presen\u00e7a das promotoras de Justi\u00e7a Milena Moreschi e Karinny Peixoto, coordenadoras do Compor, al\u00e9m da promotora Rita Tourinho, do Centro de Apoio Operacional de Defesa do Patrim\u00f4nio P\u00fablico e da Moralidade Administrativa. A promotora Suelim Iasmine dos Santos Braga, respons\u00e1vel pela comarca de Correntina, enfatizou que o acordo atendeu \u00e0s recomenda\u00e7\u00f5es j\u00e1 feitas pelo MP.<\/p>\n\n\n\n<p>\u201cGarantimos o pagamento dos servidores sem comprometer os servi\u00e7os p\u00fablicos e as despesas administrativas\u201d, ressaltou.<\/p>\n\n\n\n<p>O prefeito Walter Mariano Messias de Souza participou das negocia\u00e7\u00f5es e se comprometeu a seguir as cl\u00e1usulas acordadas, permitindo que a festa ocorra sem preju\u00edzo financeiro para o munic\u00edpio. Com isso, o Carnaval de Correntina ser\u00e1 realizado sob crit\u00e9rios rigorosos de transpar\u00eancia e responsabilidade fiscal, evitando impactos negativos na administra\u00e7\u00e3o p\u00fablica.<\/p>\n\n\n\n<h6 class=\"wp-block-heading\">Fonte\/\/Caso de Pol\u00edtica<\/h6>\n","protected":false},"excerpt":{"rendered":"<p>Nesta ter\u00e7a-feira (18), a Prefeitura de Correntina assinou um acordo com o Minist\u00e9rio P\u00fablico da Bahia (MPBA) garantindo que o Carnaval ser\u00e1 realizado sem comprometer despesas essenciais e com a quita\u00e7\u00e3o dos sal\u00e1rios atrasados dos servidores p\u00fablicos. A media\u00e7\u00e3o foi conduzida pelo Centro de Autocomposi\u00e7\u00e3o e Constru\u00e7\u00e3o de Consensos (Compor) e definiu diretrizes para assegurar [&hellip;]<\/p>\n","protected":false},"author":1,"featured_media":1990,"comment_status":"open","ping_status":"closed","sticky":false,"template":"","format":"standard","meta":{"site-sidebar-layout":"default","site-content-layout":"","ast-site-content-layout":"default","site-content-style":"default","site-sidebar-style":"default","ast-global-header-display":"","ast-banner-title-visibility":"","ast-main-header-display":"","ast-hfb-above-header-display":"","ast-hfb-below-header-display":"","ast-hfb-mobile-header-display":"","site-post-title":"","ast-breadcrumbs-content":"","ast-featured-img":"","footer-sml-layout":"","theme-transparent-header-meta":"","adv-header-id-meta":"","stick-header-meta":"","header-above-stick-meta":"","header-main-stick-meta":"","header-below-stick-meta":"","astra-migrate-meta-layouts":"set","ast-page-background-enabled":"default","ast-page-background-meta":{"desktop":{"background-color":"var(--ast-global-color-4)","background-image":"","background-repeat":"repeat","background-position":"center center","background-size":"auto","background-attachment":"scroll","background-type":"","background-media":"","overlay-type":"","overlay-color":"","overlay-opacity":"","overlay-gradient":""},"tablet":{"background-color":"","background-image":"","background-repeat":"repeat","background-position":"center center","background-size":"auto","background-attachment":"scroll","background-type":"","background-media":"","overlay-type":"","overlay-color":"","overlay-opacity":"","overlay-gradient":""},"mobile":{"background-color":"","background-image":"","background-repeat":"repeat","background-position":"center center","background-size":"auto","background-attachment":"scroll","background-type":"","background-media":"","overlay-type":"","overlay-color":"","overlay-opacity":"","overlay-gradient":""}},"ast-content-background-meta":{"desktop":{"background-color":"var(--ast-global-color-5)","background-image":"","background-repeat":"repeat","background-position":"center center","background-size":"auto","background-attachment":"scroll","background-type":"","background-media":"","overlay-type":"","overlay-color":"","overlay-opacity":"","overlay-gradient":""},"tablet":{"background-color":"var(--ast-global-color-5)","background-image":"","background-repeat":"repeat","background-position":"center center","background-size":"auto","background-attachment":"scroll","background-type":"","background-media":"","overlay-type":"","overlay-color":"","overlay-opacity":"","overlay-gradient":""},"mobile":{"background-color":"var(--ast-global-color-5)","background-image":"","background-repeat":"repeat","background-position":"center center","background-size":"auto","background-attachment":"scroll","background-type":"","background-media":"","overlay-type":"","overlay-color":"","overlay-opacity":"","overlay-gradient":""}},"footnotes":""},"categories":[45],"tags":[122],"class_list":["post-1989","post","type-post","status-publish","format-standard","has-post-thumbnail","hentry","category-esportes","tag-manchetes"],"_links":{"self":[{"href":"https:\/\/maisoeste.com.br\/index.php?rest_route=\/wp\/v2\/posts\/1989","targetHints":{"allow":["GET"]}}],"collection":[{"href":"https:\/\/maisoeste.com.br\/index.php?rest_route=\/wp\/v2\/posts"}],"about":[{"href":"https:\/\/maisoeste.com.br\/index.php?rest_route=\/wp\/v2\/types\/post"}],"author":[{"embeddable":true,"href":"https:\/\/maisoeste.com.br\/index.php?rest_route=\/wp\/v2\/users\/1"}],"replies":[{"embeddable":true,"href":"https:\/\/maisoeste.com.br\/index.php?rest_route=%2Fwp%2Fv2%2Fcomments&post=1989"}],"version-history":[{"count":1,"href":"https:\/\/maisoeste.com.br\/index.php?rest_route=\/wp\/v2\/posts\/1989\/revisions"}],"predecessor-version":[{"id":1991,"href":"https:\/\/maisoeste.com.br\/index.php?rest_route=\/wp\/v2\/posts\/1989\/revisions\/1991"}],"wp:featuredmedia":[{"embeddable":true,"href":"https:\/\/maisoeste.com.br\/index.php?rest_route=\/wp\/v2\/media\/1990"}],"wp:attachment":[{"href":"https:\/\/maisoeste.com.br\/index.php?rest_route=%2Fwp%2Fv2%2Fmedia&parent=1989"}],"wp:term":[{"taxonomy":"category","embeddable":true,"href":"https:\/\/maisoeste.com.br\/index.php?rest_route=%2Fwp%2Fv2%2Fcategories&post=1989"},{"taxonomy":"post_tag","embeddable":true,"href":"https:\/\/maisoeste.com.br\/index.php?rest_route=%2Fwp%2Fv2%2Ftags&post=1989"}],"curies":[{"name":"wp","href":"https:\/\/api.w.org\/{rel}","templated":true}]}}