{"id":2001,"date":"2025-02-19T11:25:40","date_gmt":"2025-02-19T14:25:40","guid":{"rendered":"https:\/\/maisoeste.com.br\/?p=2001"},"modified":"2025-02-19T11:25:41","modified_gmt":"2025-02-19T14:25:41","slug":"agro-rosario-destaca-programacao-da-12a-edicao-com-agenda-estrategica-para-produtores","status":"publish","type":"post","link":"https:\/\/maisoeste.com.br\/?p=2001","title":{"rendered":"Agro Ros\u00e1rio destaca programa\u00e7\u00e3o da 12\u00aa edi\u00e7\u00e3o com agenda estrat\u00e9gica para produtores"},"content":{"rendered":"\n<p>Entre os dias 20 e 22 deste m\u00eas, a 12\u00aa edi\u00e7\u00e3o da Agro Ros\u00e1rio ser\u00e1 realizada na regi\u00e3o de Ros\u00e1rio, no munic\u00edpio de Correntina (BA). A feira de tecnologia e neg\u00f3cios agr\u00edcolas re\u00fane produtores rurais, representantes do setor agropecu\u00e1rio e grandes empresas de insumos, m\u00e1quinas e equipamentos, consolidando-se como um dos principais eventos do agroneg\u00f3cio no Matopiba.<\/p>\n\n\n\n<p>Durante a feira, a Aiba e Abapa ir\u00e3o transferir suas atividades institucionais para um estande aberto a todos os associados e produtores, especialmente aqueles da regi\u00e3o do Ros\u00e1rio. No espa\u00e7o, al\u00e9m do atendimento aos visitantes, ser\u00e3o realizadas agendas estrat\u00e9gicas voltadas para demandas locais, com a participa\u00e7\u00e3o de autoridades e representantes do agro.<\/p>\n\n\n\n<p>Nas pautas programadas est\u00e1 uma reuni\u00e3o organizada pelas duas associa\u00e7\u00f5es na sexta-feira (21), \u00e0s 14h, nos estandes institucionais. O encontro ter\u00e1 dois objetivos principais: a apresenta\u00e7\u00e3o da nova diretoria da Aiba e a discuss\u00e3o de demandas espec\u00edficas dos produtores da regi\u00e3o do Ros\u00e1rio, fortalecendo a representatividade da classe e alinhando estrat\u00e9gias para o setor.<\/p>\n\n\n\n<p>Al\u00e9m disso, a Aiba far\u00e1 uma a\u00e7\u00e3o especial para dar visibilidade \u00e0 19\u00aa edi\u00e7\u00e3o da Bahia Farm Show, maior feira de tecnologia agr\u00edcola e neg\u00f3cios do Norte e Nordeste, que ser\u00e1 realizada de 9 a 14 de junho, em Lu\u00eds Eduardo Magalh\u00e3es. Durante o evento, ser\u00e1 promovida uma mobiliza\u00e7\u00e3o de adesiva\u00e7o para divulgar a feira e refor\u00e7ar sua presen\u00e7a no calend\u00e1rio do agroneg\u00f3cio.<\/p>\n\n\n\n<p>Realizada desde 2013, a Agro Ros\u00e1rio se destaca por impulsionar o desenvolvimento agr\u00edcola da regi\u00e3o, promovendo troca de conhecimento, inova\u00e7\u00e3o e oportunidades de neg\u00f3cios.<\/p>\n\n\n\n<p><em>Assessoria de Imprensa Aiba<\/em><\/p>\n","protected":false},"excerpt":{"rendered":"<p>Entre os dias 20 e 22 deste m\u00eas, a 12\u00aa edi\u00e7\u00e3o da Agro Ros\u00e1rio ser\u00e1 realizada na regi\u00e3o de Ros\u00e1rio, no munic\u00edpio de Correntina (BA). A feira de tecnologia e neg\u00f3cios agr\u00edcolas re\u00fane produtores rurais, representantes do setor agropecu\u00e1rio e grandes empresas de insumos, m\u00e1quinas e equipamentos, consolidando-se como um dos principais eventos do agroneg\u00f3cio [&hellip;]<\/p>\n","protected":false},"author":1,"featured_media":2002,"comment_status":"open","ping_status":"closed","sticky":false,"template":"","format":"standard","meta":{"site-sidebar-layout":"default","site-content-layout":"","ast-site-content-layout":"default","site-content-style":"default","site-sidebar-style":"default","ast-global-header-display":"","ast-banner-title-visibility":"","ast-main-header-display":"","ast-hfb-above-header-display":"","ast-hfb-below-header-display":"","ast-hfb-mobile-header-display":"","site-post-title":"","ast-breadcrumbs-content":"","ast-featured-img":"","footer-sml-layout":"","theme-transparent-header-meta":"","adv-header-id-meta":"","stick-header-meta":"","header-above-stick-meta":"","header-main-stick-meta":"","header-below-stick-meta":"","astra-migrate-meta-layouts":"set","ast-page-background-enabled":"default","ast-page-background-meta":{"desktop":{"background-color":"var(--ast-global-color-4)","background-image":"","background-repeat":"repeat","background-position":"center center","background-size":"auto","background-attachment":"scroll","background-type":"","background-media":"","overlay-type":"","overlay-color":"","overlay-opacity":"","overlay-gradient":""},"tablet":{"background-color":"","background-image":"","background-repeat":"repeat","background-position":"center center","background-size":"auto","background-attachment":"scroll","background-type":"","background-media":"","overlay-type":"","overlay-color":"","overlay-opacity":"","overlay-gradient":""},"mobile":{"background-color":"","background-image":"","background-repeat":"repeat","background-position":"center center","background-size":"auto","background-attachment":"scroll","background-type":"","background-media":"","overlay-type":"","overlay-color":"","overlay-opacity":"","overlay-gradient":""}},"ast-content-background-meta":{"desktop":{"background-color":"var(--ast-global-color-5)","background-image":"","background-repeat":"repeat","background-position":"center center","background-size":"auto","background-attachment":"scroll","background-type":"","background-media":"","overlay-type":"","overlay-color":"","overlay-opacity":"","overlay-gradient":""},"tablet":{"background-color":"var(--ast-global-color-5)","background-image":"","background-repeat":"repeat","background-position":"center center","background-size":"auto","background-attachment":"scroll","background-type":"","background-media":"","overlay-type":"","overlay-color":"","overlay-opacity":"","overlay-gradient":""},"mobile":{"background-color":"var(--ast-global-color-5)","background-image":"","background-repeat":"repeat","background-position":"center center","background-size":"auto","background-attachment":"scroll","background-type":"","background-media":"","overlay-type":"","overlay-color":"","overlay-opacity":"","overlay-gradient":""}},"footnotes":""},"categories":[37],"tags":[122],"class_list":["post-2001","post","type-post","status-publish","format-standard","has-post-thumbnail","hentry","category-negocios","tag-manchetes"],"_links":{"self":[{"href":"https:\/\/maisoeste.com.br\/index.php?rest_route=\/wp\/v2\/posts\/2001","targetHints":{"allow":["GET"]}}],"collection":[{"href":"https:\/\/maisoeste.com.br\/index.php?rest_route=\/wp\/v2\/posts"}],"about":[{"href":"https:\/\/maisoeste.com.br\/index.php?rest_route=\/wp\/v2\/types\/post"}],"author":[{"embeddable":true,"href":"https:\/\/maisoeste.com.br\/index.php?rest_route=\/wp\/v2\/users\/1"}],"replies":[{"embeddable":true,"href":"https:\/\/maisoeste.com.br\/index.php?rest_route=%2Fwp%2Fv2%2Fcomments&post=2001"}],"version-history":[{"count":1,"href":"https:\/\/maisoeste.com.br\/index.php?rest_route=\/wp\/v2\/posts\/2001\/revisions"}],"predecessor-version":[{"id":2003,"href":"https:\/\/maisoeste.com.br\/index.php?rest_route=\/wp\/v2\/posts\/2001\/revisions\/2003"}],"wp:featuredmedia":[{"embeddable":true,"href":"https:\/\/maisoeste.com.br\/index.php?rest_route=\/wp\/v2\/media\/2002"}],"wp:attachment":[{"href":"https:\/\/maisoeste.com.br\/index.php?rest_route=%2Fwp%2Fv2%2Fmedia&parent=2001"}],"wp:term":[{"taxonomy":"category","embeddable":true,"href":"https:\/\/maisoeste.com.br\/index.php?rest_route=%2Fwp%2Fv2%2Fcategories&post=2001"},{"taxonomy":"post_tag","embeddable":true,"href":"https:\/\/maisoeste.com.br\/index.php?rest_route=%2Fwp%2Fv2%2Ftags&post=2001"}],"curies":[{"name":"wp","href":"https:\/\/api.w.org\/{rel}","templated":true}]}}