{"id":2004,"date":"2025-02-19T11:27:20","date_gmt":"2025-02-19T14:27:20","guid":{"rendered":"https:\/\/maisoeste.com.br\/?p=2004"},"modified":"2025-02-19T11:27:20","modified_gmt":"2025-02-19T14:27:20","slug":"especialista-alerta-para-obrigatoriedade-de-seguro-de-acidentes-para-quem-trabalha-no-carnaval","status":"publish","type":"post","link":"https:\/\/maisoeste.com.br\/?p=2004","title":{"rendered":"Especialista alerta para obrigatoriedade de seguro de acidentes para quem trabalha no Carnaval"},"content":{"rendered":"\n<p>\u00c0 medida que o Carnaval se aproxima, o especialista em direito do trabalho, Em\u00edlio Fraga, dispara um alerta: a contrata\u00e7\u00e3o de profissionais para eventos carnavalescos exige, por lei, a obrigatoriedade do seguro de acidente de trabalho. Fraga enfatiza que negligenciar essa exig\u00eancia legal pode resultar em s\u00e9rias consequ\u00eancias para empregadores e trabalhadores. &#8220;A aus\u00eancia de cobertura adequada exp\u00f5e os profissionais a riscos inaceit\u00e1veis e os contratantes a san\u00e7\u00f5es severas&#8221;, adverte o especialista.<\/p>\n\n\n\n<p>A recente condena\u00e7\u00e3o da cantora Claudia Leitte ilustra os perigos da falta de conformidade com as normas trabalhistas. Em primeira inst\u00e2ncia, a Justi\u00e7a reconheceu que a artista e suas empresas falharam em garantir um ambiente seguro para seus funcion\u00e1rios durante a pandemia de COVID-19, resultando no reconhecimento de v\u00ednculo empregat\u00edcio e em penalidades financeiras significativas. Este caso ressalta a import\u00e2ncia de assegurar que todos os trabalhadores, sejam contratados temporariamente ou sob o regime da Consolida\u00e7\u00e3o das Leis do Trabalho (CLT), estejam devidamente protegidos.<\/p>\n\n\n\n<p>Fraga tamb\u00e9m alerta para os riscos da &#8220;pejotiza\u00e7\u00e3o&#8221;, pr\u00e1tica em que empresas contratam profissionais como pessoas jur\u00eddicas para evitar responsabilidades trabalhistas. &#8220;A pejotiza\u00e7\u00e3o precariza as rela\u00e7\u00f5es de trabalho e deixa os profissionais desamparados em casos de acidentes&#8221;, afirma. No contexto do Carnaval, onde cordeiros, t\u00e9cnicos de montagem, m\u00fasicos e trabalhadores do entretenimento enfrentam condi\u00e7\u00f5es intensas, a falta de prote\u00e7\u00e3o adequada pode levar a trag\u00e9dias. &#8220;Eventos recentes, como o inc\u00eandio em uma f\u00e1brica de fantasias no Rio de Janeiro, que deixou 21 feridos, evidenciam a urg\u00eancia de medidas preventivas e do cumprimento rigoroso das obriga\u00e7\u00f5es legais por parte dos contratantes&#8221;, conclui Fraga.<\/p>\n\n\n\n<p>ASCOM<\/p>\n","protected":false},"excerpt":{"rendered":"<p>\u00c0 medida que o Carnaval se aproxima, o especialista em direito do trabalho, Em\u00edlio Fraga, dispara um alerta: a contrata\u00e7\u00e3o de profissionais para eventos carnavalescos exige, por lei, a obrigatoriedade do seguro de acidente de trabalho. Fraga enfatiza que negligenciar essa exig\u00eancia legal pode resultar em s\u00e9rias consequ\u00eancias para empregadores e trabalhadores. &#8220;A aus\u00eancia de [&hellip;]<\/p>\n","protected":false},"author":1,"featured_media":2005,"comment_status":"open","ping_status":"closed","sticky":false,"template":"","format":"standard","meta":{"site-sidebar-layout":"default","site-content-layout":"","ast-site-content-layout":"default","site-content-style":"default","site-sidebar-style":"default","ast-global-header-display":"","ast-banner-title-visibility":"","ast-main-header-display":"","ast-hfb-above-header-display":"","ast-hfb-below-header-display":"","ast-hfb-mobile-header-display":"","site-post-title":"","ast-breadcrumbs-content":"","ast-featured-img":"","footer-sml-layout":"","theme-transparent-header-meta":"","adv-header-id-meta":"","stick-header-meta":"","header-above-stick-meta":"","header-main-stick-meta":"","header-below-stick-meta":"","astra-migrate-meta-layouts":"set","ast-page-background-enabled":"default","ast-page-background-meta":{"desktop":{"background-color":"var(--ast-global-color-4)","background-image":"","background-repeat":"repeat","background-position":"center center","background-size":"auto","background-attachment":"scroll","background-type":"","background-media":"","overlay-type":"","overlay-color":"","overlay-opacity":"","overlay-gradient":""},"tablet":{"background-color":"","background-image":"","background-repeat":"repeat","background-position":"center center","background-size":"auto","background-attachment":"scroll","background-type":"","background-media":"","overlay-type":"","overlay-color":"","overlay-opacity":"","overlay-gradient":""},"mobile":{"background-color":"","background-image":"","background-repeat":"repeat","background-position":"center center","background-size":"auto","background-attachment":"scroll","background-type":"","background-media":"","overlay-type":"","overlay-color":"","overlay-opacity":"","overlay-gradient":""}},"ast-content-background-meta":{"desktop":{"background-color":"var(--ast-global-color-5)","background-image":"","background-repeat":"repeat","background-position":"center center","background-size":"auto","background-attachment":"scroll","background-type":"","background-media":"","overlay-type":"","overlay-color":"","overlay-opacity":"","overlay-gradient":""},"tablet":{"background-color":"var(--ast-global-color-5)","background-image":"","background-repeat":"repeat","background-position":"center center","background-size":"auto","background-attachment":"scroll","background-type":"","background-media":"","overlay-type":"","overlay-color":"","overlay-opacity":"","overlay-gradient":""},"mobile":{"background-color":"var(--ast-global-color-5)","background-image":"","background-repeat":"repeat","background-position":"center center","background-size":"auto","background-attachment":"scroll","background-type":"","background-media":"","overlay-type":"","overlay-color":"","overlay-opacity":"","overlay-gradient":""}},"footnotes":""},"categories":[4],"tags":[],"class_list":["post-2004","post","type-post","status-publish","format-standard","has-post-thumbnail","hentry","category-brasil"],"_links":{"self":[{"href":"https:\/\/maisoeste.com.br\/index.php?rest_route=\/wp\/v2\/posts\/2004","targetHints":{"allow":["GET"]}}],"collection":[{"href":"https:\/\/maisoeste.com.br\/index.php?rest_route=\/wp\/v2\/posts"}],"about":[{"href":"https:\/\/maisoeste.com.br\/index.php?rest_route=\/wp\/v2\/types\/post"}],"author":[{"embeddable":true,"href":"https:\/\/maisoeste.com.br\/index.php?rest_route=\/wp\/v2\/users\/1"}],"replies":[{"embeddable":true,"href":"https:\/\/maisoeste.com.br\/index.php?rest_route=%2Fwp%2Fv2%2Fcomments&post=2004"}],"version-history":[{"count":1,"href":"https:\/\/maisoeste.com.br\/index.php?rest_route=\/wp\/v2\/posts\/2004\/revisions"}],"predecessor-version":[{"id":2006,"href":"https:\/\/maisoeste.com.br\/index.php?rest_route=\/wp\/v2\/posts\/2004\/revisions\/2006"}],"wp:featuredmedia":[{"embeddable":true,"href":"https:\/\/maisoeste.com.br\/index.php?rest_route=\/wp\/v2\/media\/2005"}],"wp:attachment":[{"href":"https:\/\/maisoeste.com.br\/index.php?rest_route=%2Fwp%2Fv2%2Fmedia&parent=2004"}],"wp:term":[{"taxonomy":"category","embeddable":true,"href":"https:\/\/maisoeste.com.br\/index.php?rest_route=%2Fwp%2Fv2%2Fcategories&post=2004"},{"taxonomy":"post_tag","embeddable":true,"href":"https:\/\/maisoeste.com.br\/index.php?rest_route=%2Fwp%2Fv2%2Ftags&post=2004"}],"curies":[{"name":"wp","href":"https:\/\/api.w.org\/{rel}","templated":true}]}}