{"id":2117,"date":"2025-02-22T07:46:38","date_gmt":"2025-02-22T10:46:38","guid":{"rendered":"https:\/\/maisoeste.com.br\/?p=2117"},"modified":"2025-02-22T07:46:39","modified_gmt":"2025-02-22T10:46:39","slug":"stf-autoriza-guardas-municipais-de-todo-o-pais-a-atuar-como-policia","status":"publish","type":"post","link":"https:\/\/maisoeste.com.br\/?p=2117","title":{"rendered":"STF autoriza guardas municipais de todo o pa\u00eds a atuar como pol\u00edcia"},"content":{"rendered":"\n<p>O\u00a0Supremo Tribunal Federal\u00a0(STF) autorizou as guardas municipais de todo o pa\u00eds a atuar como pol\u00edcia. A partir dessa decis\u00e3o, as guardas municipais de todo o Brasil passam a ter a possibilidade de atuar em a\u00e7\u00f5es de policiamento ostensivo, comunit\u00e1rio e tamb\u00e9m fazendo pris\u00f5es em flagrante\u00a0&#8211; desde que os munic\u00edpios estabele\u00e7am leis para isso. Pelo entendimento do Supremo, as guardas, que ser\u00e3o fiscalizadas pelo Minist\u00e9rio P\u00fablico, devem atuar em coopera\u00e7\u00e3o com as pol\u00edcias Civil e Militar. Mas n\u00e3o ter\u00e3o poder de investiga\u00e7\u00e3o.<\/p>\n\n\n\n<p>O tema chegou ao STF depois que o Tribunal de Justi\u00e7a de\u00a0S\u00e3o Paulo\u00a0negou um pedido da prefeitura da capital para que a Guarda Civil Metropolitana pudesse atuar em a\u00e7\u00f5es ostensivas. O ministro\u00a0Luiz Fux, relator do caso, disse no voto que as for\u00e7as municipais fazem parte do sistema de seguran\u00e7a p\u00fablica e que os munic\u00edpios tamb\u00e9m devem ter compet\u00eancia para legislar sobre a atua\u00e7\u00e3o das pol\u00edcias.\u00a0Oito ministros acompanharam o relator.<\/p>\n\n\n\n<p>&#8220;N\u00f3s vivemos uma crise muito grande de seguran\u00e7a p\u00fablica. Essa coopera\u00e7\u00e3o \u00e9 important\u00edssima. N\u00e3o \u00e9 uma carta de alforria, porque cada uma tem a sua atribui\u00e7\u00e3o, mas no af\u00e3 de cooperar essas for\u00e7as podem ajudar muito nessa crise de seguran\u00e7a p\u00fablica que hoje n\u00f3s vivemos&#8221;, disse o ministro do STF Luiz Fux.<\/p>\n\n\n\n<p>Os ministros\u00a0Luiz Edson Fachin\u00a0e\u00a0Cristiano Zanin\u00a0divergiram, alegando que j\u00e1 existe uma lei municipal em S\u00e3o Paulo sobre o assunto, o que invalidaria a necessidade do tema ser julgado pelo Supremo.\u00a0Ambos tamb\u00e9m votaram no sentido de estabelecer regras mais espec\u00edficas para o policiamento das guardas, mas foram votos vencidos.<\/p>\n\n\n\n<p>&#8220;O que eu acho necess\u00e1rio delimitar \u00e9 a possibilidade ou n\u00e3o das guardas municipais realizarem buscas pessoais e domiciliares naquilo que extrapolar a quest\u00e3o dos bens, servi\u00e7os e instala\u00e7\u00f5es. Ent\u00e3o, esse \u00e9 o meu ponto central. Se n\u00e3o, n\u00f3s estamos, na pr\u00e1tica, equiparando as guardas municipais \u00e0s pol\u00edcias militares&#8221;, afirmou o ministro do STF Cristiano Zanin.<\/p>\n\n\n\n<p>A decis\u00e3o acontece em um momento em que as duas maiores cidades brasileiras &#8211; S\u00e3o Paulo e\u00a0Rio de Janeiro\u00a0&#8211; discutem novas atribui\u00e7\u00f5es para os agentes municipais na seguran\u00e7a p\u00fablica.\u00a0No Rio, essa semana, o prefeito\u00a0Eduardo Paes, do PSD, enviou para a C\u00e2mara de Vereadores um projeto que cria a For\u00e7a de Seguran\u00e7a Municipal do Rio. A proposta prev\u00ea que os agentes usem armas de fogo e atuem principalmente para coibir roubos de rua.<\/p>\n\n\n\n<p>&#8220;A for\u00e7a ser\u00e1 estruturada para atuar na preven\u00e7\u00e3o de pequenos delitos, na resolu\u00e7\u00e3o consensual de conflitos e na prote\u00e7\u00e3o do patrim\u00f4nio p\u00fablico municipal, funcionando como elo entre a sociedade e as for\u00e7as de seguran\u00e7a estaduais e federais&#8221;, disse Eduardo Paes, prefeito do Rio de Janeiro, no dia 17 de fevereiro de 2025.<\/p>\n\n\n\n<p>A decis\u00e3o de quinta-feira (20) do STF n\u00e3o fala diretamente sobre armas de fogo &#8212; tema que j\u00e1 foi tratado em 2021, quando o Supremo autorizou o porte e o uso em servi\u00e7o para todas as guardas municipais do Brasil.<\/p>\n\n\n\n<p>Desde a sua cria\u00e7\u00e3o, em 1986, a Guarda Civil Metropolitana de S\u00e3o Paulo usa armas nas ruas. Nesta sexta-feira (21), o prefeito\u00a0Ricardo Nunes, do MDB, anunciou que pretende mudar o nome da guarda para Pol\u00edcia Metropolitana ou Pol\u00edcia Urbana.<\/p>\n\n\n\n<p>&#8220;Esse trabalho vai fazer com qu\u00ea? Com que o trabalho em conjunto, sempre em conjunto, da Guarda Civil Metropolitana, que passar\u00e1 a ser Pol\u00edcia Metropolitana, junto com a Pol\u00edcia Militar e a Pol\u00edcia Civil, reforce a seguran\u00e7a da popula\u00e7\u00e3o aqui de S\u00e3o Paulo para quem vive, para quem visita e para quem trabalha aqui na cidade de S\u00e3o Paulo&#8221;, disse Ricardo Nunes, prefeito de S\u00e3o Paulo.<\/p>\n\n\n\n<p>Fonte\/\/G1<\/p>\n","protected":false},"excerpt":{"rendered":"<p>O\u00a0Supremo Tribunal Federal\u00a0(STF) autorizou as guardas municipais de todo o pa\u00eds a atuar como pol\u00edcia. A partir dessa decis\u00e3o, as guardas municipais de todo o Brasil passam a ter a possibilidade de atuar em a\u00e7\u00f5es de policiamento ostensivo, comunit\u00e1rio e tamb\u00e9m fazendo pris\u00f5es em flagrante\u00a0&#8211; desde que os munic\u00edpios estabele\u00e7am leis para isso. Pelo entendimento [&hellip;]<\/p>\n","protected":false},"author":1,"featured_media":2118,"comment_status":"open","ping_status":"closed","sticky":false,"template":"","format":"standard","meta":{"site-sidebar-layout":"default","site-content-layout":"","ast-site-content-layout":"default","site-content-style":"default","site-sidebar-style":"default","ast-global-header-display":"","ast-banner-title-visibility":"","ast-main-header-display":"","ast-hfb-above-header-display":"","ast-hfb-below-header-display":"","ast-hfb-mobile-header-display":"","site-post-title":"","ast-breadcrumbs-content":"","ast-featured-img":"","footer-sml-layout":"","theme-transparent-header-meta":"","adv-header-id-meta":"","stick-header-meta":"","header-above-stick-meta":"","header-main-stick-meta":"","header-below-stick-meta":"","astra-migrate-meta-layouts":"set","ast-page-background-enabled":"default","ast-page-background-meta":{"desktop":{"background-color":"var(--ast-global-color-4)","background-image":"","background-repeat":"repeat","background-position":"center center","background-size":"auto","background-attachment":"scroll","background-type":"","background-media":"","overlay-type":"","overlay-color":"","overlay-opacity":"","overlay-gradient":""},"tablet":{"background-color":"","background-image":"","background-repeat":"repeat","background-position":"center center","background-size":"auto","background-attachment":"scroll","background-type":"","background-media":"","overlay-type":"","overlay-color":"","overlay-opacity":"","overlay-gradient":""},"mobile":{"background-color":"","background-image":"","background-repeat":"repeat","background-position":"center center","background-size":"auto","background-attachment":"scroll","background-type":"","background-media":"","overlay-type":"","overlay-color":"","overlay-opacity":"","overlay-gradient":""}},"ast-content-background-meta":{"desktop":{"background-color":"var(--ast-global-color-5)","background-image":"","background-repeat":"repeat","background-position":"center center","background-size":"auto","background-attachment":"scroll","background-type":"","background-media":"","overlay-type":"","overlay-color":"","overlay-opacity":"","overlay-gradient":""},"tablet":{"background-color":"var(--ast-global-color-5)","background-image":"","background-repeat":"repeat","background-position":"center center","background-size":"auto","background-attachment":"scroll","background-type":"","background-media":"","overlay-type":"","overlay-color":"","overlay-opacity":"","overlay-gradient":""},"mobile":{"background-color":"var(--ast-global-color-5)","background-image":"","background-repeat":"repeat","background-position":"center center","background-size":"auto","background-attachment":"scroll","background-type":"","background-media":"","overlay-type":"","overlay-color":"","overlay-opacity":"","overlay-gradient":""}},"footnotes":""},"categories":[4],"tags":[122],"class_list":["post-2117","post","type-post","status-publish","format-standard","has-post-thumbnail","hentry","category-brasil","tag-manchetes"],"_links":{"self":[{"href":"https:\/\/maisoeste.com.br\/index.php?rest_route=\/wp\/v2\/posts\/2117","targetHints":{"allow":["GET"]}}],"collection":[{"href":"https:\/\/maisoeste.com.br\/index.php?rest_route=\/wp\/v2\/posts"}],"about":[{"href":"https:\/\/maisoeste.com.br\/index.php?rest_route=\/wp\/v2\/types\/post"}],"author":[{"embeddable":true,"href":"https:\/\/maisoeste.com.br\/index.php?rest_route=\/wp\/v2\/users\/1"}],"replies":[{"embeddable":true,"href":"https:\/\/maisoeste.com.br\/index.php?rest_route=%2Fwp%2Fv2%2Fcomments&post=2117"}],"version-history":[{"count":1,"href":"https:\/\/maisoeste.com.br\/index.php?rest_route=\/wp\/v2\/posts\/2117\/revisions"}],"predecessor-version":[{"id":2119,"href":"https:\/\/maisoeste.com.br\/index.php?rest_route=\/wp\/v2\/posts\/2117\/revisions\/2119"}],"wp:featuredmedia":[{"embeddable":true,"href":"https:\/\/maisoeste.com.br\/index.php?rest_route=\/wp\/v2\/media\/2118"}],"wp:attachment":[{"href":"https:\/\/maisoeste.com.br\/index.php?rest_route=%2Fwp%2Fv2%2Fmedia&parent=2117"}],"wp:term":[{"taxonomy":"category","embeddable":true,"href":"https:\/\/maisoeste.com.br\/index.php?rest_route=%2Fwp%2Fv2%2Fcategories&post=2117"},{"taxonomy":"post_tag","embeddable":true,"href":"https:\/\/maisoeste.com.br\/index.php?rest_route=%2Fwp%2Fv2%2Ftags&post=2117"}],"curies":[{"name":"wp","href":"https:\/\/api.w.org\/{rel}","templated":true}]}}