{"id":2124,"date":"2025-02-22T08:22:00","date_gmt":"2025-02-22T11:22:00","guid":{"rendered":"https:\/\/maisoeste.com.br\/?p=2124"},"modified":"2025-02-22T17:23:07","modified_gmt":"2025-02-22T20:23:07","slug":"governo-da-bahia-publica-editais-para-contratacoes-de-novos-profissionais-da-educacao","status":"publish","type":"post","link":"https:\/\/maisoeste.com.br\/?p=2124","title":{"rendered":"Governo da Bahia publica editais para contrata\u00e7\u00f5es de novos profissionais da Educa\u00e7\u00e3o"},"content":{"rendered":"\n<p>A Secretaria da Educa\u00e7\u00e3o do Estado (SEC) publicou, nesta sexta-feira (21), no Di\u00e1rio Oficial do Estado (DOE), novos editais para contrata\u00e7\u00e3o de Mediadores do Ensino M\u00e9dio com Intermedia\u00e7\u00e3o Tecnol\u00f3gica (Emitec), Professores da Educa\u00e7\u00e3o Profissional e Professores da Educa\u00e7\u00e3o Ind\u00edgena.<\/p>\n\n\n\n<p>As sele\u00e7\u00f5es ser\u00e3o realizadas pela Funda\u00e7\u00e3o Lu\u00eds Eduardo Magalh\u00e3es (Flem) e as contrata\u00e7\u00f5es por meio de Regime Especial de Direito Administrativo (Reda).Ao todo, est\u00e3o sendo ofertadas 667 vagas para Mediadores do Emitec, conforme a Resolu\u00e7\u00e3o n\u00ba 12\/2024. J\u00e1 para Professor da Educa\u00e7\u00e3o Ind\u00edgena, a sele\u00e7\u00e3o contempla 152 vagas, autorizadas pela Resolu\u00e7\u00e3o n\u00ba 11\/2024. Al\u00e9m disso, o edital para Professor da Educa\u00e7\u00e3o Profissional disponibiliza 668 vagas, seguindo as orienta\u00e7\u00f5es da Resolu\u00e7\u00e3o n\u00ba 13\/2024.<\/p>\n\n\n\n<p>Os editais com todos os crit\u00e9rios, regras e prazos para inscri\u00e7\u00e3o est\u00e3o dispon\u00edveis para consulta no portal da educa\u00e7\u00e3o (http:\/\/www.ba.gov.br\/educacao), refor\u00e7ando o compromisso da SEC com a amplia\u00e7\u00e3o da oferta educacional e a valoriza\u00e7\u00e3o do ensino nas diversas modalidades da rede estadual.<\/p>\n\n\n\n<p>Fonte:Ascom\/SEC<\/p>\n","protected":false},"excerpt":{"rendered":"<p>A Secretaria da Educa\u00e7\u00e3o do Estado (SEC) publicou, nesta sexta-feira (21), no Di\u00e1rio Oficial do Estado (DOE), novos editais para contrata\u00e7\u00e3o de Mediadores do Ensino M\u00e9dio com Intermedia\u00e7\u00e3o Tecnol\u00f3gica (Emitec), Professores da Educa\u00e7\u00e3o Profissional e Professores da Educa\u00e7\u00e3o Ind\u00edgena. As sele\u00e7\u00f5es ser\u00e3o realizadas pela Funda\u00e7\u00e3o Lu\u00eds Eduardo Magalh\u00e3es (Flem) e as contrata\u00e7\u00f5es por meio de [&hellip;]<\/p>\n","protected":false},"author":1,"featured_media":1603,"comment_status":"open","ping_status":"closed","sticky":false,"template":"","format":"standard","meta":{"site-sidebar-layout":"default","site-content-layout":"","ast-site-content-layout":"default","site-content-style":"default","site-sidebar-style":"default","ast-global-header-display":"","ast-banner-title-visibility":"","ast-main-header-display":"","ast-hfb-above-header-display":"","ast-hfb-below-header-display":"","ast-hfb-mobile-header-display":"","site-post-title":"","ast-breadcrumbs-content":"","ast-featured-img":"","footer-sml-layout":"","theme-transparent-header-meta":"","adv-header-id-meta":"","stick-header-meta":"","header-above-stick-meta":"","header-main-stick-meta":"","header-below-stick-meta":"","astra-migrate-meta-layouts":"set","ast-page-background-enabled":"default","ast-page-background-meta":{"desktop":{"background-color":"var(--ast-global-color-4)","background-image":"","background-repeat":"repeat","background-position":"center center","background-size":"auto","background-attachment":"scroll","background-type":"","background-media":"","overlay-type":"","overlay-color":"","overlay-opacity":"","overlay-gradient":""},"tablet":{"background-color":"","background-image":"","background-repeat":"repeat","background-position":"center center","background-size":"auto","background-attachment":"scroll","background-type":"","background-media":"","overlay-type":"","overlay-color":"","overlay-opacity":"","overlay-gradient":""},"mobile":{"background-color":"","background-image":"","background-repeat":"repeat","background-position":"center center","background-size":"auto","background-attachment":"scroll","background-type":"","background-media":"","overlay-type":"","overlay-color":"","overlay-opacity":"","overlay-gradient":""}},"ast-content-background-meta":{"desktop":{"background-color":"var(--ast-global-color-5)","background-image":"","background-repeat":"repeat","background-position":"center center","background-size":"auto","background-attachment":"scroll","background-type":"","background-media":"","overlay-type":"","overlay-color":"","overlay-opacity":"","overlay-gradient":""},"tablet":{"background-color":"var(--ast-global-color-5)","background-image":"","background-repeat":"repeat","background-position":"center center","background-size":"auto","background-attachment":"scroll","background-type":"","background-media":"","overlay-type":"","overlay-color":"","overlay-opacity":"","overlay-gradient":""},"mobile":{"background-color":"var(--ast-global-color-5)","background-image":"","background-repeat":"repeat","background-position":"center center","background-size":"auto","background-attachment":"scroll","background-type":"","background-media":"","overlay-type":"","overlay-color":"","overlay-opacity":"","overlay-gradient":""}},"footnotes":""},"categories":[4],"tags":[122],"class_list":["post-2124","post","type-post","status-publish","format-standard","has-post-thumbnail","hentry","category-brasil","tag-manchetes"],"_links":{"self":[{"href":"https:\/\/maisoeste.com.br\/index.php?rest_route=\/wp\/v2\/posts\/2124","targetHints":{"allow":["GET"]}}],"collection":[{"href":"https:\/\/maisoeste.com.br\/index.php?rest_route=\/wp\/v2\/posts"}],"about":[{"href":"https:\/\/maisoeste.com.br\/index.php?rest_route=\/wp\/v2\/types\/post"}],"author":[{"embeddable":true,"href":"https:\/\/maisoeste.com.br\/index.php?rest_route=\/wp\/v2\/users\/1"}],"replies":[{"embeddable":true,"href":"https:\/\/maisoeste.com.br\/index.php?rest_route=%2Fwp%2Fv2%2Fcomments&post=2124"}],"version-history":[{"count":1,"href":"https:\/\/maisoeste.com.br\/index.php?rest_route=\/wp\/v2\/posts\/2124\/revisions"}],"predecessor-version":[{"id":2125,"href":"https:\/\/maisoeste.com.br\/index.php?rest_route=\/wp\/v2\/posts\/2124\/revisions\/2125"}],"wp:featuredmedia":[{"embeddable":true,"href":"https:\/\/maisoeste.com.br\/index.php?rest_route=\/wp\/v2\/media\/1603"}],"wp:attachment":[{"href":"https:\/\/maisoeste.com.br\/index.php?rest_route=%2Fwp%2Fv2%2Fmedia&parent=2124"}],"wp:term":[{"taxonomy":"category","embeddable":true,"href":"https:\/\/maisoeste.com.br\/index.php?rest_route=%2Fwp%2Fv2%2Fcategories&post=2124"},{"taxonomy":"post_tag","embeddable":true,"href":"https:\/\/maisoeste.com.br\/index.php?rest_route=%2Fwp%2Fv2%2Ftags&post=2124"}],"curies":[{"name":"wp","href":"https:\/\/api.w.org\/{rel}","templated":true}]}}