{"id":2152,"date":"2025-02-24T08:20:02","date_gmt":"2025-02-24T11:20:02","guid":{"rendered":"https:\/\/maisoeste.com.br\/?p=2152"},"modified":"2025-02-24T08:20:03","modified_gmt":"2025-02-24T11:20:03","slug":"barreiras-folia-2025-contara-com-cameras-de-identificacao-facial-e-mais-de-450-profissionais-das-forcas-de-seguranca","status":"publish","type":"post","link":"https:\/\/maisoeste.com.br\/?p=2152","title":{"rendered":"Barreiras Folia 2025 contar\u00e1 com c\u00e2meras de identifica\u00e7\u00e3o facial e mais de 450 profissionais das For\u00e7as de Seguran\u00e7a"},"content":{"rendered":"\n<p>A seguran\u00e7a dos foli\u00f5es est\u00e1 sendo refor\u00e7ada no Barreiras Folia 2025 com a instala\u00e7\u00e3o de 34 c\u00e2meras de videomonitoramento com tecnologia de identifica\u00e7\u00e3o facial. Os equipamentos, distribu\u00eddos pelos circuitos Z\u00e9 de Hermes e Aguinaldo Pereira, foram viabilizados por meio de uma parceria entre a Prefeitura de Barreiras, Secretaria de Seguran\u00e7a P\u00fablica da Bahia (SSP-BA) e a Pol\u00edcia Militar.<\/p>\n\n\n\n<p>As c\u00e2meras estar\u00e3o interligadas ao banco de dados da SSP-BA, permitindo a identifica\u00e7\u00e3o imediata de indiv\u00edduos com pend\u00eancias judiciais. Caso alguma ocorr\u00eancia seja detectada, a Pol\u00edcia Militar ser\u00e1 acionada para tomar as medidas cab\u00edveis. De acordo com o secret\u00e1rio municipal de Seguran\u00e7a Cidad\u00e3 e Tr\u00e2nsito, ten. cel. F\u00e1bio Santana, os equipamentos j\u00e1 come\u00e7aram a ser instalados e estar\u00e3o em pleno funcionamento antes do in\u00edcio da festa.<\/p>\n\n\n\n<p>\u201cCom tecnologia de ponta e um efetivo refor\u00e7ado, a expectativa \u00e9 que o Barreiras Folia 2025 proporcione um ambiente de festa seguro, tranquilo e organizado para moradores e turistas que vir\u00e3o prestigiar o evento. Essas c\u00e2meras ser\u00e3o fundamentais para a manuten\u00e7\u00e3o da ordem nos circuitos do Barreiras Folia. A tecnologia vai permitir uma atua\u00e7\u00e3o mais r\u00e1pida e eficiente das for\u00e7as de seguran\u00e7a, garantindo um carnaval mais seguro para todos\u201d, afirmou.<\/p>\n\n\n\n<p>A defini\u00e7\u00e3o dos pontos estrat\u00e9gicos para a instala\u00e7\u00e3o das c\u00e2meras ocorreu na ter\u00e7a-feira (18), durante uma visita no circuito Aguinaldo Pereira, com a presen\u00e7a do vice-prefeito e presidente da Comiss\u00e3o Realizadora do Carnaval, T\u00falio Viana, do secret\u00e1rio ten. cel. Fabio Santana, do assessor Cristiano Rans, coordenador da Defesa Civil, Thiago Cleber, al\u00e9m de representantes das for\u00e7as de seguran\u00e7a, como o capit\u00e3o PM Glad (SSP-BA); capit\u00e3o Lenon (CICOM); ten. cel. Beck (Pol\u00edcia Militar), e demais profissionais.<\/p>\n\n\n\n<p>Durante a vistoria, o vice-prefeito T\u00falio Viana destacou a import\u00e2ncia desse monitoramento para a seguran\u00e7a dos foli\u00f5es. \u201cUma das principais marcas do Barreiras Folia \u00e9 a seguran\u00e7a e pela primeira vez todo o circuito ser\u00e1 monitorado por c\u00e2meras de identifica\u00e7\u00e3o facial interligadas \u00e0 Central de Seguran\u00e7a P\u00fablica do Estado da Bahia. O sistema permitir\u00e1 a identifica\u00e7\u00e3o de indiv\u00edduos com pend\u00eancias judiciais, al\u00e9m de contabilizar a quantidade de pessoas presentes no circuito\u201d, destacou.<\/p>\n\n\n\n<p>Al\u00e9m do videomonitoramento, uma for\u00e7a-tarefa est\u00e1 sendo montada para garantir a seguran\u00e7a do evento. Aproximadamente 450 profissionais atuar\u00e3o diariamente nos cinco dias de festa, incluindo a Pol\u00edcia Militar, Pol\u00edcia Civil, Guarda Civil Municipal, Agentes da Cootrans, Bombeiro Militar, Bombeiro Civil, Delegacia Especial de Atendimento \u00e0 Mulher (DEAM), Departamento de Pol\u00edcia T\u00e9cnica (DPT), Juizado de Menores, Conselho Tutelar e seguran\u00e7a particular.<\/p>\n\n\n\n<p>Dircom<\/p>\n","protected":false},"excerpt":{"rendered":"<p>A seguran\u00e7a dos foli\u00f5es est\u00e1 sendo refor\u00e7ada no Barreiras Folia 2025 com a instala\u00e7\u00e3o de 34 c\u00e2meras de videomonitoramento com tecnologia de identifica\u00e7\u00e3o facial. Os equipamentos, distribu\u00eddos pelos circuitos Z\u00e9 de Hermes e Aguinaldo Pereira, foram viabilizados por meio de uma parceria entre a Prefeitura de Barreiras, Secretaria de Seguran\u00e7a P\u00fablica da Bahia (SSP-BA) e [&hellip;]<\/p>\n","protected":false},"author":1,"featured_media":2153,"comment_status":"open","ping_status":"closed","sticky":false,"template":"","format":"standard","meta":{"site-sidebar-layout":"default","site-content-layout":"","ast-site-content-layout":"default","site-content-style":"default","site-sidebar-style":"default","ast-global-header-display":"","ast-banner-title-visibility":"","ast-main-header-display":"","ast-hfb-above-header-display":"","ast-hfb-below-header-display":"","ast-hfb-mobile-header-display":"","site-post-title":"","ast-breadcrumbs-content":"","ast-featured-img":"","footer-sml-layout":"","theme-transparent-header-meta":"","adv-header-id-meta":"","stick-header-meta":"","header-above-stick-meta":"","header-main-stick-meta":"","header-below-stick-meta":"","astra-migrate-meta-layouts":"set","ast-page-background-enabled":"default","ast-page-background-meta":{"desktop":{"background-color":"var(--ast-global-color-4)","background-image":"","background-repeat":"repeat","background-position":"center center","background-size":"auto","background-attachment":"scroll","background-type":"","background-media":"","overlay-type":"","overlay-color":"","overlay-opacity":"","overlay-gradient":""},"tablet":{"background-color":"","background-image":"","background-repeat":"repeat","background-position":"center center","background-size":"auto","background-attachment":"scroll","background-type":"","background-media":"","overlay-type":"","overlay-color":"","overlay-opacity":"","overlay-gradient":""},"mobile":{"background-color":"","background-image":"","background-repeat":"repeat","background-position":"center center","background-size":"auto","background-attachment":"scroll","background-type":"","background-media":"","overlay-type":"","overlay-color":"","overlay-opacity":"","overlay-gradient":""}},"ast-content-background-meta":{"desktop":{"background-color":"var(--ast-global-color-5)","background-image":"","background-repeat":"repeat","background-position":"center center","background-size":"auto","background-attachment":"scroll","background-type":"","background-media":"","overlay-type":"","overlay-color":"","overlay-opacity":"","overlay-gradient":""},"tablet":{"background-color":"var(--ast-global-color-5)","background-image":"","background-repeat":"repeat","background-position":"center center","background-size":"auto","background-attachment":"scroll","background-type":"","background-media":"","overlay-type":"","overlay-color":"","overlay-opacity":"","overlay-gradient":""},"mobile":{"background-color":"var(--ast-global-color-5)","background-image":"","background-repeat":"repeat","background-position":"center center","background-size":"auto","background-attachment":"scroll","background-type":"","background-media":"","overlay-type":"","overlay-color":"","overlay-opacity":"","overlay-gradient":""}},"footnotes":""},"categories":[124],"tags":[],"class_list":["post-2152","post","type-post","status-publish","format-standard","has-post-thumbnail","hentry","category-carnaval"],"_links":{"self":[{"href":"https:\/\/maisoeste.com.br\/index.php?rest_route=\/wp\/v2\/posts\/2152","targetHints":{"allow":["GET"]}}],"collection":[{"href":"https:\/\/maisoeste.com.br\/index.php?rest_route=\/wp\/v2\/posts"}],"about":[{"href":"https:\/\/maisoeste.com.br\/index.php?rest_route=\/wp\/v2\/types\/post"}],"author":[{"embeddable":true,"href":"https:\/\/maisoeste.com.br\/index.php?rest_route=\/wp\/v2\/users\/1"}],"replies":[{"embeddable":true,"href":"https:\/\/maisoeste.com.br\/index.php?rest_route=%2Fwp%2Fv2%2Fcomments&post=2152"}],"version-history":[{"count":1,"href":"https:\/\/maisoeste.com.br\/index.php?rest_route=\/wp\/v2\/posts\/2152\/revisions"}],"predecessor-version":[{"id":2154,"href":"https:\/\/maisoeste.com.br\/index.php?rest_route=\/wp\/v2\/posts\/2152\/revisions\/2154"}],"wp:featuredmedia":[{"embeddable":true,"href":"https:\/\/maisoeste.com.br\/index.php?rest_route=\/wp\/v2\/media\/2153"}],"wp:attachment":[{"href":"https:\/\/maisoeste.com.br\/index.php?rest_route=%2Fwp%2Fv2%2Fmedia&parent=2152"}],"wp:term":[{"taxonomy":"category","embeddable":true,"href":"https:\/\/maisoeste.com.br\/index.php?rest_route=%2Fwp%2Fv2%2Fcategories&post=2152"},{"taxonomy":"post_tag","embeddable":true,"href":"https:\/\/maisoeste.com.br\/index.php?rest_route=%2Fwp%2Fv2%2Ftags&post=2152"}],"curies":[{"name":"wp","href":"https:\/\/api.w.org\/{rel}","templated":true}]}}