{"id":2164,"date":"2025-02-24T13:43:33","date_gmt":"2025-02-24T16:43:33","guid":{"rendered":"https:\/\/maisoeste.com.br\/?p=2164"},"modified":"2025-02-24T13:43:33","modified_gmt":"2025-02-24T16:43:33","slug":"luis-eduardo-magalhaes-sediara-evento-preparatorio-para-a-cop30-com-organizacao-da-aiba","status":"publish","type":"post","link":"https:\/\/maisoeste.com.br\/?p=2164","title":{"rendered":"Lu\u00eds Eduardo Magalh\u00e3es sediar\u00e1 evento preparat\u00f3rio para a COP30 com organiza\u00e7\u00e3o da Aiba"},"content":{"rendered":"\n<p>A cidade de Lu\u00eds Eduardo Magalh\u00e3es (BA) ser\u00e1 sede do \u00fanico evento preparat\u00f3rio da COP30 realizado no interior do Brasil. O Action Agenda on Regenerative Landscapes (AARL) Brazil Summit, que ocorrer\u00e1 nos dias 15 e 16 de abril, tem como foco a discuss\u00e3o de pol\u00edticas e investimentos para a recupera\u00e7\u00e3o de \u00e1reas degradadas e a expans\u00e3o da agricultura regenerativa no Cerrado.&nbsp;<\/p>\n\n\n\n<p>A realiza\u00e7\u00e3o do evento na Bahia \u00e9 fruto da articula\u00e7\u00e3o da Associa\u00e7\u00e3o de Agricultores e Irrigantes da Bahia (Aiba) junto ao Minist\u00e9rio da Agricultura e Pecu\u00e1ria (Mapa) e demais institui\u00e7\u00f5es do setor.<br><br>O presidente da Aiba, Mois\u00e9s Schmidt, explicou que o di\u00e1logo com o Mapa come\u00e7ou em dezembro do ano passado, quando a entidade se colocou \u00e0 disposi\u00e7\u00e3o para contribuir com a pauta do agro dentro da COP30. \u201cAgora, temos a oportunidade de destacar o Cerrado e mostrar como a produ\u00e7\u00e3o agropecu\u00e1ria na regi\u00e3o se desenvolve de maneira sustent\u00e1vel, tanto social quanto economicamente\u201d, afirmou Mois\u00e9s.<br><br>A COP30, que acontecer\u00e1 em Bel\u00e9m do Par\u00e1 em novembro, ser\u00e1 um dos eventos globais mais importantes sobre mudan\u00e7as clim\u00e1ticas. O evento preparat\u00f3rio em Lu\u00eds Eduardo Magalh\u00e3es servir\u00e1 como refer\u00eancia para as discuss\u00f5es, apresentando cases e iniciativas que demonstram a sustentabilidade do agroneg\u00f3cio na regi\u00e3o. Entre os temas em destaque estar\u00e3o a agricultura de baixo impacto ambiental, a otimiza\u00e7\u00e3o do uso da terra para produzir mais em menores \u00e1reas e a gest\u00e3o eficiente dos recursos h\u00eddricos, incluindo o monitoramento do Aqu\u00edfero Urucuia e a preserva\u00e7\u00e3o das \u00c1reas de Preserva\u00e7\u00e3o Permanente (APPs).<br><br>O ministro da Agricultura e Pecu\u00e1ria, Carlos F\u00e1varo, destacou a import\u00e2ncia dos eventos preparat\u00f3rios para estruturar as pautas que ser\u00e3o levadas \u00e0 COP30 e refor\u00e7ou a relev\u00e2ncia do agroneg\u00f3cio brasileiro na agenda global de sustentabilidade. \u201cQueremos mostrar a evolu\u00e7\u00e3o da agropecu\u00e1ria brasileira com sustentabilidade durante os debates. \u00c9 a oportunidade de mostrarmos ao mundo como \u00e9 a nossa ecologia\u201d, afirmou o ministro.<br><\/p>\n\n\n\n<p>\u201cEsse evento \u00e9 uma grande conquista para a Bahia e para o Cerrado. Ser\u00e1 uma oportunidade de demonstrarmos, com dados e experi\u00eancias concretas, como o agro brasileiro tem se preparado para os desafios clim\u00e1ticos, conciliando produ\u00e7\u00e3o e preserva\u00e7\u00e3o ambiental\u201d, ressaltou Mois\u00e9s Schmidt.<br><br><em><strong>Aiba fortalece articula\u00e7\u00e3o em Bras\u00edlia<\/strong><\/em><br><br>Al\u00e9m da confirma\u00e7\u00e3o da sede do evento preparat\u00f3rio da COP30, a Aiba cumpriu uma intensa agenda institucional em Bras\u00edlia, refor\u00e7ando parcerias estrat\u00e9gicas para o fortalecimento do agroneg\u00f3cio baiano. Durante a semana, o presidente da entidade, Mois\u00e9s Schmidt, acompanhado da diretora executiva Lizane Ferreira, da diretora financeira Cristina Gross e da diretora institucional Karen Machado, participou de reuni\u00f5es com diversas autoridades e representantes do setor.<br><br>No encontro com o senador \u00c2ngelo Coronel, foram discutidas estrat\u00e9gias para fortalecer a Bahia Farm Show, maior feira agr\u00edcola do Norte e Nordeste, que ocorrer\u00e1 entre 9 e 14 de junho em Lu\u00eds Eduardo Magalh\u00e3es. O parlamentar foi convidado a prestigiar a feira e conhecer de perto o agroneg\u00f3cio sustent\u00e1vel praticado na regi\u00e3o.<br><br>A agenda da Aiba seguiu com reuni\u00f5es na Confedera\u00e7\u00e3o da Agricultura e Pecu\u00e1ria do Brasil (CNA), onde o presidente da entidade, Jo\u00e3o Martins, recebeu a equipe para tratar de demandas priorit\u00e1rias do setor, incluindo quest\u00f5es energ\u00e9ticas e a agenda legislativa voltada ao agroneg\u00f3cio. No encontro com a Confedera\u00e7\u00e3o Nacional do Transporte (CNT), presidida por Vander Francisco Costa, os desafios log\u00edsticos da regi\u00e3o estiveram em pauta, especialmente no que diz respeito \u00e0 infraestrutura de escoamento da produ\u00e7\u00e3o agr\u00edcola.<br><br>A equipe da Aiba tamb\u00e9m esteve no Minist\u00e9rio das Comunica\u00e7\u00f5es, onde o secret\u00e1rio executivo Tiago C\u00e9sar recebeu os representantes da entidade para tratar da amplia\u00e7\u00e3o da conectividade no campo. Na Confedera\u00e7\u00e3o Nacional da Ind\u00fastria (CNI), a reuni\u00e3o com o secret\u00e1rio executivo Roberto Muniz teve como foco o fortalecimento da inova\u00e7\u00e3o tecnol\u00f3gica no agroneg\u00f3cio.<br><br><em>Assessoria de imprensa Aiba<\/em><\/p>\n","protected":false},"excerpt":{"rendered":"<p>A cidade de Lu\u00eds Eduardo Magalh\u00e3es (BA) ser\u00e1 sede do \u00fanico evento preparat\u00f3rio da COP30 realizado no interior do Brasil. O Action Agenda on Regenerative Landscapes (AARL) Brazil Summit, que ocorrer\u00e1 nos dias 15 e 16 de abril, tem como foco a discuss\u00e3o de pol\u00edticas e investimentos para a recupera\u00e7\u00e3o de \u00e1reas degradadas e a [&hellip;]<\/p>\n","protected":false},"author":1,"featured_media":2165,"comment_status":"open","ping_status":"closed","sticky":false,"template":"","format":"standard","meta":{"site-sidebar-layout":"default","site-content-layout":"","ast-site-content-layout":"default","site-content-style":"default","site-sidebar-style":"default","ast-global-header-display":"","ast-banner-title-visibility":"","ast-main-header-display":"","ast-hfb-above-header-display":"","ast-hfb-below-header-display":"","ast-hfb-mobile-header-display":"","site-post-title":"","ast-breadcrumbs-content":"","ast-featured-img":"","footer-sml-layout":"","theme-transparent-header-meta":"","adv-header-id-meta":"","stick-header-meta":"","header-above-stick-meta":"","header-main-stick-meta":"","header-below-stick-meta":"","astra-migrate-meta-layouts":"set","ast-page-background-enabled":"default","ast-page-background-meta":{"desktop":{"background-color":"var(--ast-global-color-4)","background-image":"","background-repeat":"repeat","background-position":"center center","background-size":"auto","background-attachment":"scroll","background-type":"","background-media":"","overlay-type":"","overlay-color":"","overlay-opacity":"","overlay-gradient":""},"tablet":{"background-color":"","background-image":"","background-repeat":"repeat","background-position":"center center","background-size":"auto","background-attachment":"scroll","background-type":"","background-media":"","overlay-type":"","overlay-color":"","overlay-opacity":"","overlay-gradient":""},"mobile":{"background-color":"","background-image":"","background-repeat":"repeat","background-position":"center center","background-size":"auto","background-attachment":"scroll","background-type":"","background-media":"","overlay-type":"","overlay-color":"","overlay-opacity":"","overlay-gradient":""}},"ast-content-background-meta":{"desktop":{"background-color":"var(--ast-global-color-5)","background-image":"","background-repeat":"repeat","background-position":"center center","background-size":"auto","background-attachment":"scroll","background-type":"","background-media":"","overlay-type":"","overlay-color":"","overlay-opacity":"","overlay-gradient":""},"tablet":{"background-color":"var(--ast-global-color-5)","background-image":"","background-repeat":"repeat","background-position":"center center","background-size":"auto","background-attachment":"scroll","background-type":"","background-media":"","overlay-type":"","overlay-color":"","overlay-opacity":"","overlay-gradient":""},"mobile":{"background-color":"var(--ast-global-color-5)","background-image":"","background-repeat":"repeat","background-position":"center center","background-size":"auto","background-attachment":"scroll","background-type":"","background-media":"","overlay-type":"","overlay-color":"","overlay-opacity":"","overlay-gradient":""}},"footnotes":""},"categories":[45],"tags":[],"class_list":["post-2164","post","type-post","status-publish","format-standard","has-post-thumbnail","hentry","category-esportes"],"_links":{"self":[{"href":"https:\/\/maisoeste.com.br\/index.php?rest_route=\/wp\/v2\/posts\/2164","targetHints":{"allow":["GET"]}}],"collection":[{"href":"https:\/\/maisoeste.com.br\/index.php?rest_route=\/wp\/v2\/posts"}],"about":[{"href":"https:\/\/maisoeste.com.br\/index.php?rest_route=\/wp\/v2\/types\/post"}],"author":[{"embeddable":true,"href":"https:\/\/maisoeste.com.br\/index.php?rest_route=\/wp\/v2\/users\/1"}],"replies":[{"embeddable":true,"href":"https:\/\/maisoeste.com.br\/index.php?rest_route=%2Fwp%2Fv2%2Fcomments&post=2164"}],"version-history":[{"count":1,"href":"https:\/\/maisoeste.com.br\/index.php?rest_route=\/wp\/v2\/posts\/2164\/revisions"}],"predecessor-version":[{"id":2166,"href":"https:\/\/maisoeste.com.br\/index.php?rest_route=\/wp\/v2\/posts\/2164\/revisions\/2166"}],"wp:featuredmedia":[{"embeddable":true,"href":"https:\/\/maisoeste.com.br\/index.php?rest_route=\/wp\/v2\/media\/2165"}],"wp:attachment":[{"href":"https:\/\/maisoeste.com.br\/index.php?rest_route=%2Fwp%2Fv2%2Fmedia&parent=2164"}],"wp:term":[{"taxonomy":"category","embeddable":true,"href":"https:\/\/maisoeste.com.br\/index.php?rest_route=%2Fwp%2Fv2%2Fcategories&post=2164"},{"taxonomy":"post_tag","embeddable":true,"href":"https:\/\/maisoeste.com.br\/index.php?rest_route=%2Fwp%2Fv2%2Ftags&post=2164"}],"curies":[{"name":"wp","href":"https:\/\/api.w.org\/{rel}","templated":true}]}}