{"id":2167,"date":"2025-02-24T13:52:51","date_gmt":"2025-02-24T16:52:51","guid":{"rendered":"https:\/\/maisoeste.com.br\/?p=2167"},"modified":"2025-02-24T13:52:51","modified_gmt":"2025-02-24T16:52:51","slug":"audiencia-publica-empresarios-prometem-discutir-pautas-para-revitalizacao-do-centro-historico","status":"publish","type":"post","link":"https:\/\/maisoeste.com.br\/?p=2167","title":{"rendered":"Audi\u00eancia P\u00fablica: Empres\u00e1rios prometem discutir pautas para revitaliza\u00e7\u00e3o do Centro Hist\u00f3rico"},"content":{"rendered":"\n<p>A C\u00e2mara Municipal de Barreiras realizar\u00e1 nesta segunda-feira (24), \u00e0s 19 h, a primeira Audi\u00eancia P\u00fablica de 2025 sobre as a\u00e7\u00f5es para a preserva\u00e7\u00e3o e valoriza\u00e7\u00e3o do Centro Hist\u00f3rico de Barreiras. Os empres\u00e1rios com estabelecimentos no local prometem comparecer em massa ao Plen\u00e1rio apresentar reivindica\u00e7\u00f5es e pautas pertinentes sobre a revitaliza\u00e7\u00e3o do local.<\/p>\n\n\n\n<p><strong>Durante audi\u00eancia p\u00fablica ser\u00e3o apresentados tr\u00eas pain\u00e9is:<br><\/strong>\u2013 Painel I: Import\u00e2ncia hist\u00f3rica e cultural do Centro de Barreiras.<br>\u2013 Painel II: Diagn\u00f3stico da situa\u00e7\u00e3o atual e desafios na preserva\u00e7\u00e3o.<br>\u2013 Painel III: Seguran\u00e7a e infraestrutura \u2013 problemas, impactos e solu\u00e7\u00f5es.<\/p>\n\n\n\n<p>A sess\u00e3o ser\u00e1 transmitida pela TV C\u00e2mara Barreiras (canal 40.3), R\u00e1dio C\u00e2mara (FM 99,1) e redes oficiais (YouTube\/Facebook), que asseguram a efetividade da pol\u00edtica de comunica\u00e7\u00e3o p\u00fablica desta Casa de Leis.<\/p>\n\n\n\n<p>Foto\/\/Dircom<\/p>\n","protected":false},"excerpt":{"rendered":"<p>A C\u00e2mara Municipal de Barreiras realizar\u00e1 nesta segunda-feira (24), \u00e0s 19 h, a primeira Audi\u00eancia P\u00fablica de 2025 sobre as a\u00e7\u00f5es para a preserva\u00e7\u00e3o e valoriza\u00e7\u00e3o do Centro Hist\u00f3rico de Barreiras. Os empres\u00e1rios com estabelecimentos no local prometem comparecer em massa ao Plen\u00e1rio apresentar reivindica\u00e7\u00f5es e pautas pertinentes sobre a revitaliza\u00e7\u00e3o do local. Durante audi\u00eancia [&hellip;]<\/p>\n","protected":false},"author":1,"featured_media":2168,"comment_status":"open","ping_status":"closed","sticky":false,"template":"","format":"standard","meta":{"site-sidebar-layout":"default","site-content-layout":"","ast-site-content-layout":"default","site-content-style":"default","site-sidebar-style":"default","ast-global-header-display":"","ast-banner-title-visibility":"","ast-main-header-display":"","ast-hfb-above-header-display":"","ast-hfb-below-header-display":"","ast-hfb-mobile-header-display":"","site-post-title":"","ast-breadcrumbs-content":"","ast-featured-img":"","footer-sml-layout":"","theme-transparent-header-meta":"","adv-header-id-meta":"","stick-header-meta":"","header-above-stick-meta":"","header-main-stick-meta":"","header-below-stick-meta":"","astra-migrate-meta-layouts":"set","ast-page-background-enabled":"default","ast-page-background-meta":{"desktop":{"background-color":"var(--ast-global-color-4)","background-image":"","background-repeat":"repeat","background-position":"center center","background-size":"auto","background-attachment":"scroll","background-type":"","background-media":"","overlay-type":"","overlay-color":"","overlay-opacity":"","overlay-gradient":""},"tablet":{"background-color":"","background-image":"","background-repeat":"repeat","background-position":"center center","background-size":"auto","background-attachment":"scroll","background-type":"","background-media":"","overlay-type":"","overlay-color":"","overlay-opacity":"","overlay-gradient":""},"mobile":{"background-color":"","background-image":"","background-repeat":"repeat","background-position":"center center","background-size":"auto","background-attachment":"scroll","background-type":"","background-media":"","overlay-type":"","overlay-color":"","overlay-opacity":"","overlay-gradient":""}},"ast-content-background-meta":{"desktop":{"background-color":"var(--ast-global-color-5)","background-image":"","background-repeat":"repeat","background-position":"center center","background-size":"auto","background-attachment":"scroll","background-type":"","background-media":"","overlay-type":"","overlay-color":"","overlay-opacity":"","overlay-gradient":""},"tablet":{"background-color":"var(--ast-global-color-5)","background-image":"","background-repeat":"repeat","background-position":"center center","background-size":"auto","background-attachment":"scroll","background-type":"","background-media":"","overlay-type":"","overlay-color":"","overlay-opacity":"","overlay-gradient":""},"mobile":{"background-color":"var(--ast-global-color-5)","background-image":"","background-repeat":"repeat","background-position":"center center","background-size":"auto","background-attachment":"scroll","background-type":"","background-media":"","overlay-type":"","overlay-color":"","overlay-opacity":"","overlay-gradient":""}},"footnotes":""},"categories":[45],"tags":[122],"class_list":["post-2167","post","type-post","status-publish","format-standard","has-post-thumbnail","hentry","category-esportes","tag-manchetes"],"_links":{"self":[{"href":"https:\/\/maisoeste.com.br\/index.php?rest_route=\/wp\/v2\/posts\/2167","targetHints":{"allow":["GET"]}}],"collection":[{"href":"https:\/\/maisoeste.com.br\/index.php?rest_route=\/wp\/v2\/posts"}],"about":[{"href":"https:\/\/maisoeste.com.br\/index.php?rest_route=\/wp\/v2\/types\/post"}],"author":[{"embeddable":true,"href":"https:\/\/maisoeste.com.br\/index.php?rest_route=\/wp\/v2\/users\/1"}],"replies":[{"embeddable":true,"href":"https:\/\/maisoeste.com.br\/index.php?rest_route=%2Fwp%2Fv2%2Fcomments&post=2167"}],"version-history":[{"count":1,"href":"https:\/\/maisoeste.com.br\/index.php?rest_route=\/wp\/v2\/posts\/2167\/revisions"}],"predecessor-version":[{"id":2169,"href":"https:\/\/maisoeste.com.br\/index.php?rest_route=\/wp\/v2\/posts\/2167\/revisions\/2169"}],"wp:featuredmedia":[{"embeddable":true,"href":"https:\/\/maisoeste.com.br\/index.php?rest_route=\/wp\/v2\/media\/2168"}],"wp:attachment":[{"href":"https:\/\/maisoeste.com.br\/index.php?rest_route=%2Fwp%2Fv2%2Fmedia&parent=2167"}],"wp:term":[{"taxonomy":"category","embeddable":true,"href":"https:\/\/maisoeste.com.br\/index.php?rest_route=%2Fwp%2Fv2%2Fcategories&post=2167"},{"taxonomy":"post_tag","embeddable":true,"href":"https:\/\/maisoeste.com.br\/index.php?rest_route=%2Fwp%2Fv2%2Ftags&post=2167"}],"curies":[{"name":"wp","href":"https:\/\/api.w.org\/{rel}","templated":true}]}}