{"id":2190,"date":"2025-02-25T07:36:02","date_gmt":"2025-02-25T10:36:02","guid":{"rendered":"https:\/\/maisoeste.com.br\/?p=2190"},"modified":"2025-02-25T07:36:03","modified_gmt":"2025-02-25T10:36:03","slug":"haddad-confirma-mecanismo-para-liberar-fgts-de-quem-usou-saque-aniversario","status":"publish","type":"post","link":"https:\/\/maisoeste.com.br\/?p=2190","title":{"rendered":"Haddad confirma mecanismo para liberar FGTS de quem usou saque-anivers\u00e1rio"},"content":{"rendered":"\n<p>O ministro da Fazenda,&nbsp;<strong>Fernando Haddad<\/strong>, confirmou, em entrevista a jornalistas nesta segunda-feira (24), que o governo se prepara para anunciar uma&nbsp;<strong>\u201cregra de transi\u00e7\u00e3o\u201d para liberar recursos do FGTS de quem usou saque-anivers\u00e1rio<\/strong>.<\/p>\n\n\n\n<p>\u201cSem mexer no saque-anivers\u00e1rio, vamos oferecer o consignado do setor privado e oferecer uma regra de transi\u00e7\u00e3o para quem ficou com o dinheiro preso. Mas vai valer s\u00f3 como regra de transi\u00e7\u00e3o\u201d, disse em S\u00e3o Paulo.<\/p>\n\n\n\n<p>A Folha de S.Paulo revelou e a\u00a0<strong>CNN<\/strong>\u00a0confirmou que o\u00a0governo prepara uma medida provis\u00f3ria (MP) sobre o tema.<\/p>\n\n\n\n<p>Dirigentes das principais centrais sindicais do pa\u00eds v\u00e3o a Bras\u00edlia nesta ter\u00e7a-feira (25) e esperam a assinatura do texto pelo presidente j\u00e1 durante a tarde.<\/p>\n\n\n\n<p>Pelas regras em vigor,\u00a0todo trabalhador registrado em carteira pode sacar parte do FGTS no m\u00eas em que faz anivers\u00e1rio.<\/p>\n\n\n\n<p>No entanto, o saldo remanescente fica travado por dois anos e n\u00e3o pode ser sacado antes desse per\u00edodo, nem mesmo na hip\u00f3tese de demiss\u00e3o sem justa causa \u2013 nesses casos, o trabalhador mant\u00e9m apenas o direito \u00e0 multa rescis\u00f3ria de 40% do total.<\/p>\n\n\n\n<p>O atual governo considera o saque-anivers\u00e1rio um desvirtuamento da finalidade do FGTS: servir de poupan\u00e7a aos trabalhadores formais em caso de perda de emprego e, ao mesmo tempo, ser uma linha de financiamento de projetos habitacionais.<\/p>\n\n\n\n<p>Fonte\/\/CNN<\/p>\n","protected":false},"excerpt":{"rendered":"<p>O ministro da Fazenda,&nbsp;Fernando Haddad, confirmou, em entrevista a jornalistas nesta segunda-feira (24), que o governo se prepara para anunciar uma&nbsp;\u201cregra de transi\u00e7\u00e3o\u201d para liberar recursos do FGTS de quem usou saque-anivers\u00e1rio. \u201cSem mexer no saque-anivers\u00e1rio, vamos oferecer o consignado do setor privado e oferecer uma regra de transi\u00e7\u00e3o para quem ficou com o dinheiro [&hellip;]<\/p>\n","protected":false},"author":1,"featured_media":2191,"comment_status":"open","ping_status":"closed","sticky":false,"template":"","format":"standard","meta":{"site-sidebar-layout":"default","site-content-layout":"","ast-site-content-layout":"default","site-content-style":"default","site-sidebar-style":"default","ast-global-header-display":"","ast-banner-title-visibility":"","ast-main-header-display":"","ast-hfb-above-header-display":"","ast-hfb-below-header-display":"","ast-hfb-mobile-header-display":"","site-post-title":"","ast-breadcrumbs-content":"","ast-featured-img":"","footer-sml-layout":"","theme-transparent-header-meta":"","adv-header-id-meta":"","stick-header-meta":"","header-above-stick-meta":"","header-main-stick-meta":"","header-below-stick-meta":"","astra-migrate-meta-layouts":"set","ast-page-background-enabled":"default","ast-page-background-meta":{"desktop":{"background-color":"var(--ast-global-color-4)","background-image":"","background-repeat":"repeat","background-position":"center center","background-size":"auto","background-attachment":"scroll","background-type":"","background-media":"","overlay-type":"","overlay-color":"","overlay-opacity":"","overlay-gradient":""},"tablet":{"background-color":"","background-image":"","background-repeat":"repeat","background-position":"center center","background-size":"auto","background-attachment":"scroll","background-type":"","background-media":"","overlay-type":"","overlay-color":"","overlay-opacity":"","overlay-gradient":""},"mobile":{"background-color":"","background-image":"","background-repeat":"repeat","background-position":"center center","background-size":"auto","background-attachment":"scroll","background-type":"","background-media":"","overlay-type":"","overlay-color":"","overlay-opacity":"","overlay-gradient":""}},"ast-content-background-meta":{"desktop":{"background-color":"var(--ast-global-color-5)","background-image":"","background-repeat":"repeat","background-position":"center center","background-size":"auto","background-attachment":"scroll","background-type":"","background-media":"","overlay-type":"","overlay-color":"","overlay-opacity":"","overlay-gradient":""},"tablet":{"background-color":"var(--ast-global-color-5)","background-image":"","background-repeat":"repeat","background-position":"center center","background-size":"auto","background-attachment":"scroll","background-type":"","background-media":"","overlay-type":"","overlay-color":"","overlay-opacity":"","overlay-gradient":""},"mobile":{"background-color":"var(--ast-global-color-5)","background-image":"","background-repeat":"repeat","background-position":"center center","background-size":"auto","background-attachment":"scroll","background-type":"","background-media":"","overlay-type":"","overlay-color":"","overlay-opacity":"","overlay-gradient":""}},"footnotes":""},"categories":[4],"tags":[122],"class_list":["post-2190","post","type-post","status-publish","format-standard","has-post-thumbnail","hentry","category-brasil","tag-manchetes"],"_links":{"self":[{"href":"https:\/\/maisoeste.com.br\/index.php?rest_route=\/wp\/v2\/posts\/2190","targetHints":{"allow":["GET"]}}],"collection":[{"href":"https:\/\/maisoeste.com.br\/index.php?rest_route=\/wp\/v2\/posts"}],"about":[{"href":"https:\/\/maisoeste.com.br\/index.php?rest_route=\/wp\/v2\/types\/post"}],"author":[{"embeddable":true,"href":"https:\/\/maisoeste.com.br\/index.php?rest_route=\/wp\/v2\/users\/1"}],"replies":[{"embeddable":true,"href":"https:\/\/maisoeste.com.br\/index.php?rest_route=%2Fwp%2Fv2%2Fcomments&post=2190"}],"version-history":[{"count":1,"href":"https:\/\/maisoeste.com.br\/index.php?rest_route=\/wp\/v2\/posts\/2190\/revisions"}],"predecessor-version":[{"id":2192,"href":"https:\/\/maisoeste.com.br\/index.php?rest_route=\/wp\/v2\/posts\/2190\/revisions\/2192"}],"wp:featuredmedia":[{"embeddable":true,"href":"https:\/\/maisoeste.com.br\/index.php?rest_route=\/wp\/v2\/media\/2191"}],"wp:attachment":[{"href":"https:\/\/maisoeste.com.br\/index.php?rest_route=%2Fwp%2Fv2%2Fmedia&parent=2190"}],"wp:term":[{"taxonomy":"category","embeddable":true,"href":"https:\/\/maisoeste.com.br\/index.php?rest_route=%2Fwp%2Fv2%2Fcategories&post=2190"},{"taxonomy":"post_tag","embeddable":true,"href":"https:\/\/maisoeste.com.br\/index.php?rest_route=%2Fwp%2Fv2%2Ftags&post=2190"}],"curies":[{"name":"wp","href":"https:\/\/api.w.org\/{rel}","templated":true}]}}