{"id":2213,"date":"2025-02-25T09:01:30","date_gmt":"2025-02-25T12:01:30","guid":{"rendered":"https:\/\/maisoeste.com.br\/?p=2213"},"modified":"2025-02-25T09:01:31","modified_gmt":"2025-02-25T12:01:31","slug":"ufob-abre-inscricoes-do-concurso-publico-com-31-vagas-para-tecnicos-administrativos","status":"publish","type":"post","link":"https:\/\/maisoeste.com.br\/?p=2213","title":{"rendered":"UFOB abre inscri\u00e7\u00f5es do concurso p\u00fablico com 31 vagas para t\u00e9cnicos administrativos"},"content":{"rendered":"\n<p>A UFOB abre, nesta ter\u00e7a-feira (25), as inscri\u00e7\u00f5es em concurso p\u00fablico para preenchimento de 31 vagas para t\u00e9cnicos administrativos, com cargos de n\u00edveis m\u00e9dio\/t\u00e9cnico e superior. As oportunidades s\u00e3o para atuar em qualquer um dos cinco&nbsp;campi da UFOB, com remunera\u00e7\u00e3o que varia de R$ 4.029,90 a R$ 5.967,04, incluindo aux\u00edlio alimenta\u00e7\u00e3o.&nbsp;<\/p>\n\n\n\n<p>Os interessados podem se inscrever at\u00e9 o dia 24 de mar\u00e7o no&nbsp;site do Instituto de Desenvolvimento Educacional, Cultural e Assistencial Nacional (Idecan), organizador do certame. As inscri\u00e7\u00f5es custam R$ 120 e R$150 para os cargos de n\u00edvel m\u00e9dio e superior, respectivamente. Os participantes do Cadastro \u00danico para programas sociais do Governo Federal podem solicitar isen\u00e7\u00e3o de pagamento da inscri\u00e7\u00e3o at\u00e9 dia 26 de fevereiro.\u2028\u2028O concurso constar\u00e1 de provas escritas, com 65 quest\u00f5es de portugu\u00eas, administra\u00e7\u00e3o p\u00fablica, inform\u00e1tica b\u00e1sica e conhecimentos espec\u00edficos. As provas acontecer\u00e3o no dia 18 de maio, em Barra, Barreiras, Bom Jesus da Lapa, Itabuna, Salvador, Porto Seguro e Teixeira de Freitas, no turno da manh\u00e3 para os cargos de n\u00edvel m\u00e9dio e no duro da tarde para os de n\u00edvel superior. A dura\u00e7\u00e3o ser\u00e1 de 4 horas.<\/p>\n\n\n\n<p>O regime de trabalho ser\u00e1 de 40 horas semanais, exceto para m\u00e9dicos que ter\u00e3o jornada de 20 horas. O prazo de validade do concurso \u00e9 de dois anos, contado a partir da publica\u00e7\u00e3o da sua homologa\u00e7\u00e3o no Di\u00e1rio Oficial da Uni\u00e3o, podendo ser prorrogado por igual per\u00edodo, a crit\u00e9rio da UFOB.<\/p>\n\n\n\n<p><strong>Da Reserva de Vagas<\/strong><\/p>\n\n\n\n<p>Do total de vagas existentes para cada cargo e das que vierem a ser criadas durante o prazo de validade do concurso p\u00fablico, 20% (vinte por cento) ser\u00e3o destinadas&nbsp;&nbsp;a pessoas pretas\/pardas e 10% para pessoas com defici\u00eancia.&nbsp;<\/p>\n\n\n\n<p>Acesse o site&nbsp;<a href=\"https:\/\/www.idecan.org.br\/\"><strong><em>https:\/\/www.idecan.org.br\/<\/em><\/strong>&nbsp;<\/a>e saiba tudo sobre o Concurso.<\/p>\n\n\n\n<p><strong>SERVI\u00c7O<\/strong><br><strong>Concurso P\u00fablico para servidores t\u00e9cnicos administrativos da UFOB<\/strong><br><strong>Vagas:<\/strong>&nbsp;31 para n\u00edvel m\u00e9dio e n\u00edvel superior<br><strong>Inscri\u00e7\u00e3o:<\/strong>&nbsp;de 25 de fevereiro a 24 de mar\u00e7o de 2025 no site&nbsp;<a href=\"http:\/\/www.idecan.org.br\/\" target=\"_blank\" rel=\"noreferrer noopener\"><em><strong>www.idecan.org.br<\/strong><\/em><\/a><br><strong>Valor:<\/strong>&nbsp;R$ 120 (n\u00edvel m\u00e9dio) e R$150 (n\u00edvel superior).<br>Os participantes do Cadastro \u00danico para programas sociais do Governo Federal podem solicitar isen\u00e7\u00e3o de pagamento da inscri\u00e7\u00e3o at\u00e9 dia 26 de fevereiro<br><strong>Provas:<\/strong>&nbsp;dia 18 de maio de 2025, em Barra, Barreiras, Bom Jesus da Lapa, Itabuna, Salvador, Porto Seguro e Teixeira de Freitas<\/p>\n\n\n\n<p>ASCOM<\/p>\n","protected":false},"excerpt":{"rendered":"<p>A UFOB abre, nesta ter\u00e7a-feira (25), as inscri\u00e7\u00f5es em concurso p\u00fablico para preenchimento de 31 vagas para t\u00e9cnicos administrativos, com cargos de n\u00edveis m\u00e9dio\/t\u00e9cnico e superior. As oportunidades s\u00e3o para atuar em qualquer um dos cinco&nbsp;campi da UFOB, com remunera\u00e7\u00e3o que varia de R$ 4.029,90 a R$ 5.967,04, incluindo aux\u00edlio alimenta\u00e7\u00e3o.&nbsp; Os interessados podem se [&hellip;]<\/p>\n","protected":false},"author":1,"featured_media":2214,"comment_status":"open","ping_status":"closed","sticky":false,"template":"","format":"standard","meta":{"site-sidebar-layout":"default","site-content-layout":"","ast-site-content-layout":"default","site-content-style":"default","site-sidebar-style":"default","ast-global-header-display":"","ast-banner-title-visibility":"","ast-main-header-display":"","ast-hfb-above-header-display":"","ast-hfb-below-header-display":"","ast-hfb-mobile-header-display":"","site-post-title":"","ast-breadcrumbs-content":"","ast-featured-img":"","footer-sml-layout":"","theme-transparent-header-meta":"","adv-header-id-meta":"","stick-header-meta":"","header-above-stick-meta":"","header-main-stick-meta":"","header-below-stick-meta":"","astra-migrate-meta-layouts":"set","ast-page-background-enabled":"default","ast-page-background-meta":{"desktop":{"background-color":"var(--ast-global-color-4)","background-image":"","background-repeat":"repeat","background-position":"center center","background-size":"auto","background-attachment":"scroll","background-type":"","background-media":"","overlay-type":"","overlay-color":"","overlay-opacity":"","overlay-gradient":""},"tablet":{"background-color":"","background-image":"","background-repeat":"repeat","background-position":"center center","background-size":"auto","background-attachment":"scroll","background-type":"","background-media":"","overlay-type":"","overlay-color":"","overlay-opacity":"","overlay-gradient":""},"mobile":{"background-color":"","background-image":"","background-repeat":"repeat","background-position":"center center","background-size":"auto","background-attachment":"scroll","background-type":"","background-media":"","overlay-type":"","overlay-color":"","overlay-opacity":"","overlay-gradient":""}},"ast-content-background-meta":{"desktop":{"background-color":"var(--ast-global-color-5)","background-image":"","background-repeat":"repeat","background-position":"center center","background-size":"auto","background-attachment":"scroll","background-type":"","background-media":"","overlay-type":"","overlay-color":"","overlay-opacity":"","overlay-gradient":""},"tablet":{"background-color":"var(--ast-global-color-5)","background-image":"","background-repeat":"repeat","background-position":"center center","background-size":"auto","background-attachment":"scroll","background-type":"","background-media":"","overlay-type":"","overlay-color":"","overlay-opacity":"","overlay-gradient":""},"mobile":{"background-color":"var(--ast-global-color-5)","background-image":"","background-repeat":"repeat","background-position":"center center","background-size":"auto","background-attachment":"scroll","background-type":"","background-media":"","overlay-type":"","overlay-color":"","overlay-opacity":"","overlay-gradient":""}},"footnotes":""},"categories":[45],"tags":[],"class_list":["post-2213","post","type-post","status-publish","format-standard","has-post-thumbnail","hentry","category-esportes"],"_links":{"self":[{"href":"https:\/\/maisoeste.com.br\/index.php?rest_route=\/wp\/v2\/posts\/2213","targetHints":{"allow":["GET"]}}],"collection":[{"href":"https:\/\/maisoeste.com.br\/index.php?rest_route=\/wp\/v2\/posts"}],"about":[{"href":"https:\/\/maisoeste.com.br\/index.php?rest_route=\/wp\/v2\/types\/post"}],"author":[{"embeddable":true,"href":"https:\/\/maisoeste.com.br\/index.php?rest_route=\/wp\/v2\/users\/1"}],"replies":[{"embeddable":true,"href":"https:\/\/maisoeste.com.br\/index.php?rest_route=%2Fwp%2Fv2%2Fcomments&post=2213"}],"version-history":[{"count":1,"href":"https:\/\/maisoeste.com.br\/index.php?rest_route=\/wp\/v2\/posts\/2213\/revisions"}],"predecessor-version":[{"id":2215,"href":"https:\/\/maisoeste.com.br\/index.php?rest_route=\/wp\/v2\/posts\/2213\/revisions\/2215"}],"wp:featuredmedia":[{"embeddable":true,"href":"https:\/\/maisoeste.com.br\/index.php?rest_route=\/wp\/v2\/media\/2214"}],"wp:attachment":[{"href":"https:\/\/maisoeste.com.br\/index.php?rest_route=%2Fwp%2Fv2%2Fmedia&parent=2213"}],"wp:term":[{"taxonomy":"category","embeddable":true,"href":"https:\/\/maisoeste.com.br\/index.php?rest_route=%2Fwp%2Fv2%2Fcategories&post=2213"},{"taxonomy":"post_tag","embeddable":true,"href":"https:\/\/maisoeste.com.br\/index.php?rest_route=%2Fwp%2Fv2%2Ftags&post=2213"}],"curies":[{"name":"wp","href":"https:\/\/api.w.org\/{rel}","templated":true}]}}