{"id":2227,"date":"2025-02-26T07:23:08","date_gmt":"2025-02-26T10:23:08","guid":{"rendered":"https:\/\/maisoeste.com.br\/?p=2227"},"modified":"2025-02-26T07:23:09","modified_gmt":"2025-02-26T10:23:09","slug":"trabalhadores-sao-resgatados-em-condicao-semelhante-a-escravidao-no-interior-da-bahia","status":"publish","type":"post","link":"https:\/\/maisoeste.com.br\/?p=2227","title":{"rendered":"Trabalhadores s\u00e3o resgatados em condi\u00e7\u00e3o semelhante \u00e0 escravid\u00e3o no interior da Bahia"},"content":{"rendered":"\n<p>Tr\u00eas trabalhadores rurais foram resgatados durante uma opera\u00e7\u00e3o realizada em\u00a0Serrinha, a cerca de 60 km de Feira de Santana. Segundo o Minist\u00e9rio P\u00fablico do Trabalho na Bahia (MPT-BA), eles foram encontrados em situa\u00e7\u00e3o degradante, que se assemelha a de pessoas escravizadas. O empregador, identificado como Geraldo de Arag\u00e3o Bulc\u00e3o, 98 anos, tinha procedimento agendado na Ger\u00eancia Regional do Trabalho de Feira de Santana nesta segunda-feira (24), mas n\u00e3o compareceu, nem mandou representantes.<\/p>\n\n\n\n<p>Os trabalhadores foram retirados da fazenda Morrinhos, na zona rural do munic\u00edpio, na \u00faltima quinta-feira (20). Eles tiveram as identidades preservadas.<\/p>\n\n\n\n<p>A opera\u00e7\u00e3o contou com a participa\u00e7\u00e3o de auditores-fiscais do Minist\u00e9rio do Trabalho e Emprego (MTE), uma defensora da Defensoria P\u00fablica da Uni\u00e3o (DPU), inspetores da Pol\u00edcia Rodovi\u00e1ria Federal, al\u00e9m de procuradora e servidores do MPT.<\/p>\n\n\n\n<p>Durante uma semana, os agentes p\u00fablicos percorreram diversos locais entre os munic\u00edpios de\u00a0Irec\u00ea\u00a0e Serrinha para apurar den\u00fancias de trabalho escravo. O \u00fanico caso em que foi constatado esse tipo de situa\u00e7\u00e3o foi na fazenda Morrinhos, dedicada \u00e0 cria\u00e7\u00e3o de animais, como porcos, bois, ovelhas, galinhas e avestruzes.<\/p>\n\n\n\n<p>Conforme o MPT, apesar de dispor de boa estrutura e um plantel numeroso, a propriedade n\u00e3o garantia condi\u00e7\u00f5es dignas de trabalho e alojamento para os empregados. Um deles tinha pouco mais de cinco anos de atividade no local e os outros dois trabalhavam no local h\u00e1 tr\u00eas meses.<\/p>\n\n\n\n<p>No momento da chegada das equipes, dois trabalhadores aplicavam agrot\u00f3xicos sem qualquer prote\u00e7\u00e3o, enquanto o outro cuidava dos animais. O trio vivia em acomoda\u00e7\u00f5es &#8220;extremamente prec\u00e1rias, sem sanit\u00e1rio e sem \u00e1gua tratada&#8221;. Al\u00e9m disso, o \u00f3rg\u00e3o detalhou que a cozinha funcionava em uma baia ao lado do chiqueiro de porcos, com forte mau cheiro.<\/p>\n\n\n\n<p>De acordo com o MPT, nenhum deles tinha contrato de trabalho registrado. Eles recebiam entre R$ 300 e R$ 500 por semana, cumpriam as tarefas de domingo a domingo, &#8220;em jornadas que iam do amanhecer ao p\u00f4r do sol sem direito a descanso semanal&#8221;. O vaqueiro que trabalhava na fazenda desde janeiro de 2020 contou que s\u00f3 teve um dia de folga durante todo esse per\u00edodo, assim como os dois rec\u00e9m-contratados, que atuavam com aplica\u00e7\u00e3o de veneno nas pastagens e servi\u00e7os gerais.<\/p>\n\n\n\n<p>Ainda segundo o MPT, as v\u00edtimas tiveram as atividades suspensas imediatamente e aguardam o pagamento das verbas rescis\u00f3rias. Um dos homens j\u00e1 retornou para casa, tamb\u00e9m em Serrinha, enquanto os outros dois esperam a quita\u00e7\u00e3o do d\u00e9bito por parte do empregador para voltar ao munic\u00edpio de&nbsp;<a class=\"\" href=\"https:\/\/g1.globo.com\/ba\/feira-de-santana-regiao\/cidade\/aracas\/\">Ara\u00e7\u00e1s<\/a>. Eles v\u00e3o receber seis parcelas do seguro-desemprego especial e verbas rescis\u00f3rias.<\/p>\n\n\n\n<p>Geraldo de Arag\u00e3o Bulc\u00e3o era esperado na sede da Ger\u00eancia Regional do Trabalho de Feira de Santana nesta segunda-feira, mas n\u00e3o compareceu e nem mandou representantes. Na ocasi\u00e3o, os auditores apresentariam os c\u00e1lculos da rescis\u00e3o dos contratos de trabalho e discutiriam os termos de um eventual acordo para indenizar as v\u00edtimas.<\/p>\n\n\n\n<p>O MPT e a DPU v\u00e3o encaminhar uma proposta de termo de ajuste de conduta prevendo indeniza\u00e7\u00e3o por danos morais aos trabalhadores e dar\u00e1 prazo para negocia\u00e7\u00e3o. Caso n\u00e3o haja acordo, ser\u00e1 ajuizada a\u00e7\u00e3o civil p\u00fablica.<\/p>\n\n\n\n<p>Fonte\/\/G1<\/p>\n","protected":false},"excerpt":{"rendered":"<p>Tr\u00eas trabalhadores rurais foram resgatados durante uma opera\u00e7\u00e3o realizada em\u00a0Serrinha, a cerca de 60 km de Feira de Santana. Segundo o Minist\u00e9rio P\u00fablico do Trabalho na Bahia (MPT-BA), eles foram encontrados em situa\u00e7\u00e3o degradante, que se assemelha a de pessoas escravizadas. O empregador, identificado como Geraldo de Arag\u00e3o Bulc\u00e3o, 98 anos, tinha procedimento agendado na [&hellip;]<\/p>\n","protected":false},"author":1,"featured_media":2228,"comment_status":"open","ping_status":"closed","sticky":false,"template":"","format":"standard","meta":{"site-sidebar-layout":"default","site-content-layout":"","ast-site-content-layout":"default","site-content-style":"default","site-sidebar-style":"default","ast-global-header-display":"","ast-banner-title-visibility":"","ast-main-header-display":"","ast-hfb-above-header-display":"","ast-hfb-below-header-display":"","ast-hfb-mobile-header-display":"","site-post-title":"","ast-breadcrumbs-content":"","ast-featured-img":"","footer-sml-layout":"","theme-transparent-header-meta":"","adv-header-id-meta":"","stick-header-meta":"","header-above-stick-meta":"","header-main-stick-meta":"","header-below-stick-meta":"","astra-migrate-meta-layouts":"set","ast-page-background-enabled":"default","ast-page-background-meta":{"desktop":{"background-color":"var(--ast-global-color-4)","background-image":"","background-repeat":"repeat","background-position":"center center","background-size":"auto","background-attachment":"scroll","background-type":"","background-media":"","overlay-type":"","overlay-color":"","overlay-opacity":"","overlay-gradient":""},"tablet":{"background-color":"","background-image":"","background-repeat":"repeat","background-position":"center center","background-size":"auto","background-attachment":"scroll","background-type":"","background-media":"","overlay-type":"","overlay-color":"","overlay-opacity":"","overlay-gradient":""},"mobile":{"background-color":"","background-image":"","background-repeat":"repeat","background-position":"center center","background-size":"auto","background-attachment":"scroll","background-type":"","background-media":"","overlay-type":"","overlay-color":"","overlay-opacity":"","overlay-gradient":""}},"ast-content-background-meta":{"desktop":{"background-color":"var(--ast-global-color-5)","background-image":"","background-repeat":"repeat","background-position":"center center","background-size":"auto","background-attachment":"scroll","background-type":"","background-media":"","overlay-type":"","overlay-color":"","overlay-opacity":"","overlay-gradient":""},"tablet":{"background-color":"var(--ast-global-color-5)","background-image":"","background-repeat":"repeat","background-position":"center center","background-size":"auto","background-attachment":"scroll","background-type":"","background-media":"","overlay-type":"","overlay-color":"","overlay-opacity":"","overlay-gradient":""},"mobile":{"background-color":"var(--ast-global-color-5)","background-image":"","background-repeat":"repeat","background-position":"center center","background-size":"auto","background-attachment":"scroll","background-type":"","background-media":"","overlay-type":"","overlay-color":"","overlay-opacity":"","overlay-gradient":""}},"footnotes":""},"categories":[4],"tags":[122],"class_list":["post-2227","post","type-post","status-publish","format-standard","has-post-thumbnail","hentry","category-brasil","tag-manchetes"],"_links":{"self":[{"href":"https:\/\/maisoeste.com.br\/index.php?rest_route=\/wp\/v2\/posts\/2227","targetHints":{"allow":["GET"]}}],"collection":[{"href":"https:\/\/maisoeste.com.br\/index.php?rest_route=\/wp\/v2\/posts"}],"about":[{"href":"https:\/\/maisoeste.com.br\/index.php?rest_route=\/wp\/v2\/types\/post"}],"author":[{"embeddable":true,"href":"https:\/\/maisoeste.com.br\/index.php?rest_route=\/wp\/v2\/users\/1"}],"replies":[{"embeddable":true,"href":"https:\/\/maisoeste.com.br\/index.php?rest_route=%2Fwp%2Fv2%2Fcomments&post=2227"}],"version-history":[{"count":1,"href":"https:\/\/maisoeste.com.br\/index.php?rest_route=\/wp\/v2\/posts\/2227\/revisions"}],"predecessor-version":[{"id":2229,"href":"https:\/\/maisoeste.com.br\/index.php?rest_route=\/wp\/v2\/posts\/2227\/revisions\/2229"}],"wp:featuredmedia":[{"embeddable":true,"href":"https:\/\/maisoeste.com.br\/index.php?rest_route=\/wp\/v2\/media\/2228"}],"wp:attachment":[{"href":"https:\/\/maisoeste.com.br\/index.php?rest_route=%2Fwp%2Fv2%2Fmedia&parent=2227"}],"wp:term":[{"taxonomy":"category","embeddable":true,"href":"https:\/\/maisoeste.com.br\/index.php?rest_route=%2Fwp%2Fv2%2Fcategories&post=2227"},{"taxonomy":"post_tag","embeddable":true,"href":"https:\/\/maisoeste.com.br\/index.php?rest_route=%2Fwp%2Fv2%2Ftags&post=2227"}],"curies":[{"name":"wp","href":"https:\/\/api.w.org\/{rel}","templated":true}]}}