{"id":2287,"date":"2025-02-27T07:20:00","date_gmt":"2025-02-27T10:20:00","guid":{"rendered":"https:\/\/maisoeste.com.br\/?p=2287"},"modified":"2025-02-27T07:21:30","modified_gmt":"2025-02-27T10:21:30","slug":"reviravolta-na-oposicao-joao-roma-pode-ser-candidato-ao-governo-da-bahia","status":"publish","type":"post","link":"https:\/\/maisoeste.com.br\/?p=2287","title":{"rendered":"Reviravolta na oposi\u00e7\u00e3o: Jo\u00e3o Roma pode ser candidato ao Governo da Bahia"},"content":{"rendered":"\n<p>Um novo cen\u00e1rio eleitoral para a oposi\u00e7\u00e3o na Bahia em 2026 estaria sendo discutido nos bastidores. De acordo com informa\u00e7\u00f5es do Portal M!, o ex-prefeito ACM Neto pode se lan\u00e7ar candidato a Deputado Federal pelo Uni\u00e3o Brasil no pr\u00f3ximo ano, al\u00e9m de ajudar a eleger uma ampla bancada para a C\u00e2mara dos Deputados, ele se cacifaria para voltar a disputar a prefeitura de Salvador em 2028.<\/p>\n\n\n\n<p>Com a sa\u00edda de cena do ex-prefeito ACM Neto, a d\u00favida \u00e9 quem seria o candidato do grupo oposicionista ao governo do estado. O primeiro nome da fila passa a ser do ex-ministro Jo\u00e3o Roma, presidente do PL na Bahia. Al\u00e9m de se fortalecer como lideran\u00e7a da oposi\u00e7\u00e3o, garantiria a reelei\u00e7\u00e3o da esposa, a deputada Roberta Roma, e ainda contribuiria para eleger uma bancada grande de seu partido.<\/p>\n\n\n\n<p>Caso Roma n\u00e3o vingue para o governo, poderia ser deslocado para uma das vagas ao Senado. A chapa dos sonhos seria com o prefeito Bruno Reis candidato ao governo e Roma ao Senado. O \u00fanico nome que realmente amea\u00e7a os planos do PT no estado seria hoje o do prefeito de Salvador na cabe\u00e7a da chapa. Bruno resiste e descarta essa opera\u00e7\u00e3o, n\u00e3o quer se lan\u00e7ar na aventura, apesar de estar sendo pressionado por ACM Neto.<\/p>\n\n\n\n<p>Fonte\/\/Muita Informa\u00e7\u00e3o<\/p>\n\n\n\n<p><\/p>\n","protected":false},"excerpt":{"rendered":"<p>Um novo cen\u00e1rio eleitoral para a oposi\u00e7\u00e3o na Bahia em 2026 estaria sendo discutido nos bastidores. De acordo com informa\u00e7\u00f5es do Portal M!, o ex-prefeito ACM Neto pode se lan\u00e7ar candidato a Deputado Federal pelo Uni\u00e3o Brasil no pr\u00f3ximo ano, al\u00e9m de ajudar a eleger uma ampla bancada para a C\u00e2mara dos Deputados, ele se [&hellip;]<\/p>\n","protected":false},"author":1,"featured_media":2288,"comment_status":"open","ping_status":"closed","sticky":false,"template":"","format":"standard","meta":{"site-sidebar-layout":"default","site-content-layout":"","ast-site-content-layout":"default","site-content-style":"default","site-sidebar-style":"default","ast-global-header-display":"","ast-banner-title-visibility":"","ast-main-header-display":"","ast-hfb-above-header-display":"","ast-hfb-below-header-display":"","ast-hfb-mobile-header-display":"","site-post-title":"","ast-breadcrumbs-content":"","ast-featured-img":"","footer-sml-layout":"","theme-transparent-header-meta":"","adv-header-id-meta":"","stick-header-meta":"","header-above-stick-meta":"","header-main-stick-meta":"","header-below-stick-meta":"","astra-migrate-meta-layouts":"set","ast-page-background-enabled":"default","ast-page-background-meta":{"desktop":{"background-color":"var(--ast-global-color-4)","background-image":"","background-repeat":"repeat","background-position":"center center","background-size":"auto","background-attachment":"scroll","background-type":"","background-media":"","overlay-type":"","overlay-color":"","overlay-opacity":"","overlay-gradient":""},"tablet":{"background-color":"","background-image":"","background-repeat":"repeat","background-position":"center center","background-size":"auto","background-attachment":"scroll","background-type":"","background-media":"","overlay-type":"","overlay-color":"","overlay-opacity":"","overlay-gradient":""},"mobile":{"background-color":"","background-image":"","background-repeat":"repeat","background-position":"center center","background-size":"auto","background-attachment":"scroll","background-type":"","background-media":"","overlay-type":"","overlay-color":"","overlay-opacity":"","overlay-gradient":""}},"ast-content-background-meta":{"desktop":{"background-color":"var(--ast-global-color-5)","background-image":"","background-repeat":"repeat","background-position":"center center","background-size":"auto","background-attachment":"scroll","background-type":"","background-media":"","overlay-type":"","overlay-color":"","overlay-opacity":"","overlay-gradient":""},"tablet":{"background-color":"var(--ast-global-color-5)","background-image":"","background-repeat":"repeat","background-position":"center center","background-size":"auto","background-attachment":"scroll","background-type":"","background-media":"","overlay-type":"","overlay-color":"","overlay-opacity":"","overlay-gradient":""},"mobile":{"background-color":"var(--ast-global-color-5)","background-image":"","background-repeat":"repeat","background-position":"center center","background-size":"auto","background-attachment":"scroll","background-type":"","background-media":"","overlay-type":"","overlay-color":"","overlay-opacity":"","overlay-gradient":""}},"footnotes":""},"categories":[84],"tags":[],"class_list":["post-2287","post","type-post","status-publish","format-standard","has-post-thumbnail","hentry","category-politica"],"_links":{"self":[{"href":"https:\/\/maisoeste.com.br\/index.php?rest_route=\/wp\/v2\/posts\/2287","targetHints":{"allow":["GET"]}}],"collection":[{"href":"https:\/\/maisoeste.com.br\/index.php?rest_route=\/wp\/v2\/posts"}],"about":[{"href":"https:\/\/maisoeste.com.br\/index.php?rest_route=\/wp\/v2\/types\/post"}],"author":[{"embeddable":true,"href":"https:\/\/maisoeste.com.br\/index.php?rest_route=\/wp\/v2\/users\/1"}],"replies":[{"embeddable":true,"href":"https:\/\/maisoeste.com.br\/index.php?rest_route=%2Fwp%2Fv2%2Fcomments&post=2287"}],"version-history":[{"count":1,"href":"https:\/\/maisoeste.com.br\/index.php?rest_route=\/wp\/v2\/posts\/2287\/revisions"}],"predecessor-version":[{"id":2289,"href":"https:\/\/maisoeste.com.br\/index.php?rest_route=\/wp\/v2\/posts\/2287\/revisions\/2289"}],"wp:featuredmedia":[{"embeddable":true,"href":"https:\/\/maisoeste.com.br\/index.php?rest_route=\/wp\/v2\/media\/2288"}],"wp:attachment":[{"href":"https:\/\/maisoeste.com.br\/index.php?rest_route=%2Fwp%2Fv2%2Fmedia&parent=2287"}],"wp:term":[{"taxonomy":"category","embeddable":true,"href":"https:\/\/maisoeste.com.br\/index.php?rest_route=%2Fwp%2Fv2%2Fcategories&post=2287"},{"taxonomy":"post_tag","embeddable":true,"href":"https:\/\/maisoeste.com.br\/index.php?rest_route=%2Fwp%2Fv2%2Ftags&post=2287"}],"curies":[{"name":"wp","href":"https:\/\/api.w.org\/{rel}","templated":true}]}}