{"id":2296,"date":"2025-02-27T07:23:00","date_gmt":"2025-02-27T10:23:00","guid":{"rendered":"https:\/\/maisoeste.com.br\/?p=2296"},"modified":"2025-02-27T07:22:59","modified_gmt":"2025-02-27T10:22:59","slug":"prefeitura-de-barreiras-apresenta-plano-de-seguranca-reforcado-para-o-maior-carnaval-do-interior-da-bahia","status":"publish","type":"post","link":"https:\/\/maisoeste.com.br\/?p=2296","title":{"rendered":"Prefeitura de Barreiras apresenta Plano de Seguran\u00e7a refor\u00e7ado para o maior carnaval do interior da Bahia"},"content":{"rendered":"\n<p>A Prefeitura de Barreiras, por meio da Secretaria de Seguran\u00e7a Cidad\u00e3 e Tr\u00e2nsito, em parceria com as For\u00e7as de Seguran\u00e7a, apresentou na manh\u00e3 desta quarta-feira (26) o robusto esquema de seguran\u00e7a do Barreiras Folia 2025, que acontece de 28 de fevereiro a 4 de mar\u00e7o. A opera\u00e7\u00e3o envolve a integra\u00e7\u00e3o entre diversas for\u00e7as de seguran\u00e7a, incluindo Pol\u00edcia Militar, Pol\u00edcia Civil, Corpo de Bombeiros e outros \u00f3rg\u00e3os, garantindo um evento seguro para foli\u00f5es e moradores.<\/p>\n\n\n\n<p>Mais de tr\u00eas mil profissionais estar\u00e3o envolvidos na seguran\u00e7a do evento, que contar\u00e1 com monitoramento por c\u00e2meras de reconhecimento facial, efetivo policial ampliado e um Centro Integrado de Comando e Controle (CICC) para otimizar as a\u00e7\u00f5es de resposta a ocorr\u00eancias.<\/p>\n\n\n\n<p>Presente ao evento, o prefeito Otoniel Teixeira acompanhado pelo vice-prefeito, T\u00falio Viana, destacou a import\u00e2ncia da integra\u00e7\u00e3o das for\u00e7as de seguran\u00e7a para o sucesso do evento. \u201cTodo esse planejamento nos d\u00e1 a certeza de que o Barreiras Folia \u00e9 uma grande engrenagem que precisa funcionar em sintonia. A cidade deve receber mais de 70 mil pessoas por noite, e nosso objetivo \u00e9 garantir que todos possam curtir a festa com tranquilidade e seguran\u00e7a\u201d, afirmou o gestor.<\/p>\n\n\n\n<p><strong>Planejamento e refor\u00e7o no efetivo<\/strong><\/p>\n\n\n\n<p>O secret\u00e1rio de Seguran\u00e7a Cidad\u00e3 e Tr\u00e2nsito, ten. cel. F\u00e1bio Santana, destacou que a opera\u00e7\u00e3o foi planejada com anteced\u00eancia, incluindo a cria\u00e7\u00e3o de comiss\u00f5es espec\u00edficas e o alinhamento com o Governo do Estado para a implanta\u00e7\u00e3o do sistema de monitoramento por c\u00e2meras de reconhecimento facial. \u201cEsta edi\u00e7\u00e3o contar\u00e1 com um aumento de 34% no efetivo em rela\u00e7\u00e3o ao ano anterior. Essa a\u00e7\u00e3o integrada e estruturada, aliada ao uso de tecnologia, far\u00e1 do Barreiras Folia um dos carnavais mais seguros de todos os tempos\u201d, afirmou o secret\u00e1rio.<\/p>\n\n\n\n<p>O ten. cel. Beck, do Comando de Policiamento da Regi\u00e3o Oeste (CPR-O), explicou que o efetivo da Pol\u00edcia Militar ser\u00e1 refor\u00e7ado com 1.200 policiais atuando ao longo dos cinco dias de festa, uma m\u00e9dia de 200 agentes por dia. Al\u00e9m disso, 37 c\u00e2meras foram instaladas em pontos estrat\u00e9gicos, especialmente nos portais de acesso aos principais circuitos, Aguinaldo Pereira e Z\u00e9 Hermes. \u201cA seguran\u00e7a do Barreiras Folia vem sendo aprimorada h\u00e1 mais de 10 anos. Com o planejamento estrat\u00e9gico e as melhorias implementadas, n\u00e3o h\u00e1 registro de homic\u00eddios ou incidentes graves na festa nos \u00faltimos anos\u201d, destacou.<\/p>\n\n\n\n<p>O coronel Soares, comandante do CPR-O, anunciou que, pela primeira vez, Barreiras contar\u00e1 com um Centro Integrado de Comando e Controle (CICC), vinculado \u00e0 Secretaria de Seguran\u00e7a P\u00fablica da Bahia. O sistema permitir\u00e1 o monitoramento em tempo real das ocorr\u00eancias, agilizando o atendimento e a tomada de decis\u00f5es estrat\u00e9gicas.<\/p>\n\n\n\n<p><strong>Atua\u00e7\u00e3o da Pol\u00edcia Civil e demais \u00f3rg\u00e3os de seguran\u00e7a<\/strong><\/p>\n\n\n\n<p>A Pol\u00edcia Civil estar\u00e1 presente no circuito Aguinaldo Pereira com um Posto de Policiamento Integrado, funcionando das 20h \u00e0s 6h. A estrutura contar\u00e1 com tr\u00eas delegados, tr\u00eas escriv\u00e3es e oito investigadores, al\u00e9m de uma equipe refor\u00e7ada no Complexo Policial. Ao todo, 45 servidores estar\u00e3o empenhados para garantir o atendimento \u00e0s v\u00edtimas e a formaliza\u00e7\u00e3o de registros de ocorr\u00eancias, conforme apresentou o delegado coordenador da 11\u00aa Coordenadoria Regional de Pol\u00edcia do Interior (Coorpin), Thiago Aguiar.<\/p>\n\n\n\n<p>Al\u00e9m disso, a estrutura do Barreiras Folia contar\u00e1 com Juizado de Menores, Conselho Tutelar e a Delegacia Especializada de Atendimento \u00e0 Mulher (DEAM). O Departamento de Pol\u00edcia T\u00e9cnica (DPT) tamb\u00e9m estar\u00e1 presente, oferecendo servi\u00e7os como exames e laudos de constata\u00e7\u00e3o de drogas, an\u00e1lise de armas de fogo e identifica\u00e7\u00e3o civil e criminal.<\/p>\n\n\n\n<p><strong>Proibi\u00e7\u00f5es e orienta\u00e7\u00f5es para os foli\u00f5es<\/strong><\/p>\n\n\n\n<p>Para refor\u00e7ar a seguran\u00e7a, ser\u00e1 proibida a entrada de garrafas de vidro, espetinhos e demais objetos perfurocortantes. A comercializa\u00e7\u00e3o de cervejas e refrigerantes ser\u00e1 exclusiva em latas, e o uso de copos, pratos e talheres descart\u00e1veis ser\u00e1 obrigat\u00f3rio nos circuitos da folia. Al\u00e9m disso, a Secretaria de Infraestrutura realizou e continua executando uma s\u00e9rie de melhorias, eliminando pedras soltas e buracos, garantindo a mobilidade e seguran\u00e7a dos foli\u00f5es.<\/p>\n\n\n\n<p>Participaram ainda do evento os secret\u00e1rios municipais Gulla (Cultura e Turismo); Gislaine Barbosa (Administra\u00e7\u00e3o); Bruno Castro (Infraestrutura); Joaquim Neto (Agricultura); J\u00fanior Sampaio (Chefia de Gabinete), e os vereadores Tet\u00e9ia Chaves e Valdimiro Jos\u00e9.<\/p>\n\n\n\n<p><strong>Dircom<\/strong><\/p>\n","protected":false},"excerpt":{"rendered":"<p>A Prefeitura de Barreiras, por meio da Secretaria de Seguran\u00e7a Cidad\u00e3 e Tr\u00e2nsito, em parceria com as For\u00e7as de Seguran\u00e7a, apresentou na manh\u00e3 desta quarta-feira (26) o robusto esquema de seguran\u00e7a do Barreiras Folia 2025, que acontece de 28 de fevereiro a 4 de mar\u00e7o. A opera\u00e7\u00e3o envolve a integra\u00e7\u00e3o entre diversas for\u00e7as de seguran\u00e7a, [&hellip;]<\/p>\n","protected":false},"author":1,"featured_media":2297,"comment_status":"open","ping_status":"closed","sticky":false,"template":"","format":"standard","meta":{"site-sidebar-layout":"default","site-content-layout":"","ast-site-content-layout":"default","site-content-style":"default","site-sidebar-style":"default","ast-global-header-display":"","ast-banner-title-visibility":"","ast-main-header-display":"","ast-hfb-above-header-display":"","ast-hfb-below-header-display":"","ast-hfb-mobile-header-display":"","site-post-title":"","ast-breadcrumbs-content":"","ast-featured-img":"","footer-sml-layout":"","theme-transparent-header-meta":"","adv-header-id-meta":"","stick-header-meta":"","header-above-stick-meta":"","header-main-stick-meta":"","header-below-stick-meta":"","astra-migrate-meta-layouts":"set","ast-page-background-enabled":"default","ast-page-background-meta":{"desktop":{"background-color":"var(--ast-global-color-4)","background-image":"","background-repeat":"repeat","background-position":"center center","background-size":"auto","background-attachment":"scroll","background-type":"","background-media":"","overlay-type":"","overlay-color":"","overlay-opacity":"","overlay-gradient":""},"tablet":{"background-color":"","background-image":"","background-repeat":"repeat","background-position":"center center","background-size":"auto","background-attachment":"scroll","background-type":"","background-media":"","overlay-type":"","overlay-color":"","overlay-opacity":"","overlay-gradient":""},"mobile":{"background-color":"","background-image":"","background-repeat":"repeat","background-position":"center center","background-size":"auto","background-attachment":"scroll","background-type":"","background-media":"","overlay-type":"","overlay-color":"","overlay-opacity":"","overlay-gradient":""}},"ast-content-background-meta":{"desktop":{"background-color":"var(--ast-global-color-5)","background-image":"","background-repeat":"repeat","background-position":"center center","background-size":"auto","background-attachment":"scroll","background-type":"","background-media":"","overlay-type":"","overlay-color":"","overlay-opacity":"","overlay-gradient":""},"tablet":{"background-color":"var(--ast-global-color-5)","background-image":"","background-repeat":"repeat","background-position":"center center","background-size":"auto","background-attachment":"scroll","background-type":"","background-media":"","overlay-type":"","overlay-color":"","overlay-opacity":"","overlay-gradient":""},"mobile":{"background-color":"var(--ast-global-color-5)","background-image":"","background-repeat":"repeat","background-position":"center center","background-size":"auto","background-attachment":"scroll","background-type":"","background-media":"","overlay-type":"","overlay-color":"","overlay-opacity":"","overlay-gradient":""}},"footnotes":""},"categories":[124],"tags":[122],"class_list":["post-2296","post","type-post","status-publish","format-standard","has-post-thumbnail","hentry","category-carnaval","tag-manchetes"],"_links":{"self":[{"href":"https:\/\/maisoeste.com.br\/index.php?rest_route=\/wp\/v2\/posts\/2296","targetHints":{"allow":["GET"]}}],"collection":[{"href":"https:\/\/maisoeste.com.br\/index.php?rest_route=\/wp\/v2\/posts"}],"about":[{"href":"https:\/\/maisoeste.com.br\/index.php?rest_route=\/wp\/v2\/types\/post"}],"author":[{"embeddable":true,"href":"https:\/\/maisoeste.com.br\/index.php?rest_route=\/wp\/v2\/users\/1"}],"replies":[{"embeddable":true,"href":"https:\/\/maisoeste.com.br\/index.php?rest_route=%2Fwp%2Fv2%2Fcomments&post=2296"}],"version-history":[{"count":2,"href":"https:\/\/maisoeste.com.br\/index.php?rest_route=\/wp\/v2\/posts\/2296\/revisions"}],"predecessor-version":[{"id":2299,"href":"https:\/\/maisoeste.com.br\/index.php?rest_route=\/wp\/v2\/posts\/2296\/revisions\/2299"}],"wp:featuredmedia":[{"embeddable":true,"href":"https:\/\/maisoeste.com.br\/index.php?rest_route=\/wp\/v2\/media\/2297"}],"wp:attachment":[{"href":"https:\/\/maisoeste.com.br\/index.php?rest_route=%2Fwp%2Fv2%2Fmedia&parent=2296"}],"wp:term":[{"taxonomy":"category","embeddable":true,"href":"https:\/\/maisoeste.com.br\/index.php?rest_route=%2Fwp%2Fv2%2Fcategories&post=2296"},{"taxonomy":"post_tag","embeddable":true,"href":"https:\/\/maisoeste.com.br\/index.php?rest_route=%2Fwp%2Fv2%2Ftags&post=2296"}],"curies":[{"name":"wp","href":"https:\/\/api.w.org\/{rel}","templated":true}]}}