{"id":2348,"date":"2025-02-28T07:40:30","date_gmt":"2025-02-28T10:40:30","guid":{"rendered":"https:\/\/maisoeste.com.br\/?p=2348"},"modified":"2025-02-28T07:40:31","modified_gmt":"2025-02-28T10:40:31","slug":"claudia-leitte-e-vaiada-no-carnaval-de-salvador-apos-polemica-da-troca-de-nome-de-orixa","status":"publish","type":"post","link":"https:\/\/maisoeste.com.br\/?p=2348","title":{"rendered":"Claudia Leitte \u00e9 vaiada no carnaval de Salvador ap\u00f3s pol\u00eamica da troca de nome de orix\u00e1"},"content":{"rendered":"\n<p>A cantora\u00a0Claudia Leitte\u00a0foi vaiada por parte dos foli\u00f5es que acompanhavam a\u00a0abertura do carnaval\u00a0de\u00a0Salvador, nesta quinta-feira (27), no circuito Osmar (Campo Grande). A\u00a0artista foi alvo de den\u00fancias\u00a0de racismo religioso por ter\u00a0trocado o nome de um orix\u00e1 em uma m\u00fasica.<\/p>\n\n\n\n<p>As vaias aconteceram no momento que Claudia Leitte foi chamada por Brown.&nbsp;Na mesma hora, outras pessoas decidiram gritar o nome da cantora em apoio.&nbsp;V\u00eddeos do momento viralizaram nas redes sociais.<\/p>\n\n\n\n<p>A artista participou do &#8220;camarote andante&#8221;, que liderado por\u00a0Carlinhos Brown, que tamb\u00e9m recebeu Sarajane,\u00a0Ricardo Chaves,\u00a0Daniela Mercury,\u00a0M\u00e1rcio Victor, Serginho,\u00a0Gilmel\u00e2ndia, Felipe Pezoni,\u00a0Xanddy\u00a0Harmonia, o Grupo\u00a0Olodum\u00a0e representantes de grupos de afox\u00e9, como Filhos de Gandhy e\u00a0Cortejo Afro.<\/p>\n\n\n\n<h2 class=\"wp-block-heading\">Pol\u00eamica por troca de letra<\/h2>\n\n\n\n<p>Claudia Leitte foi criticada ap\u00f3s mudar um verso da m\u00fasica &#8220;Caranguejo&#8221; desde que se tornou evang\u00e9lica. A cantora optou por passar a cantar o trecho<strong>&nbsp;&#8220;Eu canto ao meu Rei Yeshua&#8221;&nbsp;<\/strong>ao inv\u00e9s da letra original,&nbsp;<strong>&#8220;Saudando a rainha Iemanj\u00e1&#8221;<\/strong>.<\/p>\n\n\n\n<ul class=\"wp-block-list\"><\/ul>\n\n\n\n<p>Um artista que saiu em defesa de Claudia Leitte ap\u00f3s a pol\u00eamica da mudan\u00e7a da letra foi Carlinhos Brown. Em entrevista, o cantor disse que o\u00a0gesto n\u00e3o significa que a colega seja preconceituosa.<\/p>\n\n\n\n<p>Quem tamb\u00e9m\u00a0apoiou a cantora\u00a0foi Tatau: \u201cO carnaval \u00e9 maior que Tatau, Claudinha, Bell e Ivete. \u00c9 maior que todos n\u00f3s. Eu vou passar, todo mundo vai passar, e o carnaval vai continuar a\u00ed. Esfrie sua cabe\u00e7a, que est\u00e1 tudo certo\u201d, comentou o cantor.<\/p>\n\n\n\n<p>Fonte\/\/G1<\/p>\n","protected":false},"excerpt":{"rendered":"<p>A cantora\u00a0Claudia Leitte\u00a0foi vaiada por parte dos foli\u00f5es que acompanhavam a\u00a0abertura do carnaval\u00a0de\u00a0Salvador, nesta quinta-feira (27), no circuito Osmar (Campo Grande). A\u00a0artista foi alvo de den\u00fancias\u00a0de racismo religioso por ter\u00a0trocado o nome de um orix\u00e1 em uma m\u00fasica. As vaias aconteceram no momento que Claudia Leitte foi chamada por Brown.&nbsp;Na mesma hora, outras pessoas decidiram [&hellip;]<\/p>\n","protected":false},"author":1,"featured_media":2349,"comment_status":"open","ping_status":"closed","sticky":false,"template":"","format":"standard","meta":{"site-sidebar-layout":"default","site-content-layout":"","ast-site-content-layout":"default","site-content-style":"default","site-sidebar-style":"default","ast-global-header-display":"","ast-banner-title-visibility":"","ast-main-header-display":"","ast-hfb-above-header-display":"","ast-hfb-below-header-display":"","ast-hfb-mobile-header-display":"","site-post-title":"","ast-breadcrumbs-content":"","ast-featured-img":"","footer-sml-layout":"","theme-transparent-header-meta":"","adv-header-id-meta":"","stick-header-meta":"","header-above-stick-meta":"","header-main-stick-meta":"","header-below-stick-meta":"","astra-migrate-meta-layouts":"set","ast-page-background-enabled":"default","ast-page-background-meta":{"desktop":{"background-color":"var(--ast-global-color-4)","background-image":"","background-repeat":"repeat","background-position":"center center","background-size":"auto","background-attachment":"scroll","background-type":"","background-media":"","overlay-type":"","overlay-color":"","overlay-opacity":"","overlay-gradient":""},"tablet":{"background-color":"","background-image":"","background-repeat":"repeat","background-position":"center center","background-size":"auto","background-attachment":"scroll","background-type":"","background-media":"","overlay-type":"","overlay-color":"","overlay-opacity":"","overlay-gradient":""},"mobile":{"background-color":"","background-image":"","background-repeat":"repeat","background-position":"center center","background-size":"auto","background-attachment":"scroll","background-type":"","background-media":"","overlay-type":"","overlay-color":"","overlay-opacity":"","overlay-gradient":""}},"ast-content-background-meta":{"desktop":{"background-color":"var(--ast-global-color-5)","background-image":"","background-repeat":"repeat","background-position":"center center","background-size":"auto","background-attachment":"scroll","background-type":"","background-media":"","overlay-type":"","overlay-color":"","overlay-opacity":"","overlay-gradient":""},"tablet":{"background-color":"var(--ast-global-color-5)","background-image":"","background-repeat":"repeat","background-position":"center center","background-size":"auto","background-attachment":"scroll","background-type":"","background-media":"","overlay-type":"","overlay-color":"","overlay-opacity":"","overlay-gradient":""},"mobile":{"background-color":"var(--ast-global-color-5)","background-image":"","background-repeat":"repeat","background-position":"center center","background-size":"auto","background-attachment":"scroll","background-type":"","background-media":"","overlay-type":"","overlay-color":"","overlay-opacity":"","overlay-gradient":""}},"footnotes":""},"categories":[85],"tags":[],"class_list":["post-2348","post","type-post","status-publish","format-standard","has-post-thumbnail","hentry","category-cultura"],"_links":{"self":[{"href":"https:\/\/maisoeste.com.br\/index.php?rest_route=\/wp\/v2\/posts\/2348","targetHints":{"allow":["GET"]}}],"collection":[{"href":"https:\/\/maisoeste.com.br\/index.php?rest_route=\/wp\/v2\/posts"}],"about":[{"href":"https:\/\/maisoeste.com.br\/index.php?rest_route=\/wp\/v2\/types\/post"}],"author":[{"embeddable":true,"href":"https:\/\/maisoeste.com.br\/index.php?rest_route=\/wp\/v2\/users\/1"}],"replies":[{"embeddable":true,"href":"https:\/\/maisoeste.com.br\/index.php?rest_route=%2Fwp%2Fv2%2Fcomments&post=2348"}],"version-history":[{"count":1,"href":"https:\/\/maisoeste.com.br\/index.php?rest_route=\/wp\/v2\/posts\/2348\/revisions"}],"predecessor-version":[{"id":2350,"href":"https:\/\/maisoeste.com.br\/index.php?rest_route=\/wp\/v2\/posts\/2348\/revisions\/2350"}],"wp:featuredmedia":[{"embeddable":true,"href":"https:\/\/maisoeste.com.br\/index.php?rest_route=\/wp\/v2\/media\/2349"}],"wp:attachment":[{"href":"https:\/\/maisoeste.com.br\/index.php?rest_route=%2Fwp%2Fv2%2Fmedia&parent=2348"}],"wp:term":[{"taxonomy":"category","embeddable":true,"href":"https:\/\/maisoeste.com.br\/index.php?rest_route=%2Fwp%2Fv2%2Fcategories&post=2348"},{"taxonomy":"post_tag","embeddable":true,"href":"https:\/\/maisoeste.com.br\/index.php?rest_route=%2Fwp%2Fv2%2Ftags&post=2348"}],"curies":[{"name":"wp","href":"https:\/\/api.w.org\/{rel}","templated":true}]}}