{"id":2431,"date":"2025-03-03T08:38:33","date_gmt":"2025-03-03T11:38:33","guid":{"rendered":"https:\/\/maisoeste.com.br\/?p=2431"},"modified":"2025-03-03T08:38:34","modified_gmt":"2025-03-03T11:38:34","slug":"netos-de-momo-mantem-tradicao-e-arrasta-multidao-no-barreiras-folia","status":"publish","type":"post","link":"https:\/\/maisoeste.com.br\/?p=2431","title":{"rendered":"Netos de Momo mant\u00e9m tradi\u00e7\u00e3o e arrasta multid\u00e3o no Barreiras Folia"},"content":{"rendered":"\n<p>O domingo de Carnaval (2) foi um verdadeiro espet\u00e1culo de cores, fantasias e alegria no Barreiras Folia. O Circuito Z\u00e9 de Hermes ficou tomado por foli\u00f5es que dan\u00e7aram ao som das marchinhas cl\u00e1ssicas de carnaval, celebrando a tradi\u00e7\u00e3o que h\u00e1 43 anos embala a cidade com o Bloco Netos de Momo pelas ruas do Centro Hist\u00f3rico.Entre os foli\u00f5es, a barreirense Dona Maria das Gra\u00e7as, de 68 anos, revive lembran\u00e7as de antigos carnavais. &#8220;Venho todo ano. O Netos de Momo \u00e9 minha hist\u00f3ria, \u00e9 nossa tradi\u00e7\u00e3o. Quando vejo as crian\u00e7as brincando, lembro dos meus filhos pequenos pulando aqui. \u00c9 muita emo\u00e7\u00e3o!&#8221;, declarou.<\/p>\n\n\n\n<p>O bloco, que seguia pelas ruas do Centro Hist\u00f3rico, teve in\u00edcio pela Pra\u00e7a da Igrejinha Santa Terezinha e encantou n\u00e3o s\u00f3 os moradores, mas tamb\u00e9m quem veio de fora. Vanessa Ribeiro, turista de Palmas (TO), disse que se surpreendeu com a energia contagiante do evento. &#8220;Nunca tinha vindo para Barreiras no Carnaval, e que surpresa boa! Esse bloco tem uma energia \u00fanica, \u00e9 diferente de tudo que j\u00e1 vi. Todo mundo brinca junto, n\u00e3o tem distin\u00e7\u00e3o, s\u00f3 alegria!&#8221;.<\/p>\n\n\n\n<p>Depois do desfile, os foli\u00f5es se reuniram no Circuito Z\u00e9 de Hermes, onde a festa continuou com a atra\u00e7\u00e3o musical da Banda do Maestro L\u00f3 de Angical. Para Jo\u00e3o Carlos, professor, morador de Barreiras, a diversidade musical \u00e9 um dos pontos altos do Barreiras Folia deste ano, &#8220;Aqui tem de tudo! A gente dan\u00e7a frevo, samba, pagode e at\u00e9 arrocha. \u00c9 bom demais ter essa mistura, porque o Carnaval \u00e9 de todo mundo&#8221;, destacou.<\/p>\n\n\n\n<p>O prefeito Otoniel Teixeira, acompanhado da primeira-dama, Chaliny Matutino, do vice-prefeito T\u00falio Viana e sua esposa Ayala Franca, se misturou \u00e0 multid\u00e3o e destacou a import\u00e2ncia do Netos de Momo para a cultura de Barreiras.<\/p>\n\n\n\n<p>\u201c\u00c9 uma alegria imensa ver o Barreiras Folia celebrando nossa cultura com tanta energia e emo\u00e7\u00e3o. O Bloco Netos de Momo \u00e9 mais do que uma tradi\u00e7\u00e3o, \u00e9 um s\u00edmbolo da nossa identidade e tradi\u00e7\u00e3o, do amor dos barreirenses pelo Carnaval. Hoje, vimos crian\u00e7as, jovens, adultos e nossos idosos compartilhando essa festa democr\u00e1tica, cheia de hist\u00f3ria e alegria\u201d, destacou o prefeito.<\/p>\n\n\n\n<p>Uma programa\u00e7\u00e3o musical diversificada para todos os gostos contagiou o Circuito Z\u00e9 de Hermes neste domingo. A festa come\u00e7ou \u00e0s 14h30 com Lorena Cec\u00edlia, trazendo um bailinho infantil animado para o p\u00fablico infantil. Em seguida, Romeuzinho do Sax embalou o p\u00fablico com sua musicalidade envolvente, preparando o p\u00fablico para a apresenta\u00e7\u00e3o do grupo Di Prop\u00f3sito que agitou os foli\u00f5es com o melhor do ax\u00e9 e pagode. A folia deste domingo ainda contou com o show de Maur\u00edcio Fa\u00edsca e no Palco Alternativo, o DJ Charles e os Amantes do Samba encerram a noite com muito ritmo e alegria.<\/p>\n\n\n\n<p>J\u00e1 nesta segunda-feira (3), o Circuito Cultural do Barreiras Folia vai manter o ritmo vibrante e alegre, com uma sele\u00e7\u00e3o especial de bandas para animar ainda mais os foli\u00f5es, como a Orquestra Din\u00e2mica que inicia a programa\u00e7\u00e3o \u00e0s 18h, seguida pelo ritmo envolvente de Jama Afro, e o cantor Bicudinho tamb\u00e9m tomar\u00e1 conta do palco antes do encerramento \u00e0s 22h30.Na ter\u00e7a-feira (4), a festa come\u00e7a com Reginaldo e An\u00e9is de Saturno \u00e0s 18h, seguida por Bia Sineto, o Manifesto Bloco da Rola (S\u00f3 Metais) e Bosco Fernandes.<\/p>\n\n\n\n<p>Dircom<\/p>\n","protected":false},"excerpt":{"rendered":"<p>O domingo de Carnaval (2) foi um verdadeiro espet\u00e1culo de cores, fantasias e alegria no Barreiras Folia. O Circuito Z\u00e9 de Hermes ficou tomado por foli\u00f5es que dan\u00e7aram ao som das marchinhas cl\u00e1ssicas de carnaval, celebrando a tradi\u00e7\u00e3o que h\u00e1 43 anos embala a cidade com o Bloco Netos de Momo pelas ruas do Centro [&hellip;]<\/p>\n","protected":false},"author":1,"featured_media":2432,"comment_status":"open","ping_status":"closed","sticky":false,"template":"","format":"standard","meta":{"site-sidebar-layout":"default","site-content-layout":"","ast-site-content-layout":"default","site-content-style":"default","site-sidebar-style":"default","ast-global-header-display":"","ast-banner-title-visibility":"","ast-main-header-display":"","ast-hfb-above-header-display":"","ast-hfb-below-header-display":"","ast-hfb-mobile-header-display":"","site-post-title":"","ast-breadcrumbs-content":"","ast-featured-img":"","footer-sml-layout":"","theme-transparent-header-meta":"","adv-header-id-meta":"","stick-header-meta":"","header-above-stick-meta":"","header-main-stick-meta":"","header-below-stick-meta":"","astra-migrate-meta-layouts":"set","ast-page-background-enabled":"default","ast-page-background-meta":{"desktop":{"background-color":"var(--ast-global-color-4)","background-image":"","background-repeat":"repeat","background-position":"center center","background-size":"auto","background-attachment":"scroll","background-type":"","background-media":"","overlay-type":"","overlay-color":"","overlay-opacity":"","overlay-gradient":""},"tablet":{"background-color":"","background-image":"","background-repeat":"repeat","background-position":"center center","background-size":"auto","background-attachment":"scroll","background-type":"","background-media":"","overlay-type":"","overlay-color":"","overlay-opacity":"","overlay-gradient":""},"mobile":{"background-color":"","background-image":"","background-repeat":"repeat","background-position":"center center","background-size":"auto","background-attachment":"scroll","background-type":"","background-media":"","overlay-type":"","overlay-color":"","overlay-opacity":"","overlay-gradient":""}},"ast-content-background-meta":{"desktop":{"background-color":"var(--ast-global-color-5)","background-image":"","background-repeat":"repeat","background-position":"center center","background-size":"auto","background-attachment":"scroll","background-type":"","background-media":"","overlay-type":"","overlay-color":"","overlay-opacity":"","overlay-gradient":""},"tablet":{"background-color":"var(--ast-global-color-5)","background-image":"","background-repeat":"repeat","background-position":"center center","background-size":"auto","background-attachment":"scroll","background-type":"","background-media":"","overlay-type":"","overlay-color":"","overlay-opacity":"","overlay-gradient":""},"mobile":{"background-color":"var(--ast-global-color-5)","background-image":"","background-repeat":"repeat","background-position":"center center","background-size":"auto","background-attachment":"scroll","background-type":"","background-media":"","overlay-type":"","overlay-color":"","overlay-opacity":"","overlay-gradient":""}},"footnotes":""},"categories":[124],"tags":[122],"class_list":["post-2431","post","type-post","status-publish","format-standard","has-post-thumbnail","hentry","category-carnaval","tag-manchetes"],"_links":{"self":[{"href":"https:\/\/maisoeste.com.br\/index.php?rest_route=\/wp\/v2\/posts\/2431","targetHints":{"allow":["GET"]}}],"collection":[{"href":"https:\/\/maisoeste.com.br\/index.php?rest_route=\/wp\/v2\/posts"}],"about":[{"href":"https:\/\/maisoeste.com.br\/index.php?rest_route=\/wp\/v2\/types\/post"}],"author":[{"embeddable":true,"href":"https:\/\/maisoeste.com.br\/index.php?rest_route=\/wp\/v2\/users\/1"}],"replies":[{"embeddable":true,"href":"https:\/\/maisoeste.com.br\/index.php?rest_route=%2Fwp%2Fv2%2Fcomments&post=2431"}],"version-history":[{"count":1,"href":"https:\/\/maisoeste.com.br\/index.php?rest_route=\/wp\/v2\/posts\/2431\/revisions"}],"predecessor-version":[{"id":2433,"href":"https:\/\/maisoeste.com.br\/index.php?rest_route=\/wp\/v2\/posts\/2431\/revisions\/2433"}],"wp:featuredmedia":[{"embeddable":true,"href":"https:\/\/maisoeste.com.br\/index.php?rest_route=\/wp\/v2\/media\/2432"}],"wp:attachment":[{"href":"https:\/\/maisoeste.com.br\/index.php?rest_route=%2Fwp%2Fv2%2Fmedia&parent=2431"}],"wp:term":[{"taxonomy":"category","embeddable":true,"href":"https:\/\/maisoeste.com.br\/index.php?rest_route=%2Fwp%2Fv2%2Fcategories&post=2431"},{"taxonomy":"post_tag","embeddable":true,"href":"https:\/\/maisoeste.com.br\/index.php?rest_route=%2Fwp%2Fv2%2Ftags&post=2431"}],"curies":[{"name":"wp","href":"https:\/\/api.w.org\/{rel}","templated":true}]}}