{"id":2517,"date":"2025-03-07T07:30:00","date_gmt":"2025-03-07T10:30:00","guid":{"rendered":"https:\/\/maisoeste.com.br\/?p=2517"},"modified":"2025-03-07T07:43:04","modified_gmt":"2025-03-07T10:43:04","slug":"nazaro-reune-publico-recorde-e-homenageia-figura-historica-do-carnaval-de-barreiras","status":"publish","type":"post","link":"https:\/\/maisoeste.com.br\/?p=2517","title":{"rendered":"Nazaro re\u00fane p\u00fablico recorde e homenageia figura hist\u00f3rica do Carnaval de Barreiras"},"content":{"rendered":"\n<p>A tradicional manifesta\u00e7\u00e3o cultural do Nazaro levou centenas de pessoas \u00e0s ruas de Barreiras nesta quarta-feira de Cinzas (5). Com um p\u00fablico recorde, a edi\u00e7\u00e3o deste ano teve grande participa\u00e7\u00e3o tanto no Centro Hist\u00f3rico quanto no bairro Vila Amorim, refor\u00e7ando a import\u00e2ncia dessa celebra\u00e7\u00e3o para a cultura barreirense.<\/p>\n\n\n\n<p>Vestidos de branco e munidos de farinha e ovos, os participantes entoaram o grito de guerra caracter\u00edstico: \u201cNazaro morreu com o peido que deu do feij\u00e3o podre que comeu\u201d, enquanto percorriam as ruas. A manifesta\u00e7\u00e3o, reconhecida como Patrim\u00f4nio Imaterial Cultural de Barreiras pela Lei n\u00ba 1.266\/2017, foi acompanhada por moradores e visitantes<\/p>\n\n\n\n<p>A novidade deste ano foi a homenagem a Pol\u00f4go, uma das figuras mais emblem\u00e1ticas do Carnaval de Barreiras e um dos organizadores do Nazaro, falecido recentemente. No Centro Hist\u00f3rico, o trajeto incluiu uma parada na Catedral S\u00e3o Jo\u00e3o para um momento de ora\u00e7\u00e3o em sua mem\u00f3ria, destacando sua import\u00e2ncia para a preserva\u00e7\u00e3o dessa tradi\u00e7\u00e3o.<\/p>\n\n\n\n<p>No bairro Vila Amorim, o evento tamb\u00e9m teve grande ades\u00e3o, com mais de mil pessoas participando da manifesta\u00e7\u00e3o. Como de costume, os brincantes vestiram mortalhas brancas e percorreram as ruas em cortejo, carregando a figura do Nazaro em uma rede e sendo acompanhados pela \u201cvi\u00fava\u201d, que encenava um pranto de dor.<\/p>\n\n\n\n<p>A Prefeitura de Barreiras, por meio da Secretaria de Cultura e Turismo, organizou o evento com o apoio da Pol\u00edcia Militar e a Guarda Civil Municipal, garantindo a seguran\u00e7a dos participantes e da popula\u00e7\u00e3o. O secret\u00e1rio Gulla, avaliou positivamente a edi\u00e7\u00e3o deste ano. \u201cO Nazaro \u00e9 uma das tradi\u00e7\u00f5es mais marcantes do nosso Carnaval. Tivemos um p\u00fablico recorde, tudo ocorreu dentro da organiza\u00e7\u00e3o planejada, e ainda conseguimos prestar uma justa homenagem ao Pol\u00f4go, que sempre foi um grande l\u00edder dessa manifesta\u00e7\u00e3o\u201d.<\/p>\n\n\n\n<p>O Nazaro, que teve sua origem em um protesto popular, hoje se mant\u00e9m como uma das manifesta\u00e7\u00f5es culturais mais esperadas do calend\u00e1rio de Barreiras, atraindo novos participantes e fortalecendo a identidade cultural da cidade.<\/p>\n\n\n\n<p><strong>Dircom<\/strong><\/p>\n","protected":false},"excerpt":{"rendered":"<p>A tradicional manifesta\u00e7\u00e3o cultural do Nazaro levou centenas de pessoas \u00e0s ruas de Barreiras nesta quarta-feira de Cinzas (5). Com um p\u00fablico recorde, a edi\u00e7\u00e3o deste ano teve grande participa\u00e7\u00e3o tanto no Centro Hist\u00f3rico quanto no bairro Vila Amorim, refor\u00e7ando a import\u00e2ncia dessa celebra\u00e7\u00e3o para a cultura barreirense. Vestidos de branco e munidos de farinha [&hellip;]<\/p>\n","protected":false},"author":1,"featured_media":2518,"comment_status":"open","ping_status":"closed","sticky":false,"template":"","format":"standard","meta":{"site-sidebar-layout":"default","site-content-layout":"","ast-site-content-layout":"default","site-content-style":"default","site-sidebar-style":"default","ast-global-header-display":"","ast-banner-title-visibility":"","ast-main-header-display":"","ast-hfb-above-header-display":"","ast-hfb-below-header-display":"","ast-hfb-mobile-header-display":"","site-post-title":"","ast-breadcrumbs-content":"","ast-featured-img":"","footer-sml-layout":"","theme-transparent-header-meta":"","adv-header-id-meta":"","stick-header-meta":"","header-above-stick-meta":"","header-main-stick-meta":"","header-below-stick-meta":"","astra-migrate-meta-layouts":"set","ast-page-background-enabled":"default","ast-page-background-meta":{"desktop":{"background-color":"var(--ast-global-color-4)","background-image":"","background-repeat":"repeat","background-position":"center center","background-size":"auto","background-attachment":"scroll","background-type":"","background-media":"","overlay-type":"","overlay-color":"","overlay-opacity":"","overlay-gradient":""},"tablet":{"background-color":"","background-image":"","background-repeat":"repeat","background-position":"center center","background-size":"auto","background-attachment":"scroll","background-type":"","background-media":"","overlay-type":"","overlay-color":"","overlay-opacity":"","overlay-gradient":""},"mobile":{"background-color":"","background-image":"","background-repeat":"repeat","background-position":"center center","background-size":"auto","background-attachment":"scroll","background-type":"","background-media":"","overlay-type":"","overlay-color":"","overlay-opacity":"","overlay-gradient":""}},"ast-content-background-meta":{"desktop":{"background-color":"var(--ast-global-color-5)","background-image":"","background-repeat":"repeat","background-position":"center center","background-size":"auto","background-attachment":"scroll","background-type":"","background-media":"","overlay-type":"","overlay-color":"","overlay-opacity":"","overlay-gradient":""},"tablet":{"background-color":"var(--ast-global-color-5)","background-image":"","background-repeat":"repeat","background-position":"center center","background-size":"auto","background-attachment":"scroll","background-type":"","background-media":"","overlay-type":"","overlay-color":"","overlay-opacity":"","overlay-gradient":""},"mobile":{"background-color":"var(--ast-global-color-5)","background-image":"","background-repeat":"repeat","background-position":"center center","background-size":"auto","background-attachment":"scroll","background-type":"","background-media":"","overlay-type":"","overlay-color":"","overlay-opacity":"","overlay-gradient":""}},"footnotes":""},"categories":[124],"tags":[122],"class_list":["post-2517","post","type-post","status-publish","format-standard","has-post-thumbnail","hentry","category-carnaval","tag-manchetes"],"_links":{"self":[{"href":"https:\/\/maisoeste.com.br\/index.php?rest_route=\/wp\/v2\/posts\/2517","targetHints":{"allow":["GET"]}}],"collection":[{"href":"https:\/\/maisoeste.com.br\/index.php?rest_route=\/wp\/v2\/posts"}],"about":[{"href":"https:\/\/maisoeste.com.br\/index.php?rest_route=\/wp\/v2\/types\/post"}],"author":[{"embeddable":true,"href":"https:\/\/maisoeste.com.br\/index.php?rest_route=\/wp\/v2\/users\/1"}],"replies":[{"embeddable":true,"href":"https:\/\/maisoeste.com.br\/index.php?rest_route=%2Fwp%2Fv2%2Fcomments&post=2517"}],"version-history":[{"count":1,"href":"https:\/\/maisoeste.com.br\/index.php?rest_route=\/wp\/v2\/posts\/2517\/revisions"}],"predecessor-version":[{"id":2519,"href":"https:\/\/maisoeste.com.br\/index.php?rest_route=\/wp\/v2\/posts\/2517\/revisions\/2519"}],"wp:featuredmedia":[{"embeddable":true,"href":"https:\/\/maisoeste.com.br\/index.php?rest_route=\/wp\/v2\/media\/2518"}],"wp:attachment":[{"href":"https:\/\/maisoeste.com.br\/index.php?rest_route=%2Fwp%2Fv2%2Fmedia&parent=2517"}],"wp:term":[{"taxonomy":"category","embeddable":true,"href":"https:\/\/maisoeste.com.br\/index.php?rest_route=%2Fwp%2Fv2%2Fcategories&post=2517"},{"taxonomy":"post_tag","embeddable":true,"href":"https:\/\/maisoeste.com.br\/index.php?rest_route=%2Fwp%2Fv2%2Ftags&post=2517"}],"curies":[{"name":"wp","href":"https:\/\/api.w.org\/{rel}","templated":true}]}}