{"id":2549,"date":"2025-03-08T07:00:00","date_gmt":"2025-03-08T10:00:00","guid":{"rendered":"https:\/\/maisoeste.com.br\/?p=2549"},"modified":"2025-03-08T07:26:14","modified_gmt":"2025-03-08T10:26:14","slug":"cobertura-jornalistica-do-barreiras-folia-alcanca-mais-de-47-milhoes-de-visualizacoes-nas-redes-sociais","status":"publish","type":"post","link":"https:\/\/maisoeste.com.br\/?p=2549","title":{"rendered":"Cobertura jornal\u00edstica do Barreiras Folia alcan\u00e7a mais de 4,7 milh\u00f5es de visualiza\u00e7\u00f5es nas redes sociais"},"content":{"rendered":"\n<p>O Barreiras Folia 2025 atraiu milhares de foli\u00f5es de diversas partes do Brasil e at\u00e9 do exterior, consolidando-se como o maior carnaval do interior da Bahia. Durante os cinco dias de festa, a cobertura jornal\u00edstica desempenhou um papel fundamental na visibilidade do evento, garantindo que a energia da folia ultrapassasse fronteiras.<\/p>\n\n\n\n<p>A Diretoria de Comunica\u00e7\u00e3o da Prefeitura de Barreiras (Dircom) registrou um saldo positivo na divulga\u00e7\u00e3o do evento. As postagens realizadas pela equipe oficial alcan\u00e7aram mais de 4,7 milh\u00f5es de visualiza\u00e7\u00f5es e 255.632 contas impactadas. Al\u00e9m disso, foram produzidos 49 releases, do lan\u00e7amento at\u00e9 o encerramento do Carnaval, e captadas 2.885 imagens nos tr\u00eas circuitos do Barreiras Folia, promovendo uma ampla difus\u00e3o do evento.<\/p>\n\n\n\n<p>Mais de 100 profissionais credenciados participaram da cobertura, incluindo representantes de 14 emissoras de r\u00e1dio, tr\u00eas emissoras de televis\u00e3o, blogs e diversos ve\u00edculos digitais. A estrutura oferecida para a imprensa neste ano foi um diferencial, com uma sala de imprensa climatizada, acesso \u00e0 internet, espa\u00e7o para entrevistas e estacionamento exclusivo, facilitando o trabalho dos jornalistas e comunicadores. Al\u00e9m disso, a organiza\u00e7\u00e3o destinou \u00e1reas espec\u00edficas para transmiss\u00f5es televisivas, permitindo uma cobertura ainda mais ampla e din\u00e2mica.<\/p>\n\n\n\n<p>A conectividade tamb\u00e9m foi refor\u00e7ada, com amplia\u00e7\u00e3o dos pontos de internet e monitoramento por c\u00e2meras, garantindo mais seguran\u00e7a e possibilitando a transmiss\u00e3o das informa\u00e7\u00f5es em tempo real. Com isso, o Barreiras Folia animou os foli\u00f5es presentes, e tamb\u00e9m chegou a um p\u00fablico muito maior por meio das plataformas digitais e da m\u00eddia tradicional.<\/p>\n\n\n\n<p>O diretor de comunica\u00e7\u00e3o da Prefeitura de Barreiras, Edivaldo Costa, destacou a relev\u00e2ncia da cobertura jornal\u00edstica e o impacto positivo na proje\u00e7\u00e3o do evento. \u201cEsses n\u00fameros refletem a dimens\u00e3o que o Barreiras Folia vem tomando a cada nova edi\u00e7\u00e3o e, principalmente, refor\u00e7am a import\u00e2ncia da imprensa na divulga\u00e7\u00e3o e no alcance de um p\u00fablico ainda maior. Destaco meu agradecimento a cada profissional que esteve na cobertura do Carnaval de Barreiras, garantindo a democratiza\u00e7\u00e3o da festa e possibilitando que ela chegue at\u00e9 as pessoas, atraindo ainda mais foli\u00f5es para o Barreiras Folia 2026\u201d, avaliou.<\/p>\n\n\n\n<p>J\u00e1 o prefeito Otoniel Teixeira, destacou o impacto do trabalho da imprensa, em projetar o Carnaval de Barreiras para toda Bahia e at\u00e9 para fora do Brasil. \u201cO trabalho dos profissionais e dos ve\u00edculos de imprensa, \u00e9 fundamental para levar a grandiosidade do nosso carnaval para al\u00e9m das nossas fronteiras, \u00e9 atrav\u00e9s da imprensa que conseguimos alcan\u00e7ar milhares de pessoas na Bahia, no Brasil e at\u00e9 no exterior, uma proje\u00e7\u00e3o important\u00edssima que nos posiciona com grande destaque no carnaval da Bahia, criando nas pessoas essa grande expectativa e desejo de vivenciarem o nosso Barreiras Folia. <\/p>\n\n\n\n<p>Por isso, n\u00e3o tenho d\u00favidas que todo esse trabalho dos profissionais de imprensa, a quem eu agrade\u00e7o profundamente, assim como da nossa comunica\u00e7\u00e3o oficial, nos possibilitar\u00e1 atrair um n\u00famero ainda maior de foli\u00f5es e turistas para o nosso Carnaval em 2026\u201d, pontuou o prefeito de Barreiras.<\/p>\n\n\n\n<p>Dircom<\/p>\n","protected":false},"excerpt":{"rendered":"<p>O Barreiras Folia 2025 atraiu milhares de foli\u00f5es de diversas partes do Brasil e at\u00e9 do exterior, consolidando-se como o maior carnaval do interior da Bahia. Durante os cinco dias de festa, a cobertura jornal\u00edstica desempenhou um papel fundamental na visibilidade do evento, garantindo que a energia da folia ultrapassasse fronteiras. A Diretoria de Comunica\u00e7\u00e3o [&hellip;]<\/p>\n","protected":false},"author":1,"featured_media":2550,"comment_status":"open","ping_status":"closed","sticky":false,"template":"","format":"standard","meta":{"site-sidebar-layout":"default","site-content-layout":"","ast-site-content-layout":"default","site-content-style":"default","site-sidebar-style":"default","ast-global-header-display":"","ast-banner-title-visibility":"","ast-main-header-display":"","ast-hfb-above-header-display":"","ast-hfb-below-header-display":"","ast-hfb-mobile-header-display":"","site-post-title":"","ast-breadcrumbs-content":"","ast-featured-img":"","footer-sml-layout":"","theme-transparent-header-meta":"","adv-header-id-meta":"","stick-header-meta":"","header-above-stick-meta":"","header-main-stick-meta":"","header-below-stick-meta":"","astra-migrate-meta-layouts":"set","ast-page-background-enabled":"default","ast-page-background-meta":{"desktop":{"background-color":"var(--ast-global-color-4)","background-image":"","background-repeat":"repeat","background-position":"center center","background-size":"auto","background-attachment":"scroll","background-type":"","background-media":"","overlay-type":"","overlay-color":"","overlay-opacity":"","overlay-gradient":""},"tablet":{"background-color":"","background-image":"","background-repeat":"repeat","background-position":"center center","background-size":"auto","background-attachment":"scroll","background-type":"","background-media":"","overlay-type":"","overlay-color":"","overlay-opacity":"","overlay-gradient":""},"mobile":{"background-color":"","background-image":"","background-repeat":"repeat","background-position":"center center","background-size":"auto","background-attachment":"scroll","background-type":"","background-media":"","overlay-type":"","overlay-color":"","overlay-opacity":"","overlay-gradient":""}},"ast-content-background-meta":{"desktop":{"background-color":"var(--ast-global-color-5)","background-image":"","background-repeat":"repeat","background-position":"center center","background-size":"auto","background-attachment":"scroll","background-type":"","background-media":"","overlay-type":"","overlay-color":"","overlay-opacity":"","overlay-gradient":""},"tablet":{"background-color":"var(--ast-global-color-5)","background-image":"","background-repeat":"repeat","background-position":"center center","background-size":"auto","background-attachment":"scroll","background-type":"","background-media":"","overlay-type":"","overlay-color":"","overlay-opacity":"","overlay-gradient":""},"mobile":{"background-color":"var(--ast-global-color-5)","background-image":"","background-repeat":"repeat","background-position":"center center","background-size":"auto","background-attachment":"scroll","background-type":"","background-media":"","overlay-type":"","overlay-color":"","overlay-opacity":"","overlay-gradient":""}},"footnotes":""},"categories":[124],"tags":[],"class_list":["post-2549","post","type-post","status-publish","format-standard","has-post-thumbnail","hentry","category-carnaval"],"_links":{"self":[{"href":"https:\/\/maisoeste.com.br\/index.php?rest_route=\/wp\/v2\/posts\/2549","targetHints":{"allow":["GET"]}}],"collection":[{"href":"https:\/\/maisoeste.com.br\/index.php?rest_route=\/wp\/v2\/posts"}],"about":[{"href":"https:\/\/maisoeste.com.br\/index.php?rest_route=\/wp\/v2\/types\/post"}],"author":[{"embeddable":true,"href":"https:\/\/maisoeste.com.br\/index.php?rest_route=\/wp\/v2\/users\/1"}],"replies":[{"embeddable":true,"href":"https:\/\/maisoeste.com.br\/index.php?rest_route=%2Fwp%2Fv2%2Fcomments&post=2549"}],"version-history":[{"count":1,"href":"https:\/\/maisoeste.com.br\/index.php?rest_route=\/wp\/v2\/posts\/2549\/revisions"}],"predecessor-version":[{"id":2551,"href":"https:\/\/maisoeste.com.br\/index.php?rest_route=\/wp\/v2\/posts\/2549\/revisions\/2551"}],"wp:featuredmedia":[{"embeddable":true,"href":"https:\/\/maisoeste.com.br\/index.php?rest_route=\/wp\/v2\/media\/2550"}],"wp:attachment":[{"href":"https:\/\/maisoeste.com.br\/index.php?rest_route=%2Fwp%2Fv2%2Fmedia&parent=2549"}],"wp:term":[{"taxonomy":"category","embeddable":true,"href":"https:\/\/maisoeste.com.br\/index.php?rest_route=%2Fwp%2Fv2%2Fcategories&post=2549"},{"taxonomy":"post_tag","embeddable":true,"href":"https:\/\/maisoeste.com.br\/index.php?rest_route=%2Fwp%2Fv2%2Ftags&post=2549"}],"curies":[{"name":"wp","href":"https:\/\/api.w.org\/{rel}","templated":true}]}}