{"id":2639,"date":"2025-03-12T07:00:00","date_gmt":"2025-03-12T10:00:00","guid":{"rendered":"https:\/\/maisoeste.com.br\/?p=2639"},"modified":"2025-03-11T13:54:35","modified_gmt":"2025-03-11T16:54:35","slug":"aiba-marca-presenca-na-27a-edicao-da-passarela-da-soja-e-do-milho-em-luis-eduardo-magalhaes","status":"publish","type":"post","link":"https:\/\/maisoeste.com.br\/?p=2639","title":{"rendered":"Aiba marca presen\u00e7a na 27\u00aa edi\u00e7\u00e3o da Passarela da Soja e do Milho em Lu\u00eds Eduardo Magalh\u00e3es"},"content":{"rendered":"\n<p>No Dia Internacional da Mulher, celebrado em 8 de mar\u00e7o, a cidade de Lu\u00eds Eduardo Magalh\u00e3es foi palco da 27\u00aa edi\u00e7\u00e3o da Passarela da Soja, Milho e Culturas Alternativas, evento realizado no Campo Experimental da Funda\u00e7\u00e3o Bahia. A programa\u00e7\u00e3o reuniu produtores, especialistas e institui\u00e7\u00f5es do setor agr\u00edcola para um interc\u00e2mbio de conhecimento e inova\u00e7\u00e3o.<\/p>\n\n\n\n<p>A Associa\u00e7\u00e3o de Agricultores e Irrigantes da Bahia (Aiba) marcou presen\u00e7a na iniciativa, refor\u00e7ando seu compromisso com o desenvolvimento do agroneg\u00f3cio na regi\u00e3o. O segundo vice-presidente da entidade, Seiji Mizote, esteve no evento acompanhado de diretores e colaboradores da Aiba. \u201cParabenizo a Funda\u00e7\u00e3o Bahia pelo brilhante evento. Como parceira da Funda\u00e7\u00e3o e, junto \u00e0 Abapa, a Aiba n\u00e3o poderia deixar de prestigiar essa programa\u00e7\u00e3o, que traz tanto conhecimento t\u00e9cnico e informa\u00e7\u00e3o para o produtor rural\u201d, destacou Mizote.<\/p>\n\n\n\n<p>Durante o encontro, os participantes acompanharam palestras com especialistas, visitas guiadas aos campos experimentais e debates. Para o presidente da Funda\u00e7\u00e3o Bahia, Ademar Mar\u00e7al, a Passarela da Soja desempenha um papel estrat\u00e9gico para a tomada de decis\u00f5es no campo. \u201cEsse \u00e9 um evento muito esperado pela cadeia produtiva, onde os produtores encontram oportunidades para planejar a pr\u00f3xima safra. Ter aqui a Funda\u00e7\u00e3o Bahia, a Aiba com a Bahia Farm Show e a Abapa refor\u00e7a o trabalho conjunto dessas institui\u00e7\u00f5es em benef\u00edcio do produtor rural, n\u00e3o s\u00f3 na Bahia, mas em todo o Matopiba\u201d, ressaltou Mar\u00e7al.<\/p>\n\n\n\n<p><strong>Homenagem \u00e0s mulheres no agro<\/strong><\/p>\n\n\n\n<p>Com o tema \u201cA for\u00e7a da pesquisa e da lideran\u00e7a feminina no Agro\u201d, o evento tamb\u00e9m promoveu um painel especial em homenagem \u00e0s mulheres, destacando o protagonismo feminino no setor. Entre as convidadas estavam Alessandra Zanotto Costa, presidente da Abapa; Ivanir Pradella, produtora rural; e Carminha Missio, vice-presidente da Federa\u00e7\u00e3o da Agricultura e Pecu\u00e1ria do Estado da Bahia (Faeb).<\/p>\n\n\n\n<p>Mediando o bate-papo, a produtora e 1\u00aa vice-presidente da Funda\u00e7\u00e3o BA, Zirlene Pinheiro compartilhou sua trajet\u00f3ria de 40 anos no setor agr\u00edcola. \u201cFico muito feliz por participar desse momento. Como mulher e agr\u00f4noma, acredito que, independentemente do segmento, \u00e9 preciso abra\u00e7ar a causa com vontade, garra e dedica\u00e7\u00e3o. O agro foi a minha escolha, e tenho sucessoras que continuar\u00e3o essa jornada\u201d, afirmou.<\/p>\n\n\n\n<p>Al\u00e9m de compartilhar um estande institucional com a Abapa e o Sindicato dos Produtores Rurais de Lu\u00eds Eduardo Magalh\u00e3es, onde foram apresentados materiais sobre seus principais projetos e a\u00e7\u00f5es, a Aiba tamb\u00e9m realizou mais um \u2018adesiva\u00e7o\u2019 da Bahia Farm Show 2025. A feira, que acontecer\u00e1 de 9 a 14 de junho e que ter\u00e1 como tema \u201cAgro Inteligente, Futuro Sustent\u00e1vel\u201d.<\/p>\n\n\n\n<p><em>Assessoria de imprensa Aiba<\/em><\/p>\n","protected":false},"excerpt":{"rendered":"<p>No Dia Internacional da Mulher, celebrado em 8 de mar\u00e7o, a cidade de Lu\u00eds Eduardo Magalh\u00e3es foi palco da 27\u00aa edi\u00e7\u00e3o da Passarela da Soja, Milho e Culturas Alternativas, evento realizado no Campo Experimental da Funda\u00e7\u00e3o Bahia. A programa\u00e7\u00e3o reuniu produtores, especialistas e institui\u00e7\u00f5es do setor agr\u00edcola para um interc\u00e2mbio de conhecimento e inova\u00e7\u00e3o. A [&hellip;]<\/p>\n","protected":false},"author":1,"featured_media":2640,"comment_status":"open","ping_status":"closed","sticky":false,"template":"","format":"standard","meta":{"site-sidebar-layout":"default","site-content-layout":"","ast-site-content-layout":"default","site-content-style":"default","site-sidebar-style":"default","ast-global-header-display":"","ast-banner-title-visibility":"","ast-main-header-display":"","ast-hfb-above-header-display":"","ast-hfb-below-header-display":"","ast-hfb-mobile-header-display":"","site-post-title":"","ast-breadcrumbs-content":"","ast-featured-img":"","footer-sml-layout":"","theme-transparent-header-meta":"","adv-header-id-meta":"","stick-header-meta":"","header-above-stick-meta":"","header-main-stick-meta":"","header-below-stick-meta":"","astra-migrate-meta-layouts":"set","ast-page-background-enabled":"default","ast-page-background-meta":{"desktop":{"background-color":"var(--ast-global-color-4)","background-image":"","background-repeat":"repeat","background-position":"center center","background-size":"auto","background-attachment":"scroll","background-type":"","background-media":"","overlay-type":"","overlay-color":"","overlay-opacity":"","overlay-gradient":""},"tablet":{"background-color":"","background-image":"","background-repeat":"repeat","background-position":"center center","background-size":"auto","background-attachment":"scroll","background-type":"","background-media":"","overlay-type":"","overlay-color":"","overlay-opacity":"","overlay-gradient":""},"mobile":{"background-color":"","background-image":"","background-repeat":"repeat","background-position":"center center","background-size":"auto","background-attachment":"scroll","background-type":"","background-media":"","overlay-type":"","overlay-color":"","overlay-opacity":"","overlay-gradient":""}},"ast-content-background-meta":{"desktop":{"background-color":"var(--ast-global-color-5)","background-image":"","background-repeat":"repeat","background-position":"center center","background-size":"auto","background-attachment":"scroll","background-type":"","background-media":"","overlay-type":"","overlay-color":"","overlay-opacity":"","overlay-gradient":""},"tablet":{"background-color":"var(--ast-global-color-5)","background-image":"","background-repeat":"repeat","background-position":"center center","background-size":"auto","background-attachment":"scroll","background-type":"","background-media":"","overlay-type":"","overlay-color":"","overlay-opacity":"","overlay-gradient":""},"mobile":{"background-color":"var(--ast-global-color-5)","background-image":"","background-repeat":"repeat","background-position":"center center","background-size":"auto","background-attachment":"scroll","background-type":"","background-media":"","overlay-type":"","overlay-color":"","overlay-opacity":"","overlay-gradient":""}},"footnotes":""},"categories":[45],"tags":[122],"class_list":["post-2639","post","type-post","status-publish","format-standard","has-post-thumbnail","hentry","category-esportes","tag-manchetes"],"_links":{"self":[{"href":"https:\/\/maisoeste.com.br\/index.php?rest_route=\/wp\/v2\/posts\/2639","targetHints":{"allow":["GET"]}}],"collection":[{"href":"https:\/\/maisoeste.com.br\/index.php?rest_route=\/wp\/v2\/posts"}],"about":[{"href":"https:\/\/maisoeste.com.br\/index.php?rest_route=\/wp\/v2\/types\/post"}],"author":[{"embeddable":true,"href":"https:\/\/maisoeste.com.br\/index.php?rest_route=\/wp\/v2\/users\/1"}],"replies":[{"embeddable":true,"href":"https:\/\/maisoeste.com.br\/index.php?rest_route=%2Fwp%2Fv2%2Fcomments&post=2639"}],"version-history":[{"count":1,"href":"https:\/\/maisoeste.com.br\/index.php?rest_route=\/wp\/v2\/posts\/2639\/revisions"}],"predecessor-version":[{"id":2641,"href":"https:\/\/maisoeste.com.br\/index.php?rest_route=\/wp\/v2\/posts\/2639\/revisions\/2641"}],"wp:featuredmedia":[{"embeddable":true,"href":"https:\/\/maisoeste.com.br\/index.php?rest_route=\/wp\/v2\/media\/2640"}],"wp:attachment":[{"href":"https:\/\/maisoeste.com.br\/index.php?rest_route=%2Fwp%2Fv2%2Fmedia&parent=2639"}],"wp:term":[{"taxonomy":"category","embeddable":true,"href":"https:\/\/maisoeste.com.br\/index.php?rest_route=%2Fwp%2Fv2%2Fcategories&post=2639"},{"taxonomy":"post_tag","embeddable":true,"href":"https:\/\/maisoeste.com.br\/index.php?rest_route=%2Fwp%2Fv2%2Ftags&post=2639"}],"curies":[{"name":"wp","href":"https:\/\/api.w.org\/{rel}","templated":true}]}}