{"id":2642,"date":"2025-03-12T07:06:25","date_gmt":"2025-03-12T10:06:25","guid":{"rendered":"https:\/\/maisoeste.com.br\/?p=2642"},"modified":"2025-03-12T07:06:26","modified_gmt":"2025-03-12T10:06:26","slug":"prefeitura-de-barreiras-realiza-entrega-de-cadeiras-de-rodas-e-de-banho-no-centro-especializado-em-reabilitacao","status":"publish","type":"post","link":"https:\/\/maisoeste.com.br\/?p=2642","title":{"rendered":"Prefeitura de Barreiras realiza entrega de cadeiras de rodas e de banho no Centro Especializado em Reabilita\u00e7\u00e3o"},"content":{"rendered":"\n<p>A Prefeitura de Barreiras, por meio da Secretaria Municipal de Sa\u00fade, realizou a primeira entrega de cadeiras de rodas e de banho de 2025 para pacientes atendidos pelo Centro Especializado em Reabilita\u00e7\u00e3o (CER II). A a\u00e7\u00e3o contemplou moradores de 36 munic\u00edpios da macrorregi\u00e3o oeste, garantindo mais autonomia e qualidade de vida para pessoas com defici\u00eancia.<\/p>\n\n\n\n<p>Ao longo dos anos, diversas entregas desses equipamentos j\u00e1 foram realizadas. Desta vez, o lote distribu\u00eddo foi fabricado no Rio Grande do Sul e sofreu atraso devido \u00e0s enchentes que atingiram o estado no ano passado, comprometendo os insumos da f\u00e1brica respons\u00e1vel. Com a situa\u00e7\u00e3o normalizada, a diretora do CER II, Fernanda Delgado, destacou a import\u00e2ncia da retomada da entrega. \u201cAgradecemos ao prefeito Otoniel Teixeira pela celeridade na entrega desse lote, cujo processo teve in\u00edcio no ano passado, e, principalmente, nossa gratid\u00e3o \u00e0s fam\u00edlias e aos pacientes por compreenderem esse atraso, que hoje est\u00e1 regularizado\u201d, afirmou Fernanda.<\/p>\n\n\n\n<p>O prefeito Otoniel Teixeira destacou que a entrega representa a continuidade de um trabalho que vem sendo realizado h\u00e1 oito anos e refor\u00e7ou o compromisso da gest\u00e3o municipal com a inclus\u00e3o e a dignidade dos pacientes. \u201c\u00c9 uma manh\u00e3 de inclus\u00e3o para todos. Estamos garantindo que essas pessoas recebam os equipamentos que lhes proporcionar\u00e3o mais dignidade e autonomia. Queremos continuar inovando e melhorando esse servi\u00e7o, que j\u00e1 \u00e9 refer\u00eancia na Bahia no atendimento a pessoas com defici\u00eancia e no tratamento de autismo\u201d, afirmou o gestor.<\/p>\n\n\n\n<p>A entrega beneficiou pacientes de diversas cidades da regi\u00e3o, como Santa Maria da Vit\u00f3ria, Angical, S\u00e3o Desid\u00e9rio, Lu\u00eds Eduardo Magalh\u00e3es, Barra, Brotas de Maca\u00fabas, entre outras. Para Edic\u00e1cio Soares, de Barreiras, o equipamento garantir\u00e1 mais independ\u00eancia. \u201cMuitas vezes, a gente passava dois, tr\u00eas anos atr\u00e1s da cadeira e ela nunca chegava. Hoje posso afirmar que o processo \u00e9 muito mais r\u00e1pido e o material \u00e9 de boa qualidade. Esta j\u00e1 \u00e9 a terceira cadeira que recebo aqui no CER II\u201d, disse.<\/p>\n\n\n\n<p>A secret\u00e1ria municipal de Sa\u00fade, Larissa Barbosa, refor\u00e7ou a import\u00e2ncia do CER II como refer\u00eancia estadual e destacou que a unidade atende, em m\u00e9dia, 500 pacientes por semana. Segundo ela, os investimentos na unidade s\u00e3o constantes, especialmente para atender \u00e0 crescente demanda vinda de munic\u00edpios da regi\u00e3o.<\/p>\n\n\n\n<p>\u201c\u00c9 um desafio para as equipes, mas os resultados alcan\u00e7ados s\u00e3o fruto do comprometimento de todos e dos investimentos cont\u00ednuos da gest\u00e3o. Hoje, um dos nossos principais desafios \u00e9 a crescente demanda por atendimento a crian\u00e7as com autismo. Por isso, o prefeito j\u00e1 autorizou a abertura de um processo seletivo para contrata\u00e7\u00e3o de profissionais especializados na \u00e1rea, garantindo mais efici\u00eancia no atendimento e respostas mais \u00e1geis para os pacientes e suas fam\u00edlias\u201d, pontuou Larissa.<\/p>\n\n\n\n<p>A cerim\u00f4nia contou com a presen\u00e7a da secret\u00e1ria municipal de Assist\u00eancia Social e Trabalho, Ivanete Bastos,&nbsp;do secret\u00e1rio de Seguran\u00e7a Cidad\u00e3 e Tr\u00e2nsito, tenente-coronel F\u00e1bio Santana, da subsecret\u00e1ria de Sa\u00fade, \u00c9rica Lacerda,&nbsp;da subsecret\u00e1ria de Infraestrutura, Luzeni Santos, al\u00e9m dos vereadores Valdimiro Jos\u00e9, Tet\u00e9ia Chaves, Hip\u00f3lito dos Passos, Adriano Stein, e do secret\u00e1rio de Sa\u00fade de S\u00e3o Desid\u00e9rio, Adriano Jos\u00e9.<\/p>\n\n\n\n<p><strong>Dircom<\/strong><\/p>\n","protected":false},"excerpt":{"rendered":"<p>A Prefeitura de Barreiras, por meio da Secretaria Municipal de Sa\u00fade, realizou a primeira entrega de cadeiras de rodas e de banho de 2025 para pacientes atendidos pelo Centro Especializado em Reabilita\u00e7\u00e3o (CER II). A a\u00e7\u00e3o contemplou moradores de 36 munic\u00edpios da macrorregi\u00e3o oeste, garantindo mais autonomia e qualidade de vida para pessoas com defici\u00eancia. [&hellip;]<\/p>\n","protected":false},"author":1,"featured_media":2643,"comment_status":"open","ping_status":"closed","sticky":false,"template":"","format":"standard","meta":{"site-sidebar-layout":"default","site-content-layout":"","ast-site-content-layout":"default","site-content-style":"default","site-sidebar-style":"default","ast-global-header-display":"","ast-banner-title-visibility":"","ast-main-header-display":"","ast-hfb-above-header-display":"","ast-hfb-below-header-display":"","ast-hfb-mobile-header-display":"","site-post-title":"","ast-breadcrumbs-content":"","ast-featured-img":"","footer-sml-layout":"","theme-transparent-header-meta":"","adv-header-id-meta":"","stick-header-meta":"","header-above-stick-meta":"","header-main-stick-meta":"","header-below-stick-meta":"","astra-migrate-meta-layouts":"set","ast-page-background-enabled":"default","ast-page-background-meta":{"desktop":{"background-color":"var(--ast-global-color-4)","background-image":"","background-repeat":"repeat","background-position":"center center","background-size":"auto","background-attachment":"scroll","background-type":"","background-media":"","overlay-type":"","overlay-color":"","overlay-opacity":"","overlay-gradient":""},"tablet":{"background-color":"","background-image":"","background-repeat":"repeat","background-position":"center center","background-size":"auto","background-attachment":"scroll","background-type":"","background-media":"","overlay-type":"","overlay-color":"","overlay-opacity":"","overlay-gradient":""},"mobile":{"background-color":"","background-image":"","background-repeat":"repeat","background-position":"center center","background-size":"auto","background-attachment":"scroll","background-type":"","background-media":"","overlay-type":"","overlay-color":"","overlay-opacity":"","overlay-gradient":""}},"ast-content-background-meta":{"desktop":{"background-color":"var(--ast-global-color-5)","background-image":"","background-repeat":"repeat","background-position":"center center","background-size":"auto","background-attachment":"scroll","background-type":"","background-media":"","overlay-type":"","overlay-color":"","overlay-opacity":"","overlay-gradient":""},"tablet":{"background-color":"var(--ast-global-color-5)","background-image":"","background-repeat":"repeat","background-position":"center center","background-size":"auto","background-attachment":"scroll","background-type":"","background-media":"","overlay-type":"","overlay-color":"","overlay-opacity":"","overlay-gradient":""},"mobile":{"background-color":"var(--ast-global-color-5)","background-image":"","background-repeat":"repeat","background-position":"center center","background-size":"auto","background-attachment":"scroll","background-type":"","background-media":"","overlay-type":"","overlay-color":"","overlay-opacity":"","overlay-gradient":""}},"footnotes":""},"categories":[45],"tags":[122],"class_list":["post-2642","post","type-post","status-publish","format-standard","has-post-thumbnail","hentry","category-esportes","tag-manchetes"],"_links":{"self":[{"href":"https:\/\/maisoeste.com.br\/index.php?rest_route=\/wp\/v2\/posts\/2642","targetHints":{"allow":["GET"]}}],"collection":[{"href":"https:\/\/maisoeste.com.br\/index.php?rest_route=\/wp\/v2\/posts"}],"about":[{"href":"https:\/\/maisoeste.com.br\/index.php?rest_route=\/wp\/v2\/types\/post"}],"author":[{"embeddable":true,"href":"https:\/\/maisoeste.com.br\/index.php?rest_route=\/wp\/v2\/users\/1"}],"replies":[{"embeddable":true,"href":"https:\/\/maisoeste.com.br\/index.php?rest_route=%2Fwp%2Fv2%2Fcomments&post=2642"}],"version-history":[{"count":1,"href":"https:\/\/maisoeste.com.br\/index.php?rest_route=\/wp\/v2\/posts\/2642\/revisions"}],"predecessor-version":[{"id":2644,"href":"https:\/\/maisoeste.com.br\/index.php?rest_route=\/wp\/v2\/posts\/2642\/revisions\/2644"}],"wp:featuredmedia":[{"embeddable":true,"href":"https:\/\/maisoeste.com.br\/index.php?rest_route=\/wp\/v2\/media\/2643"}],"wp:attachment":[{"href":"https:\/\/maisoeste.com.br\/index.php?rest_route=%2Fwp%2Fv2%2Fmedia&parent=2642"}],"wp:term":[{"taxonomy":"category","embeddable":true,"href":"https:\/\/maisoeste.com.br\/index.php?rest_route=%2Fwp%2Fv2%2Fcategories&post=2642"},{"taxonomy":"post_tag","embeddable":true,"href":"https:\/\/maisoeste.com.br\/index.php?rest_route=%2Fwp%2Fv2%2Ftags&post=2642"}],"curies":[{"name":"wp","href":"https:\/\/api.w.org\/{rel}","templated":true}]}}